{"id":28621,"date":"2021-03-31T11:39:25","date_gmt":"2021-03-31T09:39:25","guid":{"rendered":"https:\/\/www.atletikaolomouc.cz\/?p=28621"},"modified":"2021-03-31T12:52:22","modified_gmt":"2021-03-31T10:52:22","slug":"croatia-open-2021","status":"publish","type":"post","link":"https:\/\/old.atletikaolomouc.cz\/?p=28621","title":{"rendered":"Croatia Open 2021"},"content":{"rendered":"<p>Posledn\u00ed b\u0159eznov\u00fd v\u00edkend pat\u0159il z\u00e1vod\u016fm Croatia Open 2021<!--more--><\/p>\n<p style=\"text-align: justify;\">Z\u00e1vod\u016f v chorvatsk\u00e9 Pule se z\u00fa\u010dastnil Michal Rotter a Eva Kacanu.&nbsp;Jako doprovod a tren\u00e9r s nimi jel Petr B\u00e1rta.<br \/>\nEva sout\u011b\u017eila ve vrhu koul\u00ed, kterou poslala do vzd\u00e1lenosti 4,86, a z\u00edskala st\u0159\u00edbrnou medaili!<br \/>\nV hodu diskem s v\u00fdsledkem 9,58 brala dal\u0161\u00ed bronzovou placku.<br \/>\nMichal bojoval v hodu o\u0161t\u011bpem, kter\u00fd dol\u00e9tl na metu vzd\u00e1lenou 19,62, s t\u00edmto v\u00fdsledkem skon\u010dil na \u010dtvrt\u00e9m m\u00edst\u011b.<br \/>\nDisk let\u011bl p\u0159es dvacet metr\u016f &#8211; 20,23, co\u017e Michalovi p\u0159ineslo sedmou p\u0159\u00ed\u010dku.<\/p>\n<p style=\"text-align: justify;\">Ob\u011bma na\u0161im sportovc\u016fm gratulujeme!<br \/>\nV\u00fdsledky z\u00e1vod\u016f naleznete <a href=\"https:\/\/www.hasosi.hr\/wp-content\/uploads\/2021\/03\/2021.03.28_CRO-Open2021_REZULTATI_rA.pdf\">zde.<\/a><\/p>\n<div id=\"attachment_28626\" style=\"width: 552px\" class=\"wp-caption alignnone\"><a href=\"https:\/\/www.atletikaolomouc.cz\/wp-content\/uploads\/2021\/03\/michal-Eva-Petr-2.jpg\"><img aria-describedby=\"caption-attachment-28626\" decoding=\"async\" loading=\"lazy\" class=\"wp-image-28626 size-full\" src=\"https:\/\/www.atletikaolomouc.cz\/wp-content\/uploads\/2021\/03\/michal-Eva-Petr-2.jpg\" alt=\"\" width=\"542\" height=\"549\" srcset=\"https:\/\/old.atletikaolomouc.cz\/wp-content\/uploads\/2021\/03\/michal-Eva-Petr-2.jpg 542w, https:\/\/old.atletikaolomouc.cz\/wp-content\/uploads\/2021\/03\/michal-Eva-Petr-2-296x300.jpg 296w\" sizes=\"(max-width: 542px) 100vw, 542px\" \/><\/a><p id=\"caption-attachment-28626\" class=\"wp-caption-text\">Eva, Petr, Michal<\/p><\/div>\n<p>Z \u010cesk\u00fdch z\u00e1vodn\u00edk\u016f n\u00e1\u0161 klub spolupracovat s t\u00fdmem PARA Athletics Ssk Ostrava.<\/p>\n<div id=\"attachment_28625\" style=\"width: 1507px\" class=\"wp-caption alignnone\"><a href=\"https:\/\/www.atletikaolomouc.cz\/wp-content\/uploads\/2021\/03\/\u010dr-repre-2.jpg\"><img aria-describedby=\"caption-attachment-28625\" decoding=\"async\" loading=\"lazy\" class=\"wp-image-28625 size-full\" src=\"https:\/\/www.atletikaolomouc.cz\/wp-content\/uploads\/2021\/03\/\u010dr-repre-2.jpg\" alt=\"\" width=\"1497\" height=\"920\" srcset=\"https:\/\/old.atletikaolomouc.cz\/wp-content\/uploads\/2021\/03\/\u010dr-repre-2.jpg 1497w, https:\/\/old.atletikaolomouc.cz\/wp-content\/uploads\/2021\/03\/\u010dr-repre-2-300x184.jpg 300w, https:\/\/old.atletikaolomouc.cz\/wp-content\/uploads\/2021\/03\/\u010dr-repre-2-768x472.jpg 768w, https:\/\/old.atletikaolomouc.cz\/wp-content\/uploads\/2021\/03\/\u010dr-repre-2-800x492.jpg 800w\" sizes=\"(max-width: 1497px) 100vw, 1497px\" \/><\/a><p id=\"caption-attachment-28625\" class=\"wp-caption-text\">AK ZP Olomouc, PARA Athletisc Ssk Ostrava<\/p><\/div>\n<p>&nbsp;<\/p>\n","protected":false},"excerpt":{"rendered":"<p>Posledn\u00ed b\u0159eznov\u00fd v\u00edkend pat\u0159il z\u00e1vod\u016fm Croatia Open 2021<\/p>\n","protected":false},"author":17,"featured_media":0,"comment_status":"closed","ping_status":"closed","sticky":false,"template":"","format":"standard","meta":{"ngg_post_thumbnail":0},"categories":[5,48],"tags":[],"_links":{"self":[{"href":"https:\/\/old.atletikaolomouc.cz\/index.php?rest_route=\/wp\/v2\/posts\/28621"}],"collection":[{"href":"https:\/\/old.atletikaolomouc.cz\/index.php?rest_route=\/wp\/v2\/posts"}],"about":[{"href":"https:\/\/old.atletikaolomouc.cz\/index.php?rest_route=\/wp\/v2\/types\/post"}],"author":[{"embeddable":true,"href":"https:\/\/old.atletikaolomouc.cz\/index.php?rest_route=\/wp\/v2\/users\/17"}],"replies":[{"embeddable":true,"href":"https:\/\/old.atletikaolomouc.cz\/index.php?rest_route=%2Fwp%2Fv2%2Fcomments&post=28621"}],"version-history":[{"count":3,"href":"https:\/\/old.atletikaolomouc.cz\/index.php?rest_route=\/wp\/v2\/posts\/28621\/revisions"}],"predecessor-version":[{"id":28653,"href":"https:\/\/old.atletikaolomouc.cz\/index.php?rest_route=\/wp\/v2\/posts\/28621\/revisions\/28653"}],"wp:attachment":[{"href":"https:\/\/old.atletikaolomouc.cz\/index.php?rest_route=%2Fwp%2Fv2%2Fmedia&parent=28621"}],"wp:term":[{"taxonomy":"category","embeddable":true,"href":"https:\/\/old.atletikaolomouc.cz\/index.php?rest_route=%2Fwp%2Fv2%2Fcategories&post=28621"},{"taxonomy":"post_tag","embeddable":true,"href":"https:\/\/old.atletikaolomouc.cz\/index.php?rest_route=%2Fwp%2Fv2%2Ftags&post=28621"}],"curies":[{"name":"wp","href":"https:\/\/api.w.org\/{rel}","templated":true}]}}