{"id":28630,"date":"2021-03-30T17:53:35","date_gmt":"2021-03-30T15:53:35","guid":{"rendered":"https:\/\/www.atletikaolomouc.cz\/?p=28630"},"modified":"2021-04-12T13:20:21","modified_gmt":"2021-04-12T11:20:21","slug":"55-rocnik-olomoucke-dvacitky-v-chuzi","status":"publish","type":"post","link":"https:\/\/old.atletikaolomouc.cz\/?p=28630","title":{"rendered":"55. ro\u010dn\u00edk Olomouck\u00e9 dvac\u00edtky v ch\u016fzi"},"content":{"rendered":"<p style=\"text-align: justify;\">Po&nbsp;lo\u0148sk\u00e9m roce, kdy&nbsp;musel b\u00fdt obl\u00edben\u00fd chodeck\u00fd m\u00edtink po\u0159\u00e1dan\u00fd v&nbsp;Olomouci ji\u017e p\u0159es p\u016fl stolet\u00ed z&nbsp;d\u016fvodu pandemie p\u0159esunut a\u017e&nbsp;na&nbsp;srpen, prob\u011bhne letos Olomouck\u00e1 dvac\u00edtka v&nbsp;ch\u016fzi za&nbsp;p\u0159\u00edsn\u00fdch hygienick\u00fdch opat\u0159en\u00ed ve&nbsp;sv\u00e9m tradi\u010dn\u00edm jarn\u00edm term\u00ednu a&nbsp;op\u011bt tak&nbsp;otev\u0159e chodeckou sez\u00f3nu.<\/p>\n<p><!--more--><\/p>\n<p style=\"text-align: justify;\">V sobotu 10. dubna zav\u00edt\u00e1 do olomouck\u00fdch Smetanov\u00fdch sad\u016f \u010desk\u00e1 i slovensk\u00e1 chodeck\u00e1 \u0161pi\u010dka a nebude zde chyb\u011bt ani zahrani\u010dn\u00ed konkurence. \u010ce\u0161t\u00ed z\u00e1vodn\u00edci zm\u011b\u0159\u00ed sv\u00e9 s\u00edly v r\u00e1mci mistrovstv\u00ed \u010cesk\u00e9 republiky v ch\u016fzi na 20 km, ale spole\u010dn\u011b se zahrani\u010dn\u00edmi chodci budou tak\u00e9 usilovat o spln\u011bn\u00ed limit\u016f na Olympijsk\u00e9 hry v Tokiu. M\u00edtink za\u010dne v 10:00 z\u00e1vody na 3 km a 5 km pro dorost a juniory. D\u00e1le prob\u011bhne z\u00e1vod v ch\u016fzi na 10 km a ve 13:00 bude odstartov\u00e1n hlavn\u00ed z\u00e1vod na 20 km.<\/p>\n<p style=\"text-align: justify;\">B\u011bhem p\u011btapades\u00e1tilet\u00e9 historie Olomouck\u00e9 dvac\u00edtky z\u00e1vodilo ve Smetanov\u00fdch sadech n\u011bkolik \u010deskoslovensk\u00fdch i sv\u011btov\u00fdch chodeck\u00fdch reprezentant\u016f v \u010dele s olympijsk\u00fdmi v\u00edt\u011bzi Jozefem Pribilincem a Mat\u011bjem T\u00f3them nebo evropskou medailistkou Ane\u017ekou Drahotovou.<\/p>\n<p><a href=\"https:\/\/online.atletika.cz\/Propozice\/propozice\/48184\" target=\"_blank\" rel=\"noopener\">Propozice z\u00e1vodu<\/a><\/p>\n<div class=\"adresa-popis-mista\">\n<h3 style=\"text-align: justify;\"><span style=\"font-size: 12pt;\">UPOZORN\u011aN\u00cd O UZAV\u00cdRCE SMETANOV\u00ddCH SAD\u016e 10. DUBNA!<\/span><\/h3>\n<p style=\"text-align: justify;\">Po\u0159adatel\u00e9 z Atletick\u00e9ho klub Olomouc by cht\u011bli upozornit obyvatele a n\u00e1v\u0161t\u011bvn\u00edky Olomouce, \u017ee po celou dobu kon\u00e1n\u00ed z\u00e1vod\u016f bude z d\u016fvodu p\u0159\u00edsn\u00fdch hygienick\u00fdch podm\u00ednek pro ve\u0159ejnost uzav\u0159ena hlavn\u00ed alej Smetanov\u00fdch sad\u016f a tak\u00e9 restaurace Font\u00e1na. Pr\u016fchod Smetanov\u00fdmi sady bude tud\u00ed\u017e t\u00e9m\u011b\u0159 po celou sobotu zna\u010dn\u011b omezen!<\/p>\n<p><a href=\"https:\/\/www.atletikaolomouc.cz\/wp-content\/uploads\/2021\/03\/plak\u00e1t-OD-n\u00e1hled.png\"><img decoding=\"async\" loading=\"lazy\" class=\"aligncenter size-large wp-image-28631\" src=\"https:\/\/www.atletikaolomouc.cz\/wp-content\/uploads\/2021\/03\/plak\u00e1t-OD-n\u00e1hled-424x600.png\" alt=\"\" width=\"424\" height=\"600\" srcset=\"https:\/\/old.atletikaolomouc.cz\/wp-content\/uploads\/2021\/03\/plak\u00e1t-OD-n\u00e1hled-424x600.png 424w, https:\/\/old.atletikaolomouc.cz\/wp-content\/uploads\/2021\/03\/plak\u00e1t-OD-n\u00e1hled-212x300.png 212w, https:\/\/old.atletikaolomouc.cz\/wp-content\/uploads\/2021\/03\/plak\u00e1t-OD-n\u00e1hled-768x1087.png 768w, https:\/\/old.atletikaolomouc.cz\/wp-content\/uploads\/2021\/03\/plak\u00e1t-OD-n\u00e1hled.png 1785w\" sizes=\"(max-width: 424px) 100vw, 424px\" \/><\/a><\/p>\n<\/div>\n","protected":false},"excerpt":{"rendered":"<p>Po&nbsp;lo\u0148sk\u00e9m roce, kdy&nbsp;musel b\u00fdt obl\u00edben\u00fd chodeck\u00fd m\u00edtink po\u0159\u00e1dan\u00fd v&nbsp;Olomouci ji\u017e p\u0159es p\u016fl stolet\u00ed z&nbsp;d\u016fvodu pandemie p\u0159esunut a\u017e&nbsp;na&nbsp;srpen, prob\u011bhne letos Olomouck\u00e1 dvac\u00edtka v&nbsp;ch\u016fzi za&nbsp;p\u0159\u00edsn\u00fdch hygienick\u00fdch opat\u0159en\u00ed ve&nbsp;sv\u00e9m tradi\u010dn\u00edm jarn\u00edm term\u00ednu a&nbsp;op\u011bt tak&nbsp;otev\u0159e chodeckou sez\u00f3nu.<\/p>\n","protected":false},"author":4,"featured_media":28633,"comment_status":"closed","ping_status":"closed","sticky":false,"template":"","format":"standard","meta":{"ngg_post_thumbnail":0},"categories":[5],"tags":[],"_links":{"self":[{"href":"https:\/\/old.atletikaolomouc.cz\/index.php?rest_route=\/wp\/v2\/posts\/28630"}],"collection":[{"href":"https:\/\/old.atletikaolomouc.cz\/index.php?rest_route=\/wp\/v2\/posts"}],"about":[{"href":"https:\/\/old.atletikaolomouc.cz\/index.php?rest_route=\/wp\/v2\/types\/post"}],"author":[{"embeddable":true,"href":"https:\/\/old.atletikaolomouc.cz\/index.php?rest_route=\/wp\/v2\/users\/4"}],"replies":[{"embeddable":true,"href":"https:\/\/old.atletikaolomouc.cz\/index.php?rest_route=%2Fwp%2Fv2%2Fcomments&post=28630"}],"version-history":[{"count":3,"href":"https:\/\/old.atletikaolomouc.cz\/index.php?rest_route=\/wp\/v2\/posts\/28630\/revisions"}],"predecessor-version":[{"id":28635,"href":"https:\/\/old.atletikaolomouc.cz\/index.php?rest_route=\/wp\/v2\/posts\/28630\/revisions\/28635"}],"wp:featuredmedia":[{"embeddable":true,"href":"https:\/\/old.atletikaolomouc.cz\/index.php?rest_route=\/wp\/v2\/media\/28633"}],"wp:attachment":[{"href":"https:\/\/old.atletikaolomouc.cz\/index.php?rest_route=%2Fwp%2Fv2%2Fmedia&parent=28630"}],"wp:term":[{"taxonomy":"category","embeddable":true,"href":"https:\/\/old.atletikaolomouc.cz\/index.php?rest_route=%2Fwp%2Fv2%2Fcategories&post=28630"},{"taxonomy":"post_tag","embeddable":true,"href":"https:\/\/old.atletikaolomouc.cz\/index.php?rest_route=%2Fwp%2Fv2%2Ftags&post=28630"}],"curies":[{"name":"wp","href":"https:\/\/api.w.org\/{rel}","templated":true}]}}