{"id":28636,"date":"2021-03-31T11:23:05","date_gmt":"2021-03-31T09:23:05","guid":{"rendered":"https:\/\/www.atletikaolomouc.cz\/?p=28636"},"modified":"2021-04-01T08:11:56","modified_gmt":"2021-04-01T06:11:56","slug":"olomoucti-reprezentanti-se-pripravovali-v-zahranici","status":"publish","type":"post","link":"https:\/\/old.atletikaolomouc.cz\/?p=28636","title":{"rendered":"Olomou\u010dt\u00ed reprezentanti se p\u0159ipravovali v zahrani\u010d\u00ed"},"content":{"rendered":"<p style=\"text-align: justify;\">N\u011bkolik aktu\u00e1ln\u011b nej\u00fasp\u011b\u0161n\u011bj\u0161\u00edch ml\u00e1de\u017enick\u00fdch atlet\u016f na\u0161eho klubu se p\u0159ipravovalo na letn\u00ed sez\u00f3nu 2021 v r\u00e1mci reprezenta\u010dn\u00edho soust\u0159ed\u011bn\u00ed SCM \u010cAS na Kan\u00e1rsk\u00fdch ostrovech.<!--more--><\/p>\n<p style=\"text-align: justify;\"><strong>\u0160est \u00fa\u0159aduj\u00edc\u00edch Mistr\u016f \u010cR z AK Olomouc<\/strong> dostalo pozv\u00e1nku a z\u00fa\u010dastnilo se b\u0159eznov\u00e9ho soust\u0159ed\u011bn\u00ed reprezentace \u010cR v ide\u00e1ln\u00edch podm\u00ednk\u00e1ch na ostrov\u011b Tenerife.<\/p>\n<p style=\"text-align: justify;\">Koula\u0159ka <strong>Martina Mazurov\u00e1<\/strong> se p\u0159ipravovala pod veden\u00edm tren\u00e9ra Lindovsk\u00e9ho spolu s v\u00edtkovickou vrha\u010dkou Katrin Brzyszkowskou.<a href=\"https:\/\/www.atletikaolomouc.cz\/wp-content\/uploads\/2021\/03\/IMG-20210325-WA0001.jpg\"><img decoding=\"async\" loading=\"lazy\" class=\"size-large wp-image-28641 aligncenter\" src=\"https:\/\/www.atletikaolomouc.cz\/wp-content\/uploads\/2021\/03\/IMG-20210325-WA0001-545x600.jpg\" alt=\"\" width=\"545\" height=\"600\" srcset=\"https:\/\/old.atletikaolomouc.cz\/wp-content\/uploads\/2021\/03\/IMG-20210325-WA0001-545x600.jpg 545w, https:\/\/old.atletikaolomouc.cz\/wp-content\/uploads\/2021\/03\/IMG-20210325-WA0001-273x300.jpg 273w, https:\/\/old.atletikaolomouc.cz\/wp-content\/uploads\/2021\/03\/IMG-20210325-WA0001-768x845.jpg 768w, https:\/\/old.atletikaolomouc.cz\/wp-content\/uploads\/2021\/03\/IMG-20210325-WA0001.jpg 1200w\" sizes=\"(max-width: 545px) 100vw, 545px\" \/><\/a>Sprintersk\u00e1 sekce <strong>Vojta Hor\u00e1k, Eva Kub\u00ed\u010dkov\u00e1 a Lucka Mi\u010dunkov\u00e1<\/strong> tr\u00e9novala spole\u010dn\u011b ve skupin\u011b nejlep\u0161\u00edch ml\u00e1de\u017enick\u00fdch sprinter\u016f pod veden\u00edm na\u0161eho tren\u00e9ra Roberta Novotn\u00e9ho.<a href=\"https:\/\/www.atletikaolomouc.cz\/wp-content\/uploads\/2021\/03\/IMG_0714.jpg\"><img decoding=\"async\" loading=\"lazy\" class=\"aligncenter size-large wp-image-28642\" src=\"https:\/\/www.atletikaolomouc.cz\/wp-content\/uploads\/2021\/03\/IMG_0714-699x600.jpg\" alt=\"\" width=\"660\" height=\"567\" srcset=\"https:\/\/old.atletikaolomouc.cz\/wp-content\/uploads\/2021\/03\/IMG_0714-699x600.jpg 699w, https:\/\/old.atletikaolomouc.cz\/wp-content\/uploads\/2021\/03\/IMG_0714-300x257.jpg 300w, https:\/\/old.atletikaolomouc.cz\/wp-content\/uploads\/2021\/03\/IMG_0714-768x659.jpg 768w\" sizes=\"(max-width: 660px) 100vw, 660px\" \/><\/a><\/p>\n<p><strong><a href=\"https:\/\/www.instagram.com\/tv\/CNF0RcKAhoX\/?utm_source=ig_web_copy_link\">Videosest\u0159ih z tr\u00e9nink\u016f sprintersk\u00e9 sekce.<\/a><\/strong><\/p>\n<p style=\"text-align: justify;\">V\u00edceboja\u0159 <strong>Jon\u00e1\u0161 Posp\u00ed\u0161il<\/strong> tr\u00e9noval v po\u010detn\u00e9 skupin\u011b talentovan\u00fdch ml\u00e1de\u017enick\u00fdch v\u00edceboja\u0159\u016f pod veden\u00edm VTS SCM Ji\u0159\u00edho Klinera.<\/p>\n<p style=\"text-align: justify;\">Skokansk\u00e1 sekce m\u011bla samostatn\u00e9 soust\u0159ed\u011bn\u00ed na severn\u00ed \u010d\u00e1sti ostrova a zde ty\u010dka\u0159 <strong>Ji\u0159\u00ed Novotn\u00fd<\/strong> tr\u00e9noval pod veden\u00edm V\u00edt\u011bzslava Peruna.<a href=\"https:\/\/www.atletikaolomouc.cz\/wp-content\/uploads\/2021\/03\/IMG_20210317_165952.jpg\"><img decoding=\"async\" loading=\"lazy\" class=\"aligncenter size-large wp-image-28646\" src=\"https:\/\/www.atletikaolomouc.cz\/wp-content\/uploads\/2021\/03\/IMG_20210317_165952-800x499.jpg\" alt=\"\" width=\"660\" height=\"412\" srcset=\"https:\/\/old.atletikaolomouc.cz\/wp-content\/uploads\/2021\/03\/IMG_20210317_165952-800x499.jpg 800w, https:\/\/old.atletikaolomouc.cz\/wp-content\/uploads\/2021\/03\/IMG_20210317_165952-300x187.jpg 300w, https:\/\/old.atletikaolomouc.cz\/wp-content\/uploads\/2021\/03\/IMG_20210317_165952-768x479.jpg 768w\" sizes=\"(max-width: 660px) 100vw, 660px\" \/><\/a><\/p>\n<p style=\"text-align: justify;\">Soust\u0159ed\u011bn\u00ed se obe\u0161lo bez v\u00e1\u017en\u011bj\u0161\u00edch zdravotn\u00edch komplikac\u00ed. V\u0161ichni na\u0161i atleti poctiv\u011b a tvrd\u011b tr\u00e9novali, vyu\u017e\u00edvali ve\u0161ker\u00e9 dostupn\u00e9 formy regenerace a byli v p\u00e9\u010di starostliv\u00fdch fyzioterapeut\u016f a mas\u00e9r\u016f.<\/p>\n<p style=\"text-align: justify;\">V\u011b\u0159\u00edme, \u017ee se odveden\u00e1 pr\u00e1ce poda\u0159\u00ed v\u0161em atlet\u016fm z\u00faro\u010dit v bl\u00ed\u017e\u00edc\u00ed se sez\u00f3n\u011b a poda\u0159\u00ed se jim splnit v\u00fdkonnostn\u00ed krit\u00e9ria pro \u00fa\u010dast na n\u011bkter\u00e9 z vrcholn\u00fdch atletick\u00fdch akc\u00edch roku 2021. Pokud to epidemiologick\u00e1 situace dovol\u00ed, m\u011blo by se jednat o Mistrovstv\u00ed Evropy U23 v Bergenu, Mistrovstv\u00ed Evropy U20 v Tallinu, Mistrovstv\u00ed Evropy U18 v Rieti a Mistrovstv\u00ed Sv\u011bta U20 v Nairobi.<\/p>\n<p style=\"text-align: justify;\"><strong>Pod\u011bkov\u00e1n\u00ed za uskute\u010dn\u011bn\u00ed soust\u0159ed\u011bn\u00ed a organizaci akce p\u0159\u00edmo na Tenerife pat\u0159\u00ed p\u0159edev\u0161\u00edm z\u00e1stupc\u016fm odd\u011blen\u00ed ml\u00e1de\u017ee \u010cAS a VT sekc\u00ed SCM \u010cAS.<\/strong><\/p>\n<p style=\"text-align: justify;\"><strong>D\u011bkujeme!<\/strong><\/p>\n","protected":false},"excerpt":{"rendered":"<p>N\u011bkolik aktu\u00e1ln\u011b nej\u00fasp\u011b\u0161n\u011bj\u0161\u00edch ml\u00e1de\u017enick\u00fdch atlet\u016f na\u0161eho klubu se p\u0159ipravovalo na letn\u00ed sez\u00f3nu 2021 v r\u00e1mci reprezenta\u010dn\u00edho soust\u0159ed\u011bn\u00ed SCM \u010cAS na Kan\u00e1rsk\u00fdch ostrovech.<\/p>\n","protected":false},"author":10,"featured_media":28644,"comment_status":"closed","ping_status":"closed","sticky":false,"template":"","format":"standard","meta":{"ngg_post_thumbnail":0},"categories":[5,6,37],"tags":[],"_links":{"self":[{"href":"https:\/\/old.atletikaolomouc.cz\/index.php?rest_route=\/wp\/v2\/posts\/28636"}],"collection":[{"href":"https:\/\/old.atletikaolomouc.cz\/index.php?rest_route=\/wp\/v2\/posts"}],"about":[{"href":"https:\/\/old.atletikaolomouc.cz\/index.php?rest_route=\/wp\/v2\/types\/post"}],"author":[{"embeddable":true,"href":"https:\/\/old.atletikaolomouc.cz\/index.php?rest_route=\/wp\/v2\/users\/10"}],"replies":[{"embeddable":true,"href":"https:\/\/old.atletikaolomouc.cz\/index.php?rest_route=%2Fwp%2Fv2%2Fcomments&post=28636"}],"version-history":[{"count":7,"href":"https:\/\/old.atletikaolomouc.cz\/index.php?rest_route=\/wp\/v2\/posts\/28636\/revisions"}],"predecessor-version":[{"id":32590,"href":"https:\/\/old.atletikaolomouc.cz\/index.php?rest_route=\/wp\/v2\/posts\/28636\/revisions\/32590"}],"wp:featuredmedia":[{"embeddable":true,"href":"https:\/\/old.atletikaolomouc.cz\/index.php?rest_route=\/wp\/v2\/media\/28644"}],"wp:attachment":[{"href":"https:\/\/old.atletikaolomouc.cz\/index.php?rest_route=%2Fwp%2Fv2%2Fmedia&parent=28636"}],"wp:term":[{"taxonomy":"category","embeddable":true,"href":"https:\/\/old.atletikaolomouc.cz\/index.php?rest_route=%2Fwp%2Fv2%2Fcategories&post=28636"},{"taxonomy":"post_tag","embeddable":true,"href":"https:\/\/old.atletikaolomouc.cz\/index.php?rest_route=%2Fwp%2Fv2%2Ftags&post=28636"}],"curies":[{"name":"wp","href":"https:\/\/api.w.org\/{rel}","templated":true}]}}