{"id":2959,"date":"2012-09-13T13:11:12","date_gmt":"2012-09-13T11:11:12","guid":{"rendered":"http:\/\/www.atletikaolomouc.cz\/?p=2959"},"modified":"2012-09-13T13:11:36","modified_gmt":"2012-09-13T11:11:36","slug":"druzstva-mladsiho-zactva-jsou-ve-finale","status":"publish","type":"post","link":"https:\/\/old.atletikaolomouc.cz\/?p=2959","title":{"rendered":"Dru\u017estva mlad\u0161\u00edho \u017eactva jsou ve fin\u00e1le"},"content":{"rendered":"<p style=\"text-align: justify;\">V pond\u011bl\u00ed 10.9.2012 se v Prost\u011bjov\u011b konalo 3. kolo z\u00e1kladn\u00e1 \u010d\u00e1sti sout\u011b\u017ee dru\u017estev. V n\u011bm mlad\u0161\u00ed \u017e\u00e1kyn\u011b a mlad\u0161\u00ed \u017e\u00e1ci Atletick\u00e9ho klubu Olomouc zv\u00edt\u011bzili. Po t\u0159ech kolech z\u00e1kladn\u00ed \u010d\u00e1sti se tak ob\u011b dru\u017estva um\u00edstila na 1. m\u00edst\u011b a suver\u00e9nn\u011b ovl\u00e1dla krajskou sout\u011b\u017e. Zajistila si tak postup do fin\u00e1le Moravy a Slezska, kter\u00e9 se bude konat 7. \u0159\u00edjna 2012 ve Zl\u00edn\u011b.<\/p>\n<p style=\"text-align: justify;\"><!--more--><\/p>\n<p style=\"text-align: justify;\">&#8211; <a href=\"http:\/\/www.atletikaolomouc.cz\/wp-content\/uploads\/2012\/09\/Zpravodaj_ml_zactva_c6_2012.pdf\" target=\"_blank\">Zpravodaj mlad\u0161\u00edho \u017eactva<\/a><br \/>&#8211; <a href=\"http:\/\/www.atletikaolomouc.cz\/wp-content\/uploads\/2012\/09\/tabulka_bodovani_mlkluci_2012.pdf\" target=\"_blank\">Bodov\u00e1n\u00ed jednotlivc\u016f &#8211; mlad\u0161\u00ed \u017e\u00e1ci<\/a><br \/>&#8211; <a href=\"http:\/\/www.atletikaolomouc.cz\/wp-content\/uploads\/2012\/09\/tabulka_bodovani_mlholky_2012.pdf\" target=\"_blank\">Bodov\u00e1n\u00ed jednotlivc\u016f &#8211; mlad\u0161\u00ed \u017e\u00e1kyn\u011b<\/a><br \/>&#8211; <a href=\"http:\/\/online.atletika.cz\/vysledky.aspx?idk=16225\" target=\"_blank\">kompletn\u00ed v\u00fdsledky 3. kola<\/a><\/p>\n","protected":false},"excerpt":{"rendered":"<p>V pond\u011bl\u00ed 10.9.2012 se v Prost\u011bjov\u011b konalo 3. kolo z\u00e1kladn\u00e1 \u010d\u00e1sti sout\u011b\u017ee dru\u017estev. V n\u011bm mlad\u0161\u00ed \u017e\u00e1kyn\u011b a mlad\u0161\u00ed \u017e\u00e1ci Atletick\u00e9ho klubu Olomouc zv\u00edt\u011bzili. Po t\u0159ech kolech z\u00e1kladn\u00ed \u010d\u00e1sti se tak ob\u011b dru\u017estva um\u00edstila na 1. m\u00edst\u011b a suver\u00e9nn\u011b ovl\u00e1dla &hellip; <a href=\"https:\/\/old.atletikaolomouc.cz\/?p=2959\">Continue reading <span class=\"meta-nav\">&rarr;<\/span><\/a><\/p>\n","protected":false},"author":4,"featured_media":2964,"comment_status":"closed","ping_status":"closed","sticky":false,"template":"","format":"standard","meta":{"ngg_post_thumbnail":0},"categories":[6,37,17,18],"tags":[],"_links":{"self":[{"href":"https:\/\/old.atletikaolomouc.cz\/index.php?rest_route=\/wp\/v2\/posts\/2959"}],"collection":[{"href":"https:\/\/old.atletikaolomouc.cz\/index.php?rest_route=\/wp\/v2\/posts"}],"about":[{"href":"https:\/\/old.atletikaolomouc.cz\/index.php?rest_route=\/wp\/v2\/types\/post"}],"author":[{"embeddable":true,"href":"https:\/\/old.atletikaolomouc.cz\/index.php?rest_route=\/wp\/v2\/users\/4"}],"replies":[{"embeddable":true,"href":"https:\/\/old.atletikaolomouc.cz\/index.php?rest_route=%2Fwp%2Fv2%2Fcomments&post=2959"}],"version-history":[{"count":3,"href":"https:\/\/old.atletikaolomouc.cz\/index.php?rest_route=\/wp\/v2\/posts\/2959\/revisions"}],"predecessor-version":[{"id":2966,"href":"https:\/\/old.atletikaolomouc.cz\/index.php?rest_route=\/wp\/v2\/posts\/2959\/revisions\/2966"}],"wp:featuredmedia":[{"embeddable":true,"href":"https:\/\/old.atletikaolomouc.cz\/index.php?rest_route=\/wp\/v2\/media\/2964"}],"wp:attachment":[{"href":"https:\/\/old.atletikaolomouc.cz\/index.php?rest_route=%2Fwp%2Fv2%2Fmedia&parent=2959"}],"wp:term":[{"taxonomy":"category","embeddable":true,"href":"https:\/\/old.atletikaolomouc.cz\/index.php?rest_route=%2Fwp%2Fv2%2Fcategories&post=2959"},{"taxonomy":"post_tag","embeddable":true,"href":"https:\/\/old.atletikaolomouc.cz\/index.php?rest_route=%2Fwp%2Fv2%2Ftags&post=2959"}],"curies":[{"name":"wp","href":"https:\/\/api.w.org\/{rel}","templated":true}]}}