{"id":29643,"date":"2021-04-12T13:16:10","date_gmt":"2021-04-12T11:16:10","guid":{"rendered":"https:\/\/www.atletikaolomouc.cz\/?p=29643"},"modified":"2021-04-19T09:26:35","modified_gmt":"2021-04-19T07:26:35","slug":"jubilejni-55-rocnik-olomoucke-dvacitky-ovladli-chodci-z-jizni-ameriky","status":"publish","type":"post","link":"https:\/\/old.atletikaolomouc.cz\/?p=29643","title":{"rendered":"Jubilejn\u00ed 55. ro\u010dn\u00edk Olomouck\u00e9 dvac\u00edtky ovl\u00e1dli chodci z Ji\u017en\u00ed Ameriky"},"content":{"rendered":"<p><strong>V sobotu 10.4. se v Olomouci za p\u0159\u00edsn\u00fdch hygienick\u00fdch podm\u00ednek konal 55. ro\u010dn\u00edk Olomouck\u00e9 dvac\u00edtky, jeho\u017e sou\u010d\u00e1st\u00ed bylo tak\u00e9 mistrovstv\u00ed \u010cesk\u00e9 republiky na 20 km. V olomouck\u00fdch Smetanov\u00fdch sadech se se\u0161la \u010desk\u00e1 chodeck\u00e1 \u0161pi\u010dka a tak\u00e9 velk\u00fd po\u010det zahrani\u010dn\u00edch chodc\u016f z Mexika, Peru, Venezuely, Kolumbie, Guatemaly, Ekv\u00e1doru, Irska, Velk\u00e9 Brit\u00e1nie, Ma\u010farska, Polska a Slovenska. Na prvn\u00edch m\u00edstech v hlavn\u00edm z\u00e1vod\u011b na 20&nbsp;km mu\u017e\u016f a \u017een skon\u010dili Kolumbijec Eider Arevalo a guatemalsk\u00e1 chodkyn\u011b Marya Per\u00e9z. N\u00e1rodn\u00ed \u0161ampion\u00e1t na 20 km ovl\u00e1dli V\u00edt Hlav\u00e1\u010d a Tereza \u010eurdiakov\u00e1.<\/strong><!--more--><\/p>\n<p>Tradi\u010dn\u00ed chodeck\u00fd z\u00e1vod konaj\u00edc\u00ed se v Olomouci u\u017e p\u0159es p\u016fl stolet\u00ed odstartoval v dopoledn\u00edch hodin\u00e1ch z\u00e1vod na 3&nbsp;km. Pro prvenstv\u00ed si v n\u011bm do\u0161el star\u0161\u00ed \u017e\u00e1k z Fr\u00fddku-M\u00edstku Vojt\u011bch Nov\u00e1k v nov\u00e9m osobn\u00edm rekordu 16:32 min. V&nbsp;kategorii d\u00edvek zv\u00edt\u011bzila v \u010dase 15:43 min. slovensk\u00e1 z\u00e1vodnice Petra Kus\u00e1.<\/p>\n<p>M\u00edtink d\u00e1le pokra\u010doval spole\u010dn\u00fdm startem z\u00e1vod\u016f na 5 km a 10 km. Na 5km trati do\u0161el do c\u00edle mezi mu\u017ei jako prvn\u00ed Mat\u011bj Pit\u00e1k z SK Vrchlab\u00ed SMOLA KONSTRUKCE v \u010dase 24:31 min. a vylep\u0161il si tak svoje osobn\u00ed maximum. Je\u0161t\u011b p\u0159ed n\u00edm pro\u0161la c\u00edlem na stejn\u00e9 distanci v \u010dase 23:13 min. irsk\u00e1 chodkyn\u011b Kate Veale. Stejn\u00fd sc\u00e9n\u00e1\u0159 se opakoval tak\u00e9 v z\u00e1vod\u011b na 10 km. P\u0159ed nejrychlej\u0161\u00edm mu\u017eem Slov\u00e1kem Jakubem B\u00e1tovsk\u00fdm (48:05 min.) do\u0161la do c\u00edle v \u010dase 44:40 min. Sandra Lorena Arenas reprezentuj\u00edc\u00ed Kolumbii.<\/p>\n<div id=\"attachment_29647\" style=\"width: 1609px\" class=\"wp-caption alignleft\"><a href=\"https:\/\/www.atletikaolomouc.cz\/wp-content\/uploads\/2021\/04\/PHOTO-2021-04-10-13-44-03-2.jpg\"><img aria-describedby=\"caption-attachment-29647\" decoding=\"async\" loading=\"lazy\" class=\"size-full wp-image-29647\" src=\"https:\/\/www.atletikaolomouc.cz\/wp-content\/uploads\/2021\/04\/PHOTO-2021-04-10-13-44-03-2.jpg\" alt=\"\" width=\"1599\" height=\"1200\" srcset=\"https:\/\/old.atletikaolomouc.cz\/wp-content\/uploads\/2021\/04\/PHOTO-2021-04-10-13-44-03-2.jpg 1599w, https:\/\/old.atletikaolomouc.cz\/wp-content\/uploads\/2021\/04\/PHOTO-2021-04-10-13-44-03-2-300x225.jpg 300w, https:\/\/old.atletikaolomouc.cz\/wp-content\/uploads\/2021\/04\/PHOTO-2021-04-10-13-44-03-2-768x576.jpg 768w, https:\/\/old.atletikaolomouc.cz\/wp-content\/uploads\/2021\/04\/PHOTO-2021-04-10-13-44-03-2-800x600.jpg 800w\" sizes=\"(max-width: 1599px) 100vw, 1599px\" \/><\/a><p id=\"caption-attachment-29647\" class=\"wp-caption-text\">Vyhl\u00e1\u0161en\u00ed z\u00e1vodu \u017een na 5 km.<\/p><\/div>\n<p>P\u0159ed hlavn\u00edm z\u00e1vodem na 20 km prob\u011bhlo ocen\u011bn\u00ed olomouck\u00fdch chodeck\u00fdch legend a zakladatel\u016f Olomouck\u00e9 dvac\u00edtky Aloise Laj\u010d\u00edka, V\u00e1clava Dostal\u00edka, Jaroslava Pol\u00e1ka a Jaroslav Br\u00e1bl\u00edka. Jak poznamenal u ocen\u011bn\u00ed st\u00e1le aktivn\u00ed veter\u00e1n V\u00e1clav Dostal\u00edk: &#8222;Dohromady tady te\u010f m\u00e1te se\u0159azeno skoro 340 let,&#8220; a je opravdu \u00factyhodn\u00e9, \u017ee se tito &#8222;otcov\u00e9&#8220; olomouck\u00e9 ch\u016fze st\u00e1le aktivn\u011b zapojuj\u00ed do organizace a pr\u016fb\u011bhu z\u00e1vodu.<\/p>\n<div id=\"attachment_29648\" style=\"width: 1609px\" class=\"wp-caption alignleft\"><a href=\"https:\/\/www.atletikaolomouc.cz\/wp-content\/uploads\/2021\/04\/PHOTO-2021-04-10-19-40-57-1.jpg\"><img aria-describedby=\"caption-attachment-29648\" decoding=\"async\" loading=\"lazy\" class=\"size-full wp-image-29648\" src=\"https:\/\/www.atletikaolomouc.cz\/wp-content\/uploads\/2021\/04\/PHOTO-2021-04-10-19-40-57-1.jpg\" alt=\"\" width=\"1599\" height=\"1200\" srcset=\"https:\/\/old.atletikaolomouc.cz\/wp-content\/uploads\/2021\/04\/PHOTO-2021-04-10-19-40-57-1.jpg 1599w, https:\/\/old.atletikaolomouc.cz\/wp-content\/uploads\/2021\/04\/PHOTO-2021-04-10-19-40-57-1-300x225.jpg 300w, https:\/\/old.atletikaolomouc.cz\/wp-content\/uploads\/2021\/04\/PHOTO-2021-04-10-19-40-57-1-768x576.jpg 768w, https:\/\/old.atletikaolomouc.cz\/wp-content\/uploads\/2021\/04\/PHOTO-2021-04-10-19-40-57-1-800x600.jpg 800w\" sizes=\"(max-width: 1599px) 100vw, 1599px\" \/><\/a><p id=\"caption-attachment-29648\" class=\"wp-caption-text\">Zakladatel\u00e9 Olomouck\u00e9 dvac\u00edtky (zleva Dostal\u00edk, Br\u00e1bl\u00edk, Pol\u00e1k, Laj\u010d\u00edk).<\/p><\/div>\n<p>Na start z\u00e1vodu na 20 km mu\u017e\u016f se postavilo celkem 28 z\u00e1vodn\u00edk\u016f, av\u0161ak pro diskvalifikace a odstoupen\u00ed ze z\u00e1vodu jich do fini\u0161e do\u0161lo jen 19. Jako prvn\u00ed protnul pomyslnou c\u00edlovou p\u00e1sku Kolumbijec Eider Arevalo, kter\u00fd se dr\u017eel na \u010dele z\u00e1vodu po celou dobu a byl mu v c\u00edli zaznamen\u00e1n \u010das 1:21:04 hod. O minutu a sedm sekund pozd\u011bji do\u0161el do c\u00edle v nov\u00e9m osobn\u00edm rekordu C\u00e9sar Augusto Rodr\u00edguez z Peru a mohl se tak radovat ze st\u0159\u00edbrn\u00e9 medaile. Na t\u0159et\u00ed p\u0159\u00ed\u010dku dos\u00e1hl mexick\u00fd z\u00e1vodn\u00edk Ricardo Ortiz za \u010das 1:23:12 hod.<\/p>\n<div id=\"attachment_29649\" style=\"width: 1426px\" class=\"wp-caption alignleft\"><a href=\"https:\/\/www.atletikaolomouc.cz\/wp-content\/uploads\/2021\/04\/PHOTO-2021-04-10-19-40-56-2_cut.jpg\"><img aria-describedby=\"caption-attachment-29649\" decoding=\"async\" loading=\"lazy\" class=\"size-full wp-image-29649\" src=\"https:\/\/www.atletikaolomouc.cz\/wp-content\/uploads\/2021\/04\/PHOTO-2021-04-10-19-40-56-2_cut.jpg\" alt=\"\" width=\"1416\" height=\"1065\" srcset=\"https:\/\/old.atletikaolomouc.cz\/wp-content\/uploads\/2021\/04\/PHOTO-2021-04-10-19-40-56-2_cut.jpg 1416w, https:\/\/old.atletikaolomouc.cz\/wp-content\/uploads\/2021\/04\/PHOTO-2021-04-10-19-40-56-2_cut-300x226.jpg 300w, https:\/\/old.atletikaolomouc.cz\/wp-content\/uploads\/2021\/04\/PHOTO-2021-04-10-19-40-56-2_cut-768x578.jpg 768w, https:\/\/old.atletikaolomouc.cz\/wp-content\/uploads\/2021\/04\/PHOTO-2021-04-10-19-40-56-2_cut-798x600.jpg 798w\" sizes=\"(max-width: 1416px) 100vw, 1416px\" \/><\/a><p id=\"caption-attachment-29649\" class=\"wp-caption-text\">Vyhl\u00e1\u0161en\u00ed hlavn\u00edho z\u00e1vodu mu\u017e\u016f na 20 km.<\/p><\/div>\n<p>Na stejn\u00e9 distanci v kategorii \u017een byl souboj o prvn\u00ed p\u0159\u00ed\u010dku o n\u011bco dramati\u010dt\u011bj\u0161\u00ed. Na \u010dele se b\u011bhem z\u00e1vodu vyst\u0159\u00eddali celkem t\u0159i z\u00e1vodnice.&nbsp;Mary Luz Andia z Peru se vydala na p\u0159edn\u00ed pozici hned ze startu z\u00e1vodu, av\u0161ak p\u0159ibli\u017en\u011b v polovin\u011b trati byla p\u0159edsti\u017eena Guatemalkami&nbsp;Maritzou Rafaelou Poncio a Mary\u00ed Per\u00e9z. Kr\u00e1tce na to byla ale nov\u011b vedouc\u00ed Poncio diskvalifikov\u00e1na a Marya Per\u00e9z u\u017e si \u010deln\u00ed pozici obh\u00e1jila a zv\u00edt\u011bzila v \u010dase 1:34:03&nbsp;hod. Druh\u00e1 pro\u0161la c\u00edlem v \u010dase 1:34:38 hod. Mary Luz Andia a bronz vybojovala dal\u0161\u00ed peru\u00e1nsk\u00e1 chodkyn\u011b Evelyn Inga.<\/p>\n<p>N\u00e1rodn\u00edmi mistry v ch\u016fzi na 20 km se staly Tereza \u010eurdiakov\u00e1 z USK Praha (1:38:00 hod.), pot\u00e9 co ze z\u00e1vodu odstoupila jej\u00ed nejv\u011bt\u0161\u00ed soupe\u0159ka Ane\u017eka Drahotov\u00e1, a mezi mu\u017ei si pro prvenstv\u00ed do\u0161el V\u00edt Hlav\u00e1\u010d z A.C. Tepo Kladno v \u010dase 1:29:12 hod. St\u0159\u00edbrn\u00e9 medaile pak vybojovali Luk\u00e1\u0161 Gdula z Hv\u011bzdy Pardubice a Eli\u0161ka Mart\u00ednkov\u00e1 z AC Turnov a na bronzov\u00fd stup\u00ednek vystoupili Adam Zaj\u00ed\u010dek z Poruby a turnovsk\u00e1 Jana Zikmundov\u00e1.<\/p>\n<p><span style=\"color: #ff9900;\"><a style=\"color: #ff9900;\" href=\"https:\/\/www.atletikaolomouc.cz\/wp-content\/uploads\/2021\/04\/55.-ro\u010dn\u00edk-Olomouck\u00e9-dvac\u00edtky_BRO\u017dURA.pdf\" target=\"_blank\" rel=\"noopener\"><strong><span style=\"color: #ff9900;\">BRO\u017dURA K 55. V\u00ddRO\u010c\u00cd OLOMOUCK\u00c9 DVAC\u00cdTKY ZDE<\/span><\/strong><\/a><\/span><\/p>\n<p><a href=\"https:\/\/online.atletika.cz\/vysledky\/48184\" target=\"_blank\" rel=\"noopener\">Kompletn\u00ed v\u00fdsledky zde<\/a><br \/>\n<a href=\"https:\/\/www.atletika.cz\/aktuality\/hlavac-a-durdiakova-ovladli-mistrovskou-20\/\" target=\"_blank\" rel=\"noopener\">Rozhovory s mistry republiky zde<\/a><br \/>\n<a href=\"https:\/\/www.atletikaolomouc.cz\/?p=29708\" target=\"_blank\" rel=\"noopener\">Fotogalerie zde<\/a><\/p>\n","protected":false},"excerpt":{"rendered":"<p>V sobotu 10.4. se v Olomouci za p\u0159\u00edsn\u00fdch hygienick\u00fdch podm\u00ednek konal 55. ro\u010dn\u00edk Olomouck\u00e9 dvac\u00edtky, jeho\u017e sou\u010d\u00e1st\u00ed bylo tak\u00e9 mistrovstv\u00ed \u010cesk\u00e9 republiky na 20 km. V olomouck\u00fdch Smetanov\u00fdch sadech se se\u0161la \u010desk\u00e1 chodeck\u00e1 \u0161pi\u010dka a tak\u00e9 velk\u00fd po\u010det zahrani\u010dn\u00edch chodc\u016f &hellip; <a href=\"https:\/\/old.atletikaolomouc.cz\/?p=29643\">Continue reading <span class=\"meta-nav\">&rarr;<\/span><\/a><\/p>\n","protected":false},"author":14,"featured_media":29651,"comment_status":"closed","ping_status":"closed","sticky":false,"template":"","format":"standard","meta":{"ngg_post_thumbnail":0},"categories":[5,6,37],"tags":[],"_links":{"self":[{"href":"https:\/\/old.atletikaolomouc.cz\/index.php?rest_route=\/wp\/v2\/posts\/29643"}],"collection":[{"href":"https:\/\/old.atletikaolomouc.cz\/index.php?rest_route=\/wp\/v2\/posts"}],"about":[{"href":"https:\/\/old.atletikaolomouc.cz\/index.php?rest_route=\/wp\/v2\/types\/post"}],"author":[{"embeddable":true,"href":"https:\/\/old.atletikaolomouc.cz\/index.php?rest_route=\/wp\/v2\/users\/14"}],"replies":[{"embeddable":true,"href":"https:\/\/old.atletikaolomouc.cz\/index.php?rest_route=%2Fwp%2Fv2%2Fcomments&post=29643"}],"version-history":[{"count":13,"href":"https:\/\/old.atletikaolomouc.cz\/index.php?rest_route=\/wp\/v2\/posts\/29643\/revisions"}],"predecessor-version":[{"id":29907,"href":"https:\/\/old.atletikaolomouc.cz\/index.php?rest_route=\/wp\/v2\/posts\/29643\/revisions\/29907"}],"wp:featuredmedia":[{"embeddable":true,"href":"https:\/\/old.atletikaolomouc.cz\/index.php?rest_route=\/wp\/v2\/media\/29651"}],"wp:attachment":[{"href":"https:\/\/old.atletikaolomouc.cz\/index.php?rest_route=%2Fwp%2Fv2%2Fmedia&parent=29643"}],"wp:term":[{"taxonomy":"category","embeddable":true,"href":"https:\/\/old.atletikaolomouc.cz\/index.php?rest_route=%2Fwp%2Fv2%2Fcategories&post=29643"},{"taxonomy":"post_tag","embeddable":true,"href":"https:\/\/old.atletikaolomouc.cz\/index.php?rest_route=%2Fwp%2Fv2%2Ftags&post=29643"}],"curies":[{"name":"wp","href":"https:\/\/api.w.org\/{rel}","templated":true}]}}