{"id":29663,"date":"2021-04-12T13:44:50","date_gmt":"2021-04-12T11:44:50","guid":{"rendered":"https:\/\/www.atletikaolomouc.cz\/?p=29663"},"modified":"2021-04-12T13:48:13","modified_gmt":"2021-04-12T11:48:13","slug":"brozura-k-55-vyroci-olomoucke-dvacitky","status":"publish","type":"post","link":"https:\/\/old.atletikaolomouc.cz\/?p=29663","title":{"rendered":"BRO\u017dURA K 55. V\u00ddRO\u010c\u00cd OLOMOUCK\u00c9 DVAC\u00cdTKY"},"content":{"rendered":"<p>U p\u0159\u00edle\u017eitosti po\u0159\u00e1d\u00e1n\u00ed 55. ro\u010dn\u00edku Olomouck\u00e9 dvac\u00edtky se Atletick\u00fd klub Olomouc, ve spolupr\u00e1ci se zakladateli m\u00edtinku, rozhodl, vydat stru\u010dnou bro\u017euru mapuj\u00edc\u00ed rozvoj sportovn\u00ed ch\u016fze na Olomoucku a p\u0159edev\u0161\u00edm tradici chodeck\u00e9ho m\u00edtinku, kter\u00fd se v Olomouci kon\u00e1 u\u017e p\u0159es p\u016fl stolet\u00ed.<!--more--><\/p>\n<h3><strong><span style=\"color: #ff0000;\"><a style=\"color: #ff0000;\" href=\"https:\/\/www.atletikaolomouc.cz\/wp-content\/uploads\/2021\/04\/55.-ro%C4%8Dn%C3%ADk-Olomouck%C3%A9-dvac%C3%ADtky_BRO%C5%BDURA.pdf\" target=\"_blank\" rel=\"noopener\">BRO\u017dURA K 55. V\u00ddRO\u010c\u00cd OLOMOUCK\u00c9 DVAC\u00cdTKY ZDE<\/a><\/span><\/strong><\/h3>\n<p>V bro\u017eu\u0159e m\u016f\u017eete nal\u00e9zt \u010dl\u00e1nky k nejd\u016fle\u017eit\u011bj\u0161\u00edm ro\u010dn\u00edk\u016fm, stejn\u011b tak jako zaj\u00edmav\u00e9 fotografie a koment\u00e1\u0159e dlouholet\u00fdch \u00fa\u010dastn\u00edk\u016f a chodeck\u00fdch nad\u0161enc\u016f.<\/p>\n","protected":false},"excerpt":{"rendered":"<p>U p\u0159\u00edle\u017eitosti po\u0159\u00e1d\u00e1n\u00ed 55. ro\u010dn\u00edku Olomouck\u00e9 dvac\u00edtky se Atletick\u00fd klub Olomouc, ve spolupr\u00e1ci se zakladateli m\u00edtinku, rozhodl, vydat stru\u010dnou bro\u017euru mapuj\u00edc\u00ed rozvoj sportovn\u00ed ch\u016fze na Olomoucku a p\u0159edev\u0161\u00edm tradici chodeck\u00e9ho m\u00edtinku, kter\u00fd se v Olomouci kon\u00e1 u\u017e p\u0159es p\u016fl stolet\u00ed.<\/p>\n","protected":false},"author":14,"featured_media":0,"comment_status":"closed","ping_status":"closed","sticky":false,"template":"","format":"standard","meta":{"ngg_post_thumbnail":0},"categories":[5,6],"tags":[],"_links":{"self":[{"href":"https:\/\/old.atletikaolomouc.cz\/index.php?rest_route=\/wp\/v2\/posts\/29663"}],"collection":[{"href":"https:\/\/old.atletikaolomouc.cz\/index.php?rest_route=\/wp\/v2\/posts"}],"about":[{"href":"https:\/\/old.atletikaolomouc.cz\/index.php?rest_route=\/wp\/v2\/types\/post"}],"author":[{"embeddable":true,"href":"https:\/\/old.atletikaolomouc.cz\/index.php?rest_route=\/wp\/v2\/users\/14"}],"replies":[{"embeddable":true,"href":"https:\/\/old.atletikaolomouc.cz\/index.php?rest_route=%2Fwp%2Fv2%2Fcomments&post=29663"}],"version-history":[{"count":5,"href":"https:\/\/old.atletikaolomouc.cz\/index.php?rest_route=\/wp\/v2\/posts\/29663\/revisions"}],"predecessor-version":[{"id":29668,"href":"https:\/\/old.atletikaolomouc.cz\/index.php?rest_route=\/wp\/v2\/posts\/29663\/revisions\/29668"}],"wp:attachment":[{"href":"https:\/\/old.atletikaolomouc.cz\/index.php?rest_route=%2Fwp%2Fv2%2Fmedia&parent=29663"}],"wp:term":[{"taxonomy":"category","embeddable":true,"href":"https:\/\/old.atletikaolomouc.cz\/index.php?rest_route=%2Fwp%2Fv2%2Fcategories&post=29663"},{"taxonomy":"post_tag","embeddable":true,"href":"https:\/\/old.atletikaolomouc.cz\/index.php?rest_route=%2Fwp%2Fv2%2Ftags&post=29663"}],"curies":[{"name":"wp","href":"https:\/\/api.w.org\/{rel}","templated":true}]}}