{"id":29708,"date":"2021-04-14T09:24:30","date_gmt":"2021-04-14T07:24:30","guid":{"rendered":"https:\/\/www.atletikaolomouc.cz\/?p=29708"},"modified":"2021-06-06T22:43:08","modified_gmt":"2021-06-06T20:43:08","slug":"55-rocnik-olomoucke-dvacitky-foto","status":"publish","type":"post","link":"https:\/\/old.atletikaolomouc.cz\/?p=29708","title":{"rendered":"55. ro\u010dn\u00edk Olomouck\u00e9 dvac\u00edtky &#8211; foto"},"content":{"rendered":"<p><a href=\"https:\/\/www.atletikaolomouc.cz\/wp-content\/uploads\/2021\/04\/ikona.jpg\"><img decoding=\"async\" loading=\"lazy\" class=\"alignleft wp-image-29709 size-thumbnail\" src=\"https:\/\/www.atletikaolomouc.cz\/wp-content\/uploads\/2021\/04\/ikona-150x150.jpg\" alt=\"\" width=\"150\" height=\"150\" srcset=\"https:\/\/old.atletikaolomouc.cz\/wp-content\/uploads\/2021\/04\/ikona-150x150.jpg 150w, https:\/\/old.atletikaolomouc.cz\/wp-content\/uploads\/2021\/04\/ikona-300x300.jpg 300w, https:\/\/old.atletikaolomouc.cz\/wp-content\/uploads\/2021\/04\/ikona.jpg 523w\" sizes=\"(max-width: 150px) 100vw, 150px\" \/><\/a>V sobotu 10.4. se v Olomouci za p\u0159\u00edsn\u00fdch hygienick\u00fdch podm\u00ednek konal 55. ro\u010dn\u00edk Olomouck\u00e9 dvac\u00edtky, jeho\u017e sou\u010d\u00e1st\u00ed bylo tak\u00e9 mistrovstv\u00ed \u010cesk\u00e9 republiky na 20 km.<!--more--> V olomouck\u00fdch Smetanov\u00fdch sadech se se\u0161la \u010desk\u00e1 chodeck\u00e1 \u0161pi\u010dka a tak\u00e9 velk\u00fd po\u010det zahrani\u010dn\u00edch chodc\u016f z Mexika, Peru, Venezuely, Kolumbie, Guatemaly, Ekv\u00e1doru, Irska, Velk\u00e9 Brit\u00e1nie, Ma\u010farska, Polska a Slovenska. Na prvn\u00edch m\u00edstech v hlavn\u00edm z\u00e1vod\u011b na 20&nbsp;km mu\u017e\u016f a \u017een skon\u010dili Kolumbijec Eider Arevalo a guatemalsk\u00e1 chodkyn\u011b Marya Per\u00e9z. N\u00e1rodn\u00ed \u0161ampion\u00e1t na 20 km ovl\u00e1dli V\u00edt Hlav\u00e1\u010d a Tereza \u010eurdiakov\u00e1.<\/p>\n<!-- default-view.php -->\n<div\n\tclass=\"ngg-galleryoverview default-view \"\n\tid=\"ngg-gallery-ccd05c82daec76c66a15a07b000de1c3-1\">\n\n\t\t<!-- Thumbnails -->\n\t\t\t\t<div id=\"ngg-image-0\" class=\"ngg-gallery-thumbnail-box \" >\n\t\t\t\t        <div class=\"ngg-gallery-thumbnail\">\n            <a href=\"https:\/\/old.atletikaolomouc.cz\/wp-content\/gallery\/55-rocnik-olomoucke-dvacitky\/DSC_80111.jpg\"\n               title=\"\"\n               data-src=\"https:\/\/old.atletikaolomouc.cz\/wp-content\/gallery\/55-rocnik-olomoucke-dvacitky\/DSC_80111.jpg\"\n               data-thumbnail=\"https:\/\/old.atletikaolomouc.cz\/wp-content\/gallery\/55-rocnik-olomoucke-dvacitky\/thumbs\/thumbs_DSC_80111.jpg\"\n               data-image-id=\"14500\"\n               data-title=\"DSC_80111\"\n               data-description=\"\"\n               data-image-slug=\"dsc_80111\"\n               class=\"ngg-simplelightbox\" rel=\"ccd05c82daec76c66a15a07b000de1c3\">\n                <img\n                    title=\"DSC_80111\"\n                    alt=\"DSC_80111\"\n                    src=\"https:\/\/old.atletikaolomouc.cz\/wp-content\/gallery\/55-rocnik-olomoucke-dvacitky\/thumbs\/thumbs_DSC_80111.jpg\"\n                    width=\"240\"\n                    height=\"160\"\n                    style=\"max-width:100%;\"\n                \/>\n            <\/a>\n        <\/div>\n\t\t\t\t\t\t\t<\/div> \n\t\t\t\n\t\t\t\t<div id=\"ngg-image-1\" class=\"ngg-gallery-thumbnail-box \" >\n\t\t\t\t        <div class=\"ngg-gallery-thumbnail\">\n            <a href=\"https:\/\/old.atletikaolomouc.cz\/wp-content\/gallery\/55-rocnik-olomoucke-dvacitky\/DSC_80121.jpg\"\n               title=\"\"\n               data-src=\"https:\/\/old.atletikaolomouc.cz\/wp-content\/gallery\/55-rocnik-olomoucke-dvacitky\/DSC_80121.jpg\"\n               data-thumbnail=\"https:\/\/old.atletikaolomouc.cz\/wp-content\/gallery\/55-rocnik-olomoucke-dvacitky\/thumbs\/thumbs_DSC_80121.jpg\"\n               data-image-id=\"14501\"\n               data-title=\"DSC_80121\"\n               data-description=\"\"\n               data-image-slug=\"dsc_80121\"\n               class=\"ngg-simplelightbox\" rel=\"ccd05c82daec76c66a15a07b000de1c3\">\n                <img\n                    title=\"DSC_80121\"\n                    alt=\"DSC_80121\"\n                    src=\"https:\/\/old.atletikaolomouc.cz\/wp-content\/gallery\/55-rocnik-olomoucke-dvacitky\/thumbs\/thumbs_DSC_80121.jpg\"\n                    width=\"240\"\n                    height=\"160\"\n                    style=\"max-width:100%;\"\n                \/>\n            <\/a>\n        <\/div>\n\t\t\t\t\t\t\t<\/div> \n\t\t\t\n\t\t\t\t<div id=\"ngg-image-2\" class=\"ngg-gallery-thumbnail-box \" >\n\t\t\t\t        <div class=\"ngg-gallery-thumbnail\">\n            <a href=\"https:\/\/old.atletikaolomouc.cz\/wp-content\/gallery\/55-rocnik-olomoucke-dvacitky\/DSC_80131.jpg\"\n               title=\"\"\n               data-src=\"https:\/\/old.atletikaolomouc.cz\/wp-content\/gallery\/55-rocnik-olomoucke-dvacitky\/DSC_80131.jpg\"\n               data-thumbnail=\"https:\/\/old.atletikaolomouc.cz\/wp-content\/gallery\/55-rocnik-olomoucke-dvacitky\/thumbs\/thumbs_DSC_80131.jpg\"\n               data-image-id=\"14502\"\n               data-title=\"DSC_80131\"\n               data-description=\"\"\n               data-image-slug=\"dsc_80131\"\n               class=\"ngg-simplelightbox\" rel=\"ccd05c82daec76c66a15a07b000de1c3\">\n                <img\n                    title=\"DSC_80131\"\n                    alt=\"DSC_80131\"\n                    src=\"https:\/\/old.atletikaolomouc.cz\/wp-content\/gallery\/55-rocnik-olomoucke-dvacitky\/thumbs\/thumbs_DSC_80131.jpg\"\n                    width=\"240\"\n                    height=\"160\"\n                    style=\"max-width:100%;\"\n                \/>\n            <\/a>\n        <\/div>\n\t\t\t\t\t\t\t<\/div> \n\t\t\t\n\t\t\t\t<div id=\"ngg-image-3\" class=\"ngg-gallery-thumbnail-box \" >\n\t\t\t\t        <div class=\"ngg-gallery-thumbnail\">\n            <a href=\"https:\/\/old.atletikaolomouc.cz\/wp-content\/gallery\/55-rocnik-olomoucke-dvacitky\/DSC_80141.jpg\"\n               title=\"\"\n               data-src=\"https:\/\/old.atletikaolomouc.cz\/wp-content\/gallery\/55-rocnik-olomoucke-dvacitky\/DSC_80141.jpg\"\n               data-thumbnail=\"https:\/\/old.atletikaolomouc.cz\/wp-content\/gallery\/55-rocnik-olomoucke-dvacitky\/thumbs\/thumbs_DSC_80141.jpg\"\n               data-image-id=\"14503\"\n               data-title=\"DSC_80141\"\n               data-description=\"\"\n               data-image-slug=\"dsc_80141\"\n               class=\"ngg-simplelightbox\" rel=\"ccd05c82daec76c66a15a07b000de1c3\">\n                <img\n                    title=\"DSC_80141\"\n                    alt=\"DSC_80141\"\n                    src=\"https:\/\/old.atletikaolomouc.cz\/wp-content\/gallery\/55-rocnik-olomoucke-dvacitky\/thumbs\/thumbs_DSC_80141.jpg\"\n                    width=\"240\"\n                    height=\"160\"\n                    style=\"max-width:100%;\"\n                \/>\n            <\/a>\n        <\/div>\n\t\t\t\t\t\t\t<\/div> \n\t\t\t\n\t\t\t\t<div id=\"ngg-image-4\" class=\"ngg-gallery-thumbnail-box \" >\n\t\t\t\t        <div class=\"ngg-gallery-thumbnail\">\n            <a href=\"https:\/\/old.atletikaolomouc.cz\/wp-content\/gallery\/55-rocnik-olomoucke-dvacitky\/DSC_80151.jpg\"\n               title=\"\"\n               data-src=\"https:\/\/old.atletikaolomouc.cz\/wp-content\/gallery\/55-rocnik-olomoucke-dvacitky\/DSC_80151.jpg\"\n               data-thumbnail=\"https:\/\/old.atletikaolomouc.cz\/wp-content\/gallery\/55-rocnik-olomoucke-dvacitky\/thumbs\/thumbs_DSC_80151.jpg\"\n               data-image-id=\"14504\"\n               data-title=\"DSC_80151\"\n               data-description=\"\"\n               data-image-slug=\"dsc_80151\"\n               class=\"ngg-simplelightbox\" rel=\"ccd05c82daec76c66a15a07b000de1c3\">\n                <img\n                    title=\"DSC_80151\"\n                    alt=\"DSC_80151\"\n                    src=\"https:\/\/old.atletikaolomouc.cz\/wp-content\/gallery\/55-rocnik-olomoucke-dvacitky\/thumbs\/thumbs_DSC_80151.jpg\"\n                    width=\"240\"\n                    height=\"160\"\n                    style=\"max-width:100%;\"\n                \/>\n            <\/a>\n        <\/div>\n\t\t\t\t\t\t\t<\/div> \n\t\t\t\n\t\t\t\t<div id=\"ngg-image-5\" class=\"ngg-gallery-thumbnail-box \" >\n\t\t\t\t        <div class=\"ngg-gallery-thumbnail\">\n            <a href=\"https:\/\/old.atletikaolomouc.cz\/wp-content\/gallery\/55-rocnik-olomoucke-dvacitky\/DSC_80161.jpg\"\n               title=\"\"\n               data-src=\"https:\/\/old.atletikaolomouc.cz\/wp-content\/gallery\/55-rocnik-olomoucke-dvacitky\/DSC_80161.jpg\"\n               data-thumbnail=\"https:\/\/old.atletikaolomouc.cz\/wp-content\/gallery\/55-rocnik-olomoucke-dvacitky\/thumbs\/thumbs_DSC_80161.jpg\"\n               data-image-id=\"14505\"\n               data-title=\"DSC_80161\"\n               data-description=\"\"\n               data-image-slug=\"dsc_80161\"\n               class=\"ngg-simplelightbox\" rel=\"ccd05c82daec76c66a15a07b000de1c3\">\n                <img\n                    title=\"DSC_80161\"\n                    alt=\"DSC_80161\"\n                    src=\"https:\/\/old.atletikaolomouc.cz\/wp-content\/gallery\/55-rocnik-olomoucke-dvacitky\/thumbs\/thumbs_DSC_80161.jpg\"\n                    width=\"240\"\n                    height=\"160\"\n                    style=\"max-width:100%;\"\n                \/>\n            <\/a>\n        <\/div>\n\t\t\t\t\t\t\t<\/div> \n\t\t\t\n\t\t\t\t<div id=\"ngg-image-6\" class=\"ngg-gallery-thumbnail-box \" >\n\t\t\t\t        <div class=\"ngg-gallery-thumbnail\">\n            <a href=\"https:\/\/old.atletikaolomouc.cz\/wp-content\/gallery\/55-rocnik-olomoucke-dvacitky\/DSC_80171.jpg\"\n               title=\"\"\n               data-src=\"https:\/\/old.atletikaolomouc.cz\/wp-content\/gallery\/55-rocnik-olomoucke-dvacitky\/DSC_80171.jpg\"\n               data-thumbnail=\"https:\/\/old.atletikaolomouc.cz\/wp-content\/gallery\/55-rocnik-olomoucke-dvacitky\/thumbs\/thumbs_DSC_80171.jpg\"\n               data-image-id=\"14506\"\n               data-title=\"DSC_80171\"\n               data-description=\"\"\n               data-image-slug=\"dsc_80171\"\n               class=\"ngg-simplelightbox\" rel=\"ccd05c82daec76c66a15a07b000de1c3\">\n                <img\n                    title=\"DSC_80171\"\n                    alt=\"DSC_80171\"\n                    src=\"https:\/\/old.atletikaolomouc.cz\/wp-content\/gallery\/55-rocnik-olomoucke-dvacitky\/thumbs\/thumbs_DSC_80171.jpg\"\n                    width=\"240\"\n                    height=\"160\"\n                    style=\"max-width:100%;\"\n                \/>\n            <\/a>\n        <\/div>\n\t\t\t\t\t\t\t<\/div> \n\t\t\t\n\t\t\t\t<div id=\"ngg-image-7\" class=\"ngg-gallery-thumbnail-box \" >\n\t\t\t\t        <div class=\"ngg-gallery-thumbnail\">\n            <a href=\"https:\/\/old.atletikaolomouc.cz\/wp-content\/gallery\/55-rocnik-olomoucke-dvacitky\/DSC_80181.jpg\"\n               title=\"\"\n               data-src=\"https:\/\/old.atletikaolomouc.cz\/wp-content\/gallery\/55-rocnik-olomoucke-dvacitky\/DSC_80181.jpg\"\n               data-thumbnail=\"https:\/\/old.atletikaolomouc.cz\/wp-content\/gallery\/55-rocnik-olomoucke-dvacitky\/thumbs\/thumbs_DSC_80181.jpg\"\n               data-image-id=\"14507\"\n               data-title=\"DSC_80181\"\n               data-description=\"\"\n               data-image-slug=\"dsc_80181\"\n               class=\"ngg-simplelightbox\" rel=\"ccd05c82daec76c66a15a07b000de1c3\">\n                <img\n                    title=\"DSC_80181\"\n                    alt=\"DSC_80181\"\n                    src=\"https:\/\/old.atletikaolomouc.cz\/wp-content\/gallery\/55-rocnik-olomoucke-dvacitky\/thumbs\/thumbs_DSC_80181.jpg\"\n                    width=\"240\"\n                    height=\"160\"\n                    style=\"max-width:100%;\"\n                \/>\n            <\/a>\n        <\/div>\n\t\t\t\t\t\t\t<\/div> \n\t\t\t\n\t\t\t\t<div id=\"ngg-image-8\" class=\"ngg-gallery-thumbnail-box \" >\n\t\t\t\t        <div class=\"ngg-gallery-thumbnail\">\n            <a href=\"https:\/\/old.atletikaolomouc.cz\/wp-content\/gallery\/55-rocnik-olomoucke-dvacitky\/DSC_80211.jpg\"\n               title=\"\"\n               data-src=\"https:\/\/old.atletikaolomouc.cz\/wp-content\/gallery\/55-rocnik-olomoucke-dvacitky\/DSC_80211.jpg\"\n               data-thumbnail=\"https:\/\/old.atletikaolomouc.cz\/wp-content\/gallery\/55-rocnik-olomoucke-dvacitky\/thumbs\/thumbs_DSC_80211.jpg\"\n               data-image-id=\"14508\"\n               data-title=\"DSC_80211\"\n               data-description=\"\"\n               data-image-slug=\"dsc_80211\"\n               class=\"ngg-simplelightbox\" rel=\"ccd05c82daec76c66a15a07b000de1c3\">\n                <img\n                    title=\"DSC_80211\"\n                    alt=\"DSC_80211\"\n                    src=\"https:\/\/old.atletikaolomouc.cz\/wp-content\/gallery\/55-rocnik-olomoucke-dvacitky\/thumbs\/thumbs_DSC_80211.jpg\"\n                    width=\"240\"\n                    height=\"160\"\n                    style=\"max-width:100%;\"\n                \/>\n            <\/a>\n        <\/div>\n\t\t\t\t\t\t\t<\/div> \n\t\t\t\n\t\t\t\t<div id=\"ngg-image-9\" class=\"ngg-gallery-thumbnail-box \" >\n\t\t\t\t        <div class=\"ngg-gallery-thumbnail\">\n            <a href=\"https:\/\/old.atletikaolomouc.cz\/wp-content\/gallery\/55-rocnik-olomoucke-dvacitky\/DSC_80221.jpg\"\n               title=\"\"\n               data-src=\"https:\/\/old.atletikaolomouc.cz\/wp-content\/gallery\/55-rocnik-olomoucke-dvacitky\/DSC_80221.jpg\"\n               data-thumbnail=\"https:\/\/old.atletikaolomouc.cz\/wp-content\/gallery\/55-rocnik-olomoucke-dvacitky\/thumbs\/thumbs_DSC_80221.jpg\"\n               data-image-id=\"14509\"\n               data-title=\"DSC_80221\"\n               data-description=\"\"\n               data-image-slug=\"dsc_80221\"\n               class=\"ngg-simplelightbox\" rel=\"ccd05c82daec76c66a15a07b000de1c3\">\n                <img\n                    title=\"DSC_80221\"\n                    alt=\"DSC_80221\"\n                    src=\"https:\/\/old.atletikaolomouc.cz\/wp-content\/gallery\/55-rocnik-olomoucke-dvacitky\/thumbs\/thumbs_DSC_80221.jpg\"\n                    width=\"240\"\n                    height=\"160\"\n                    style=\"max-width:100%;\"\n                \/>\n            <\/a>\n        <\/div>\n\t\t\t\t\t\t\t<\/div> \n\t\t\t\n\t\t\t\t<div id=\"ngg-image-10\" class=\"ngg-gallery-thumbnail-box \" >\n\t\t\t\t        <div class=\"ngg-gallery-thumbnail\">\n            <a href=\"https:\/\/old.atletikaolomouc.cz\/wp-content\/gallery\/55-rocnik-olomoucke-dvacitky\/DSC_80231.jpg\"\n               title=\"\"\n               data-src=\"https:\/\/old.atletikaolomouc.cz\/wp-content\/gallery\/55-rocnik-olomoucke-dvacitky\/DSC_80231.jpg\"\n               data-thumbnail=\"https:\/\/old.atletikaolomouc.cz\/wp-content\/gallery\/55-rocnik-olomoucke-dvacitky\/thumbs\/thumbs_DSC_80231.jpg\"\n               data-image-id=\"14510\"\n               data-title=\"DSC_80231\"\n               data-description=\"\"\n               data-image-slug=\"dsc_80231\"\n               class=\"ngg-simplelightbox\" rel=\"ccd05c82daec76c66a15a07b000de1c3\">\n                <img\n                    title=\"DSC_80231\"\n                    alt=\"DSC_80231\"\n                    src=\"https:\/\/old.atletikaolomouc.cz\/wp-content\/gallery\/55-rocnik-olomoucke-dvacitky\/thumbs\/thumbs_DSC_80231.jpg\"\n                    width=\"240\"\n                    height=\"160\"\n                    style=\"max-width:100%;\"\n                \/>\n            <\/a>\n        <\/div>\n\t\t\t\t\t\t\t<\/div> \n\t\t\t\n\t\t\t\t<div id=\"ngg-image-11\" class=\"ngg-gallery-thumbnail-box \" >\n\t\t\t\t        <div class=\"ngg-gallery-thumbnail\">\n            <a href=\"https:\/\/old.atletikaolomouc.cz\/wp-content\/gallery\/55-rocnik-olomoucke-dvacitky\/DSC_80241.jpg\"\n               title=\"\"\n               data-src=\"https:\/\/old.atletikaolomouc.cz\/wp-content\/gallery\/55-rocnik-olomoucke-dvacitky\/DSC_80241.jpg\"\n               data-thumbnail=\"https:\/\/old.atletikaolomouc.cz\/wp-content\/gallery\/55-rocnik-olomoucke-dvacitky\/thumbs\/thumbs_DSC_80241.jpg\"\n               data-image-id=\"14511\"\n               data-title=\"DSC_80241\"\n               data-description=\"\"\n               data-image-slug=\"dsc_80241\"\n               class=\"ngg-simplelightbox\" rel=\"ccd05c82daec76c66a15a07b000de1c3\">\n                <img\n                    title=\"DSC_80241\"\n                    alt=\"DSC_80241\"\n                    src=\"https:\/\/old.atletikaolomouc.cz\/wp-content\/gallery\/55-rocnik-olomoucke-dvacitky\/thumbs\/thumbs_DSC_80241.jpg\"\n                    width=\"240\"\n                    height=\"160\"\n                    style=\"max-width:100%;\"\n                \/>\n            <\/a>\n        <\/div>\n\t\t\t\t\t\t\t<\/div> \n\t\t\t\n\t\t\t\t<div id=\"ngg-image-12\" class=\"ngg-gallery-thumbnail-box \" >\n\t\t\t\t        <div class=\"ngg-gallery-thumbnail\">\n            <a href=\"https:\/\/old.atletikaolomouc.cz\/wp-content\/gallery\/55-rocnik-olomoucke-dvacitky\/DSC_80261.jpg\"\n               title=\"\"\n               data-src=\"https:\/\/old.atletikaolomouc.cz\/wp-content\/gallery\/55-rocnik-olomoucke-dvacitky\/DSC_80261.jpg\"\n               data-thumbnail=\"https:\/\/old.atletikaolomouc.cz\/wp-content\/gallery\/55-rocnik-olomoucke-dvacitky\/thumbs\/thumbs_DSC_80261.jpg\"\n               data-image-id=\"14512\"\n               data-title=\"DSC_80261\"\n               data-description=\"\"\n               data-image-slug=\"dsc_80261\"\n               class=\"ngg-simplelightbox\" rel=\"ccd05c82daec76c66a15a07b000de1c3\">\n                <img\n                    title=\"DSC_80261\"\n                    alt=\"DSC_80261\"\n                    src=\"https:\/\/old.atletikaolomouc.cz\/wp-content\/gallery\/55-rocnik-olomoucke-dvacitky\/thumbs\/thumbs_DSC_80261.jpg\"\n                    width=\"240\"\n                    height=\"160\"\n                    style=\"max-width:100%;\"\n                \/>\n            <\/a>\n        <\/div>\n\t\t\t\t\t\t\t<\/div> \n\t\t\t\n\t\t\t\t<div id=\"ngg-image-13\" class=\"ngg-gallery-thumbnail-box \" >\n\t\t\t\t        <div class=\"ngg-gallery-thumbnail\">\n            <a href=\"https:\/\/old.atletikaolomouc.cz\/wp-content\/gallery\/55-rocnik-olomoucke-dvacitky\/DSC_80271.jpg\"\n               title=\"\"\n               data-src=\"https:\/\/old.atletikaolomouc.cz\/wp-content\/gallery\/55-rocnik-olomoucke-dvacitky\/DSC_80271.jpg\"\n               data-thumbnail=\"https:\/\/old.atletikaolomouc.cz\/wp-content\/gallery\/55-rocnik-olomoucke-dvacitky\/thumbs\/thumbs_DSC_80271.jpg\"\n               data-image-id=\"14513\"\n               data-title=\"DSC_80271\"\n               data-description=\"\"\n               data-image-slug=\"dsc_80271\"\n               class=\"ngg-simplelightbox\" rel=\"ccd05c82daec76c66a15a07b000de1c3\">\n                <img\n                    title=\"DSC_80271\"\n                    alt=\"DSC_80271\"\n                    src=\"https:\/\/old.atletikaolomouc.cz\/wp-content\/gallery\/55-rocnik-olomoucke-dvacitky\/thumbs\/thumbs_DSC_80271.jpg\"\n                    width=\"240\"\n                    height=\"160\"\n                    style=\"max-width:100%;\"\n                \/>\n            <\/a>\n        <\/div>\n\t\t\t\t\t\t\t<\/div> \n\t\t\t\n\t\t\t\t<div id=\"ngg-image-14\" class=\"ngg-gallery-thumbnail-box \" >\n\t\t\t\t        <div class=\"ngg-gallery-thumbnail\">\n            <a href=\"https:\/\/old.atletikaolomouc.cz\/wp-content\/gallery\/55-rocnik-olomoucke-dvacitky\/DSC_80281.jpg\"\n               title=\"\"\n               data-src=\"https:\/\/old.atletikaolomouc.cz\/wp-content\/gallery\/55-rocnik-olomoucke-dvacitky\/DSC_80281.jpg\"\n               data-thumbnail=\"https:\/\/old.atletikaolomouc.cz\/wp-content\/gallery\/55-rocnik-olomoucke-dvacitky\/thumbs\/thumbs_DSC_80281.jpg\"\n               data-image-id=\"14514\"\n               data-title=\"DSC_80281\"\n               data-description=\"\"\n               data-image-slug=\"dsc_80281\"\n               class=\"ngg-simplelightbox\" rel=\"ccd05c82daec76c66a15a07b000de1c3\">\n                <img\n                    title=\"DSC_80281\"\n                    alt=\"DSC_80281\"\n                    src=\"https:\/\/old.atletikaolomouc.cz\/wp-content\/gallery\/55-rocnik-olomoucke-dvacitky\/thumbs\/thumbs_DSC_80281.jpg\"\n                    width=\"240\"\n                    height=\"160\"\n                    style=\"max-width:100%;\"\n                \/>\n            <\/a>\n        <\/div>\n\t\t\t\t\t\t\t<\/div> \n\t\t\t\n\t\t\t\t<div id=\"ngg-image-15\" class=\"ngg-gallery-thumbnail-box \" >\n\t\t\t\t        <div class=\"ngg-gallery-thumbnail\">\n            <a href=\"https:\/\/old.atletikaolomouc.cz\/wp-content\/gallery\/55-rocnik-olomoucke-dvacitky\/DSC_80291.jpg\"\n               title=\"\"\n               data-src=\"https:\/\/old.atletikaolomouc.cz\/wp-content\/gallery\/55-rocnik-olomoucke-dvacitky\/DSC_80291.jpg\"\n               data-thumbnail=\"https:\/\/old.atletikaolomouc.cz\/wp-content\/gallery\/55-rocnik-olomoucke-dvacitky\/thumbs\/thumbs_DSC_80291.jpg\"\n               data-image-id=\"14515\"\n               data-title=\"DSC_80291\"\n               data-description=\"\"\n               data-image-slug=\"dsc_80291\"\n               class=\"ngg-simplelightbox\" rel=\"ccd05c82daec76c66a15a07b000de1c3\">\n                <img\n                    title=\"DSC_80291\"\n                    alt=\"DSC_80291\"\n                    src=\"https:\/\/old.atletikaolomouc.cz\/wp-content\/gallery\/55-rocnik-olomoucke-dvacitky\/thumbs\/thumbs_DSC_80291.jpg\"\n                    width=\"240\"\n                    height=\"160\"\n                    style=\"max-width:100%;\"\n                \/>\n            <\/a>\n        <\/div>\n\t\t\t\t\t\t\t<\/div> \n\t\t\t\n\t\t\t\t<div id=\"ngg-image-16\" class=\"ngg-gallery-thumbnail-box \" >\n\t\t\t\t        <div class=\"ngg-gallery-thumbnail\">\n            <a href=\"https:\/\/old.atletikaolomouc.cz\/wp-content\/gallery\/55-rocnik-olomoucke-dvacitky\/DSC_80301.jpg\"\n               title=\"\"\n               data-src=\"https:\/\/old.atletikaolomouc.cz\/wp-content\/gallery\/55-rocnik-olomoucke-dvacitky\/DSC_80301.jpg\"\n               data-thumbnail=\"https:\/\/old.atletikaolomouc.cz\/wp-content\/gallery\/55-rocnik-olomoucke-dvacitky\/thumbs\/thumbs_DSC_80301.jpg\"\n               data-image-id=\"14516\"\n               data-title=\"DSC_80301\"\n               data-description=\"\"\n               data-image-slug=\"dsc_80301\"\n               class=\"ngg-simplelightbox\" rel=\"ccd05c82daec76c66a15a07b000de1c3\">\n                <img\n                    title=\"DSC_80301\"\n                    alt=\"DSC_80301\"\n                    src=\"https:\/\/old.atletikaolomouc.cz\/wp-content\/gallery\/55-rocnik-olomoucke-dvacitky\/thumbs\/thumbs_DSC_80301.jpg\"\n                    width=\"240\"\n                    height=\"160\"\n                    style=\"max-width:100%;\"\n                \/>\n            <\/a>\n        <\/div>\n\t\t\t\t\t\t\t<\/div> \n\t\t\t\n\t\t\t\t<div id=\"ngg-image-17\" class=\"ngg-gallery-thumbnail-box \" >\n\t\t\t\t        <div class=\"ngg-gallery-thumbnail\">\n            <a href=\"https:\/\/old.atletikaolomouc.cz\/wp-content\/gallery\/55-rocnik-olomoucke-dvacitky\/DSC_80311.jpg\"\n               title=\"\"\n               data-src=\"https:\/\/old.atletikaolomouc.cz\/wp-content\/gallery\/55-rocnik-olomoucke-dvacitky\/DSC_80311.jpg\"\n               data-thumbnail=\"https:\/\/old.atletikaolomouc.cz\/wp-content\/gallery\/55-rocnik-olomoucke-dvacitky\/thumbs\/thumbs_DSC_80311.jpg\"\n               data-image-id=\"14517\"\n               data-title=\"DSC_80311\"\n               data-description=\"\"\n               data-image-slug=\"dsc_80311\"\n               class=\"ngg-simplelightbox\" rel=\"ccd05c82daec76c66a15a07b000de1c3\">\n                <img\n                    title=\"DSC_80311\"\n                    alt=\"DSC_80311\"\n                    src=\"https:\/\/old.atletikaolomouc.cz\/wp-content\/gallery\/55-rocnik-olomoucke-dvacitky\/thumbs\/thumbs_DSC_80311.jpg\"\n                    width=\"240\"\n                    height=\"160\"\n                    style=\"max-width:100%;\"\n                \/>\n            <\/a>\n        <\/div>\n\t\t\t\t\t\t\t<\/div> \n\t\t\t\n\t\t\t\t<div id=\"ngg-image-18\" class=\"ngg-gallery-thumbnail-box \" >\n\t\t\t\t        <div class=\"ngg-gallery-thumbnail\">\n            <a href=\"https:\/\/old.atletikaolomouc.cz\/wp-content\/gallery\/55-rocnik-olomoucke-dvacitky\/DSC_80331.jpg\"\n               title=\"\"\n               data-src=\"https:\/\/old.atletikaolomouc.cz\/wp-content\/gallery\/55-rocnik-olomoucke-dvacitky\/DSC_80331.jpg\"\n               data-thumbnail=\"https:\/\/old.atletikaolomouc.cz\/wp-content\/gallery\/55-rocnik-olomoucke-dvacitky\/thumbs\/thumbs_DSC_80331.jpg\"\n               data-image-id=\"14518\"\n               data-title=\"DSC_80331\"\n               data-description=\"\"\n               data-image-slug=\"dsc_80331\"\n               class=\"ngg-simplelightbox\" rel=\"ccd05c82daec76c66a15a07b000de1c3\">\n                <img\n                    title=\"DSC_80331\"\n                    alt=\"DSC_80331\"\n                    src=\"https:\/\/old.atletikaolomouc.cz\/wp-content\/gallery\/55-rocnik-olomoucke-dvacitky\/thumbs\/thumbs_DSC_80331.jpg\"\n                    width=\"240\"\n                    height=\"160\"\n                    style=\"max-width:100%;\"\n                \/>\n            <\/a>\n        <\/div>\n\t\t\t\t\t\t\t<\/div> \n\t\t\t\n\t\t\t\t<div id=\"ngg-image-19\" class=\"ngg-gallery-thumbnail-box \" >\n\t\t\t\t        <div class=\"ngg-gallery-thumbnail\">\n            <a href=\"https:\/\/old.atletikaolomouc.cz\/wp-content\/gallery\/55-rocnik-olomoucke-dvacitky\/DSC_80341.jpg\"\n               title=\"\"\n               data-src=\"https:\/\/old.atletikaolomouc.cz\/wp-content\/gallery\/55-rocnik-olomoucke-dvacitky\/DSC_80341.jpg\"\n               data-thumbnail=\"https:\/\/old.atletikaolomouc.cz\/wp-content\/gallery\/55-rocnik-olomoucke-dvacitky\/thumbs\/thumbs_DSC_80341.jpg\"\n               data-image-id=\"14519\"\n               data-title=\"DSC_80341\"\n               data-description=\"\"\n               data-image-slug=\"dsc_80341\"\n               class=\"ngg-simplelightbox\" rel=\"ccd05c82daec76c66a15a07b000de1c3\">\n                <img\n                    title=\"DSC_80341\"\n                    alt=\"DSC_80341\"\n                    src=\"https:\/\/old.atletikaolomouc.cz\/wp-content\/gallery\/55-rocnik-olomoucke-dvacitky\/thumbs\/thumbs_DSC_80341.jpg\"\n                    width=\"240\"\n                    height=\"160\"\n                    style=\"max-width:100%;\"\n                \/>\n            <\/a>\n        <\/div>\n\t\t\t\t\t\t\t<\/div> \n\t\t\t\n\t\t\t\t<div id=\"ngg-image-20\" class=\"ngg-gallery-thumbnail-box \" >\n\t\t\t\t        <div class=\"ngg-gallery-thumbnail\">\n            <a href=\"https:\/\/old.atletikaolomouc.cz\/wp-content\/gallery\/55-rocnik-olomoucke-dvacitky\/DSC_80351.jpg\"\n               title=\"\"\n               data-src=\"https:\/\/old.atletikaolomouc.cz\/wp-content\/gallery\/55-rocnik-olomoucke-dvacitky\/DSC_80351.jpg\"\n               data-thumbnail=\"https:\/\/old.atletikaolomouc.cz\/wp-content\/gallery\/55-rocnik-olomoucke-dvacitky\/thumbs\/thumbs_DSC_80351.jpg\"\n               data-image-id=\"14520\"\n               data-title=\"DSC_80351\"\n               data-description=\"\"\n               data-image-slug=\"dsc_80351\"\n               class=\"ngg-simplelightbox\" rel=\"ccd05c82daec76c66a15a07b000de1c3\">\n                <img\n                    title=\"DSC_80351\"\n                    alt=\"DSC_80351\"\n                    src=\"https:\/\/old.atletikaolomouc.cz\/wp-content\/gallery\/55-rocnik-olomoucke-dvacitky\/thumbs\/thumbs_DSC_80351.jpg\"\n                    width=\"240\"\n                    height=\"160\"\n                    style=\"max-width:100%;\"\n                \/>\n            <\/a>\n        <\/div>\n\t\t\t\t\t\t\t<\/div> \n\t\t\t\n\t\t\t\t<div id=\"ngg-image-21\" class=\"ngg-gallery-thumbnail-box \" >\n\t\t\t\t        <div class=\"ngg-gallery-thumbnail\">\n            <a href=\"https:\/\/old.atletikaolomouc.cz\/wp-content\/gallery\/55-rocnik-olomoucke-dvacitky\/DSC_80361.jpg\"\n               title=\"\"\n               data-src=\"https:\/\/old.atletikaolomouc.cz\/wp-content\/gallery\/55-rocnik-olomoucke-dvacitky\/DSC_80361.jpg\"\n               data-thumbnail=\"https:\/\/old.atletikaolomouc.cz\/wp-content\/gallery\/55-rocnik-olomoucke-dvacitky\/thumbs\/thumbs_DSC_80361.jpg\"\n               data-image-id=\"14521\"\n               data-title=\"DSC_80361\"\n               data-description=\"\"\n               data-image-slug=\"dsc_80361\"\n               class=\"ngg-simplelightbox\" rel=\"ccd05c82daec76c66a15a07b000de1c3\">\n                <img\n                    title=\"DSC_80361\"\n                    alt=\"DSC_80361\"\n                    src=\"https:\/\/old.atletikaolomouc.cz\/wp-content\/gallery\/55-rocnik-olomoucke-dvacitky\/thumbs\/thumbs_DSC_80361.jpg\"\n                    width=\"240\"\n                    height=\"160\"\n                    style=\"max-width:100%;\"\n                \/>\n            <\/a>\n        <\/div>\n\t\t\t\t\t\t\t<\/div> \n\t\t\t\n\t\t\t\t<div id=\"ngg-image-22\" class=\"ngg-gallery-thumbnail-box \" >\n\t\t\t\t        <div class=\"ngg-gallery-thumbnail\">\n            <a href=\"https:\/\/old.atletikaolomouc.cz\/wp-content\/gallery\/55-rocnik-olomoucke-dvacitky\/DSC_80371.jpg\"\n               title=\"\"\n               data-src=\"https:\/\/old.atletikaolomouc.cz\/wp-content\/gallery\/55-rocnik-olomoucke-dvacitky\/DSC_80371.jpg\"\n               data-thumbnail=\"https:\/\/old.atletikaolomouc.cz\/wp-content\/gallery\/55-rocnik-olomoucke-dvacitky\/thumbs\/thumbs_DSC_80371.jpg\"\n               data-image-id=\"14522\"\n               data-title=\"DSC_80371\"\n               data-description=\"\"\n               data-image-slug=\"dsc_80371\"\n               class=\"ngg-simplelightbox\" rel=\"ccd05c82daec76c66a15a07b000de1c3\">\n                <img\n                    title=\"DSC_80371\"\n                    alt=\"DSC_80371\"\n                    src=\"https:\/\/old.atletikaolomouc.cz\/wp-content\/gallery\/55-rocnik-olomoucke-dvacitky\/thumbs\/thumbs_DSC_80371.jpg\"\n                    width=\"240\"\n                    height=\"160\"\n                    style=\"max-width:100%;\"\n                \/>\n            <\/a>\n        <\/div>\n\t\t\t\t\t\t\t<\/div> \n\t\t\t\n\t\t\t\t<div id=\"ngg-image-23\" class=\"ngg-gallery-thumbnail-box \" >\n\t\t\t\t        <div class=\"ngg-gallery-thumbnail\">\n            <a href=\"https:\/\/old.atletikaolomouc.cz\/wp-content\/gallery\/55-rocnik-olomoucke-dvacitky\/DSC_80381.jpg\"\n               title=\"\"\n               data-src=\"https:\/\/old.atletikaolomouc.cz\/wp-content\/gallery\/55-rocnik-olomoucke-dvacitky\/DSC_80381.jpg\"\n               data-thumbnail=\"https:\/\/old.atletikaolomouc.cz\/wp-content\/gallery\/55-rocnik-olomoucke-dvacitky\/thumbs\/thumbs_DSC_80381.jpg\"\n               data-image-id=\"14523\"\n               data-title=\"DSC_80381\"\n               data-description=\"\"\n               data-image-slug=\"dsc_80381\"\n               class=\"ngg-simplelightbox\" rel=\"ccd05c82daec76c66a15a07b000de1c3\">\n                <img\n                    title=\"DSC_80381\"\n                    alt=\"DSC_80381\"\n                    src=\"https:\/\/old.atletikaolomouc.cz\/wp-content\/gallery\/55-rocnik-olomoucke-dvacitky\/thumbs\/thumbs_DSC_80381.jpg\"\n                    width=\"240\"\n                    height=\"160\"\n                    style=\"max-width:100%;\"\n                \/>\n            <\/a>\n        <\/div>\n\t\t\t\t\t\t\t<\/div> \n\t\t\t\n\t\n\t<br style=\"clear: both\" \/>\n\n\t\n\t\t<!-- Pagination -->\n\t<div class='ngg-navigation'><span class='current'>1<\/span>\n<a class='page-numbers' data-pageid='2' href='https:\/\/old.atletikaolomouc.cz\/index.php\/nggallery\/page\/2?p=29708'>2<\/a>\n<span class='ellipsis'>...<\/span>\n<a class='page-numbers' data-pageid='8' href='https:\/\/old.atletikaolomouc.cz\/index.php\/nggallery\/page\/8?p=29708'>8<\/a>\n<a class='prev' href='https:\/\/old.atletikaolomouc.cz\/index.php\/nggallery\/page\/2?p=29708' data-pageid=2>&#9658;<\/a><\/div>\t<\/div>\n\n","protected":false},"excerpt":{"rendered":"<p>V sobotu 10.4. se v Olomouci za p\u0159\u00edsn\u00fdch hygienick\u00fdch podm\u00ednek konal 55. ro\u010dn\u00edk Olomouck\u00e9 dvac\u00edtky, jeho\u017e sou\u010d\u00e1st\u00ed bylo tak\u00e9 mistrovstv\u00ed \u010cesk\u00e9 republiky na 20 km.<\/p>\n","protected":false},"author":14,"featured_media":0,"comment_status":"closed","ping_status":"closed","sticky":false,"template":"","format":"standard","meta":{"ngg_post_thumbnail":0},"categories":[6,65],"tags":[],"_links":{"self":[{"href":"https:\/\/old.atletikaolomouc.cz\/index.php?rest_route=\/wp\/v2\/posts\/29708"}],"collection":[{"href":"https:\/\/old.atletikaolomouc.cz\/index.php?rest_route=\/wp\/v2\/posts"}],"about":[{"href":"https:\/\/old.atletikaolomouc.cz\/index.php?rest_route=\/wp\/v2\/types\/post"}],"author":[{"embeddable":true,"href":"https:\/\/old.atletikaolomouc.cz\/index.php?rest_route=\/wp\/v2\/users\/14"}],"replies":[{"embeddable":true,"href":"https:\/\/old.atletikaolomouc.cz\/index.php?rest_route=%2Fwp%2Fv2%2Fcomments&post=29708"}],"version-history":[{"count":3,"href":"https:\/\/old.atletikaolomouc.cz\/index.php?rest_route=\/wp\/v2\/posts\/29708\/revisions"}],"predecessor-version":[{"id":30543,"href":"https:\/\/old.atletikaolomouc.cz\/index.php?rest_route=\/wp\/v2\/posts\/29708\/revisions\/30543"}],"wp:attachment":[{"href":"https:\/\/old.atletikaolomouc.cz\/index.php?rest_route=%2Fwp%2Fv2%2Fmedia&parent=29708"}],"wp:term":[{"taxonomy":"category","embeddable":true,"href":"https:\/\/old.atletikaolomouc.cz\/index.php?rest_route=%2Fwp%2Fv2%2Fcategories&post=29708"},{"taxonomy":"post_tag","embeddable":true,"href":"https:\/\/old.atletikaolomouc.cz\/index.php?rest_route=%2Fwp%2Fv2%2Ftags&post=29708"}],"curies":[{"name":"wp","href":"https:\/\/api.w.org\/{rel}","templated":true}]}}