{"id":30014,"date":"2021-05-11T14:08:14","date_gmt":"2021-05-11T12:08:14","guid":{"rendered":"https:\/\/www.atletikaolomouc.cz\/?p=30014"},"modified":"2021-06-22T07:38:04","modified_gmt":"2021-06-22T05:38:04","slug":"grand-prix-polska-slubice","status":"publish","type":"post","link":"https:\/\/old.atletikaolomouc.cz\/?p=30014","title":{"rendered":"Grand Prix Polska &#8211; Slubice"},"content":{"rendered":"<p>8.5.2021 ve Slubici z\u00e1vodili paraatleti na Grand Prix Polska<!--more--><\/p>\n<p style=\"text-align: left;\">\u010cesk\u00e1 reprezentace v pr\u016fb\u011bhu druh\u00e9ho kv\u011btnov\u00e9ho v\u00edkendu vyjela na z\u00e1vody do Polska. Eva Kacanu reprezentovala AK Olomouc a \u010ceskou republiku.<br \/>\nEva z\u00e1vodila ve slou\u010den\u00fdch kategori\u00edch (F 33-34-55-56-57) v\u00fdkonem 11m v disku obsadila 5. m\u00edsto a v kouli 5,42 brala 4. pozici.<br \/>\nD\u011bkujeme za spolupr\u00e1ci Anet\u011b Inochovsk\u00e9.<\/p>\n<div id=\"attachment_30015\" style=\"width: 367px\" class=\"wp-caption alignnone\"><a href=\"https:\/\/www.atletikaolomouc.cz\/wp-content\/uploads\/2021\/05\/slubica-2.jpg\"><img aria-describedby=\"caption-attachment-30015\" decoding=\"async\" loading=\"lazy\" class=\" wp-image-30015\" src=\"https:\/\/www.atletikaolomouc.cz\/wp-content\/uploads\/2021\/05\/slubica-2.jpg\" alt=\"\" width=\"357\" height=\"476\" srcset=\"https:\/\/old.atletikaolomouc.cz\/wp-content\/uploads\/2021\/05\/slubica-2.jpg 720w, https:\/\/old.atletikaolomouc.cz\/wp-content\/uploads\/2021\/05\/slubica-2-225x300.jpg 225w, https:\/\/old.atletikaolomouc.cz\/wp-content\/uploads\/2021\/05\/slubica-2-450x600.jpg 450w\" sizes=\"(max-width: 357px) 100vw, 357px\" \/><\/a><p id=\"caption-attachment-30015\" class=\"wp-caption-text\">Eva kacanu a Aneta Inochovsk\u00e1<\/p><\/div>\n<p>Ev\u011b k v\u00fdkon\u016fm gratulujeme a p\u0159ejeme \u0161t\u011bst\u00ed na bl\u00ed\u017e\u00edc\u00edm se Mistrovstv\u00ed Evropy, tak\u00e9 v Polsku, tentokr\u00e1t v Bydgoszczi.<\/p>\n<p>Kompletn\u00ed v\u00fdsledky z GP Polska naleznete<a href=\"http:\/\/www.atletikavozickaru.cz\/2020\/hala\/Slubice,%20POL_2021_05_09.pdf\"> zde.<\/a><\/p>\n","protected":false},"excerpt":{"rendered":"<p>8.5.2021 ve Slubici z\u00e1vodili paraatleti na Grand Prix Polska<\/p>\n","protected":false},"author":17,"featured_media":0,"comment_status":"closed","ping_status":"closed","sticky":false,"template":"","format":"standard","meta":{"ngg_post_thumbnail":0},"categories":[5,48],"tags":[],"_links":{"self":[{"href":"https:\/\/old.atletikaolomouc.cz\/index.php?rest_route=\/wp\/v2\/posts\/30014"}],"collection":[{"href":"https:\/\/old.atletikaolomouc.cz\/index.php?rest_route=\/wp\/v2\/posts"}],"about":[{"href":"https:\/\/old.atletikaolomouc.cz\/index.php?rest_route=\/wp\/v2\/types\/post"}],"author":[{"embeddable":true,"href":"https:\/\/old.atletikaolomouc.cz\/index.php?rest_route=\/wp\/v2\/users\/17"}],"replies":[{"embeddable":true,"href":"https:\/\/old.atletikaolomouc.cz\/index.php?rest_route=%2Fwp%2Fv2%2Fcomments&post=30014"}],"version-history":[{"count":4,"href":"https:\/\/old.atletikaolomouc.cz\/index.php?rest_route=\/wp\/v2\/posts\/30014\/revisions"}],"predecessor-version":[{"id":30747,"href":"https:\/\/old.atletikaolomouc.cz\/index.php?rest_route=\/wp\/v2\/posts\/30014\/revisions\/30747"}],"wp:attachment":[{"href":"https:\/\/old.atletikaolomouc.cz\/index.php?rest_route=%2Fwp%2Fv2%2Fmedia&parent=30014"}],"wp:term":[{"taxonomy":"category","embeddable":true,"href":"https:\/\/old.atletikaolomouc.cz\/index.php?rest_route=%2Fwp%2Fv2%2Fcategories&post=30014"},{"taxonomy":"post_tag","embeddable":true,"href":"https:\/\/old.atletikaolomouc.cz\/index.php?rest_route=%2Fwp%2Fv2%2Ftags&post=30014"}],"curies":[{"name":"wp","href":"https:\/\/api.w.org\/{rel}","templated":true}]}}