{"id":3002,"date":"2012-09-26T18:59:04","date_gmt":"2012-09-26T16:59:04","guid":{"rendered":"http:\/\/www.atletikaolomouc.cz\/?p=3002"},"modified":"2012-09-26T18:59:04","modified_gmt":"2012-09-26T16:59:04","slug":"3-druzstva-postoupila-do-finale","status":"publish","type":"post","link":"https:\/\/old.atletikaolomouc.cz\/?p=3002","title":{"rendered":"3 dru\u017estva postoupila do fin\u00e1le"},"content":{"rendered":"<p style=\"text-align: justify;\">Hned t\u0159i dru\u017estva Atletick\u00e9ho klubu Olomouc si zajistila postup do Fin\u00e1le \u010cR. Dorostenci si vybojovali postup v B\u0159eclavi a ve fin\u00e1le si d\u011blaj\u00ed ambice na zlatou medaili. Star\u0161\u00ed \u017e\u00e1ci a \u017e\u00e1kyn\u011b bojovali o postupov\u00e9 m\u00edsta v \u0160umperku. Star\u0161\u00ed holky v semifin\u00e1le zv\u00edt\u011bzily a ve fin\u00e1le budou usilovat tak\u00e9 o zlato.<\/p>\n<p><!--more--><\/p>\n<p style=\"text-align: justify;\"><strong>Dorostenci:<\/strong><br \/>Fin\u00e1le \u010cR dru\u017estev dorostenc\u016f prob\u011bhne v p\u00e1tek 28.9.2012 v Jablonci. Olomou\u010dt\u00ed dorostenci maj\u00ed velmi siln\u00e9 dru\u017estvo a podle slov vedouc\u00edho Libora Kalase bude jin\u00e1 medaile ne\u017e zlat\u00e1 zklam\u00e1n\u00edm. K hlavn\u00edm opor\u00e1m dru\u017estva pat\u0159\u00ed p\u0159ev\u00e1\u017en\u011b vrha\u010di. <br \/><a href=\"http:\/\/www.atletika.cz\/propozice1\/propozice-mistrovstvi-cr-druzstev-dorostencu-a-dor\/\" target=\"_blank\">Propozice<\/a><br \/><a href=\"http:\/\/www.atletikaolomouc.cz\/wp-content\/uploads\/2012\/09\/Zpravodaj_dorostenci_4_2012.pdf\" target=\"_blank\">Zpravodaj dorostenc\u016f<\/a><\/p>\n<p style=\"text-align: justify;\"><strong>Star\u0161\u00ed \u017e\u00e1ci a \u017e\u00e1kyn\u011b:<\/strong><br \/>Mistrovstv\u00ed \u010cR dru\u017estev star\u0161\u00edho \u017eactva prob\u011bhne v sobotu 6. \u0159\u00edjna v Olomouci. Star\u0161\u00ed \u017e\u00e1kyn\u011b dom\u00e1c\u00edho klubu budou rozhodn\u011b pat\u0159it k favoritk\u00e1m sout\u011b\u017ee. Mezi hlavn\u00ed soupe\u0159ky, kter\u00e9 se jim budou sna\u017eit p\u0159ekazit pl\u00e1ny, budou star\u0161\u00ed \u017e\u00e1kyn\u011b z Jablonce nad Nisou a Brna. Doufejme, \u017ee se jim to nepoda\u0159\u00ed a holky na dom\u00e1c\u00ed p\u016fd\u011b obstoj\u00ed. <br \/>Ze star\u0161\u00edch \u017e\u00e1k\u016f se b\u011bhem roku vyklubalo pom\u011brn\u011b slu\u0161n\u00e9 dru\u017estvo. M\u00e1 ve sv\u00fdch \u0159ad\u00e1ch p\u00e1r siln\u00fdch jedinc\u016f a za pomoci zbytku t\u00fdmu by mohlo dos\u00e1hnout na slu\u0161n\u00e9 um\u00edst\u011bn\u00ed. Tak\u017ee nev\u00e1hejte a v sobotu 6. \u0159\u00edjna p\u0159ij\u010fte v\u0161ichni fandit na stadion. <br \/><a href=\"http:\/\/www.atletika.cz\/propozice1\/propozice-mistrovstvi-cr-druzstev-starsich-zaku-a-\/\" target=\"_blank\">Propozice<\/a><br \/><a href=\"http:\/\/www.atletikaolomouc.cz\/wp-content\/uploads\/2012\/09\/Zpravodaj_st_zaku_c7_2012.pdf\" target=\"_blank\">Zpravodaj star\u0161\u00edch \u017e\u00e1k\u016f<\/a><\/p>\n","protected":false},"excerpt":{"rendered":"<p>Hned t\u0159i dru\u017estva Atletick\u00e9ho klubu Olomouc si zajistila postup do Fin\u00e1le \u010cR. Dorostenci si vybojovali postup v B\u0159eclavi a ve fin\u00e1le si d\u011blaj\u00ed ambice na zlatou medaili. Star\u0161\u00ed \u017e\u00e1ci a \u017e\u00e1kyn\u011b bojovali o postupov\u00e9 m\u00edsta v \u0160umperku. Star\u0161\u00ed holky v &hellip; <a href=\"https:\/\/old.atletikaolomouc.cz\/?p=3002\">Continue reading <span class=\"meta-nav\">&rarr;<\/span><\/a><\/p>\n","protected":false},"author":4,"featured_media":3026,"comment_status":"closed","ping_status":"closed","sticky":false,"template":"","format":"standard","meta":{"ngg_post_thumbnail":0},"categories":[6,13,37,15,16],"tags":[],"_links":{"self":[{"href":"https:\/\/old.atletikaolomouc.cz\/index.php?rest_route=\/wp\/v2\/posts\/3002"}],"collection":[{"href":"https:\/\/old.atletikaolomouc.cz\/index.php?rest_route=\/wp\/v2\/posts"}],"about":[{"href":"https:\/\/old.atletikaolomouc.cz\/index.php?rest_route=\/wp\/v2\/types\/post"}],"author":[{"embeddable":true,"href":"https:\/\/old.atletikaolomouc.cz\/index.php?rest_route=\/wp\/v2\/users\/4"}],"replies":[{"embeddable":true,"href":"https:\/\/old.atletikaolomouc.cz\/index.php?rest_route=%2Fwp%2Fv2%2Fcomments&post=3002"}],"version-history":[{"count":3,"href":"https:\/\/old.atletikaolomouc.cz\/index.php?rest_route=\/wp\/v2\/posts\/3002\/revisions"}],"predecessor-version":[{"id":3027,"href":"https:\/\/old.atletikaolomouc.cz\/index.php?rest_route=\/wp\/v2\/posts\/3002\/revisions\/3027"}],"wp:featuredmedia":[{"embeddable":true,"href":"https:\/\/old.atletikaolomouc.cz\/index.php?rest_route=\/wp\/v2\/media\/3026"}],"wp:attachment":[{"href":"https:\/\/old.atletikaolomouc.cz\/index.php?rest_route=%2Fwp%2Fv2%2Fmedia&parent=3002"}],"wp:term":[{"taxonomy":"category","embeddable":true,"href":"https:\/\/old.atletikaolomouc.cz\/index.php?rest_route=%2Fwp%2Fv2%2Fcategories&post=3002"},{"taxonomy":"post_tag","embeddable":true,"href":"https:\/\/old.atletikaolomouc.cz\/index.php?rest_route=%2Fwp%2Fv2%2Ftags&post=3002"}],"curies":[{"name":"wp","href":"https:\/\/api.w.org\/{rel}","templated":true}]}}