{"id":30035,"date":"2021-05-20T10:44:59","date_gmt":"2021-05-20T08:44:59","guid":{"rendered":"https:\/\/www.atletikaolomouc.cz\/?p=30035"},"modified":"2021-05-24T08:43:59","modified_gmt":"2021-05-24T06:43:59","slug":"serbia-para-athletics-open","status":"publish","type":"post","link":"https:\/\/old.atletikaolomouc.cz\/?p=30035","title":{"rendered":"Serbia Para Athletics Open"},"content":{"rendered":"<p>Z\u00e1vody v srbsk\u00e9m m\u011bst\u011b Kru\u0161evac prob\u011bhly v\u00edkend 15.-16.5.2021<!--more--><\/p>\n<div id=\"attachment_30049\" style=\"width: 388px\" class=\"wp-caption alignnone\"><a href=\"https:\/\/www.atletikaolomouc.cz\/wp-content\/uploads\/2021\/05\/IMG-20210515-WA0007.jpg\"><img aria-describedby=\"caption-attachment-30049\" decoding=\"async\" loading=\"lazy\" class=\" wp-image-30049\" src=\"https:\/\/www.atletikaolomouc.cz\/wp-content\/uploads\/2021\/05\/IMG-20210515-WA0007.jpg\" alt=\"\" width=\"378\" height=\"213\" srcset=\"https:\/\/old.atletikaolomouc.cz\/wp-content\/uploads\/2021\/05\/IMG-20210515-WA0007.jpg 1440w, https:\/\/old.atletikaolomouc.cz\/wp-content\/uploads\/2021\/05\/IMG-20210515-WA0007-300x169.jpg 300w, https:\/\/old.atletikaolomouc.cz\/wp-content\/uploads\/2021\/05\/IMG-20210515-WA0007-768x432.jpg 768w, https:\/\/old.atletikaolomouc.cz\/wp-content\/uploads\/2021\/05\/IMG-20210515-WA0007-800x450.jpg 800w\" sizes=\"(max-width: 378px) 100vw, 378px\" \/><\/a><p id=\"caption-attachment-30049\" class=\"wp-caption-text\">Srbsko, Kru\u0161evac &#8211; Rotter, Kacanu, \u0160\u010dambura<\/p><\/div>\n<p>Tato sestava reprezentovala \u010cR a AK ZP Olomouc na z\u00e1vodech v Srbsku.<\/p>\n<p>Sv\u00e9 v\u00fdkony v z\u00e1vod\u011b p\u0159edvedli n\u00e1sleduj\u00edc\u00ed:<br \/>\nMichal Rotter &#8211; DISK &#8211; v osobn\u00edm rekordu 21,52 &#8211; GRATULACE, O\u0160T\u011aP &#8211; 19,31<br \/>\nEva Kacanu &#8211; DISK (ve slou\u010den\u00e9 kategorii) &#8211; 10,91, KOULE &#8211; 5,44<br \/>\nDu\u0161an \u0160\u010dambura &#8211; DISK &#8211; 22,30, O\u0160T\u011aP &#8211; 22,23<\/p>\n<p>K v\u00fdsledk\u016fm gratulujeme a p\u0159ejeme \u0161t\u011bst\u00ed na dal\u0161\u00edch z\u00e1vodech.<\/p>\n<p>&nbsp;<\/p>\n","protected":false},"excerpt":{"rendered":"<p>Z\u00e1vody v srbsk\u00e9m m\u011bst\u011b Kru\u0161evac prob\u011bhly v\u00edkend 15.-16.5.2021<\/p>\n","protected":false},"author":17,"featured_media":0,"comment_status":"closed","ping_status":"closed","sticky":false,"template":"","format":"standard","meta":{"ngg_post_thumbnail":0},"categories":[5,48],"tags":[],"_links":{"self":[{"href":"https:\/\/old.atletikaolomouc.cz\/index.php?rest_route=\/wp\/v2\/posts\/30035"}],"collection":[{"href":"https:\/\/old.atletikaolomouc.cz\/index.php?rest_route=\/wp\/v2\/posts"}],"about":[{"href":"https:\/\/old.atletikaolomouc.cz\/index.php?rest_route=\/wp\/v2\/types\/post"}],"author":[{"embeddable":true,"href":"https:\/\/old.atletikaolomouc.cz\/index.php?rest_route=\/wp\/v2\/users\/17"}],"replies":[{"embeddable":true,"href":"https:\/\/old.atletikaolomouc.cz\/index.php?rest_route=%2Fwp%2Fv2%2Fcomments&post=30035"}],"version-history":[{"count":5,"href":"https:\/\/old.atletikaolomouc.cz\/index.php?rest_route=\/wp\/v2\/posts\/30035\/revisions"}],"predecessor-version":[{"id":30068,"href":"https:\/\/old.atletikaolomouc.cz\/index.php?rest_route=\/wp\/v2\/posts\/30035\/revisions\/30068"}],"wp:attachment":[{"href":"https:\/\/old.atletikaolomouc.cz\/index.php?rest_route=%2Fwp%2Fv2%2Fmedia&parent=30035"}],"wp:term":[{"taxonomy":"category","embeddable":true,"href":"https:\/\/old.atletikaolomouc.cz\/index.php?rest_route=%2Fwp%2Fv2%2Fcategories&post=30035"},{"taxonomy":"post_tag","embeddable":true,"href":"https:\/\/old.atletikaolomouc.cz\/index.php?rest_route=%2Fwp%2Fv2%2Ftags&post=30035"}],"curies":[{"name":"wp","href":"https:\/\/api.w.org\/{rel}","templated":true}]}}