{"id":30037,"date":"2021-05-20T09:02:44","date_gmt":"2021-05-20T07:02:44","guid":{"rendered":"https:\/\/www.atletikaolomouc.cz\/?p=30037"},"modified":"2021-05-20T09:03:26","modified_gmt":"2021-05-20T07:03:26","slug":"virtualni-beh-v-ramci-atleti-spolu-den-s-ceskou-atletikou-2-6-2021","status":"publish","type":"post","link":"https:\/\/old.atletikaolomouc.cz\/?p=30037","title":{"rendered":"Virtu\u00e1ln\u00ed b\u011bh v r\u00e1mci Atleti Spolu &#8211; Den s \u010deskou atletikou 2. 6. 2021"},"content":{"rendered":"<p style=\"text-align: justify;\">V r\u00e1mci chystan\u00e9 celorepublikov\u00e9 akce Atleti spolu &#8211; Den s \u010deskou atletikou 2. 6. 2021 prob\u011bhne tak\u00e9 virtu\u00e1ln\u00ed b\u011bh.<!--more--> Registrace k b\u011bhu je zcela zdarma, b\u011b\u017eet m\u016f\u017eete kdekoliv. C\u00edlem stmelit atletickou rodinu, pob\u011b\u017e\u00ed se tak v jeden den a ide\u00e1ln\u011b v jeden \u010das.&nbsp;Trasa virtu\u00e1ln\u00edho b\u011bhu by m\u011bla b\u00fdt dlouh\u00e1 5 kilometr\u016f. V\u00fdb\u011br m\u00edsta a profilu trati je na v\u00e1s. Z\u00fa\u010dastnit se ho mohou v\u0161ichni p\u0159\u00edznivci kr\u00e1lovny sportu. Pokud nezvl\u00e1dnete ub\u011bhnout cel\u00fdch p\u011bt kilometr\u016f, nevad\u00ed, m\u016f\u017eete si trasu zkr\u00e1tit nebo zvolit ch\u016fzi m\u00edsto b\u011bhu. P\u0159idejte se k&nbsp;atletick\u00e9 rodin\u011b a pob\u011b\u017ete s&nbsp;n\u00e1mi v&nbsp;jeden den, a\u0165 uk\u00e1\u017eeme s\u00edlu cel\u00e9 \u010desk\u00e9 b\u011b\u017eeck\u00e9 komunity.<\/p>\n<p><a href=\"https:\/\/www.atletikaolomouc.cz\/wp-content\/uploads\/2021\/05\/48648.pdf\">Propozice k Virtu\u00e1ln\u00edmu b\u011bhu 2. 6. 2021<\/a><\/p>\n<p>Na virtu\u00e1ln\u00ed b\u011bh se m\u016f\u017eete p\u0159ihl\u00e1sit na:<br \/>\n<a href=\"https:\/\/registrace.onlinesystem.cz\/Events\/Register\/811\/atleti-spolu-2021-06-02\" target=\"_blank\" rel=\"noopener\">https:\/\/registrace.onlinesystem.cz\/Events\/Register\/811\/atleti-spolu-2021-06-02<\/a><\/p>\n<p>Odkaz a dal\u0161\u00ed informace najdete tak\u00e9 na webov\u00fdch str\u00e1nk\u00e1ch \u010cAS v&nbsp;sekci&nbsp;<a class=\"internal\" title=\"Virtu\u00e1ln\u00ed z\u00e1vod - Atleti spolu\" href=\"https:\/\/www.atletika.cz\/virtualni-beh\/\" target=\"_blank\" rel=\"noopener\">Zaost\u0159eno na<\/a>. Za registraci se neplat\u00ed. Stanoven\u00fd \u010das startu je v&nbsp;18 hodin, ale pokud se v\u00e1m nehod\u00ed, p\u0159idejte se kdykoli b\u011bhem dne (st\u0159eda 2. 6.).<\/p>\n<p>Po registraci v\u00e1m p\u0159ijde potvrzovac\u00ed e-mail a nejpozd\u011bji do st\u0159edy 26. kv\u011btna obdr\u017e\u00edte v&nbsp;elektronick\u00e9 podob\u011b startovn\u00ed \u010d\u00edslo, kter\u00e9 si m\u016f\u017eete vytisknout nebo b\u011b\u017ete klidn\u011b bez n\u011bj. Nosnou my\u0161lenkou je soun\u00e1le\u017eitost cel\u00e9 b\u011b\u017eeck\u00e9 a atletick\u00e9 komunity v&nbsp;\u010cesk\u00e9 republice.<\/p>\n<p>V\u00fdsledek nen\u00ed d\u016fle\u017eit\u00fd a nikde ho nen\u00ed nutn\u00e9 zve\u0159ej\u0148ovat. Ale pokud m\u00e1te z\u00e1jem, obdr\u017e\u00ed ka\u017ed\u00fd z&nbsp;v\u00e1s po skon\u010den\u00ed z\u00e1vodu odkaz, kde n\u00e1m m\u016f\u017ee sv\u016fj b\u011b\u017eeck\u00fd v\u00fdkon nahl\u00e1sit. V\u00fdsledky n\u00e1sledn\u011b po akci zve\u0159ejn\u00edme.<\/p>\n<p>Sd\u00edlejte fotky s&nbsp;ozna\u010den\u00edm #atletispolu na Instagramu a dvacet nejlep\u0161\u00edch fotek z&nbsp;va\u0161ich b\u011bh\u016f ocen\u00edme v\u011bcn\u00fdmi cenami.<\/p>\n<p>U\u017eijme si tedy spole\u010dn\u011b ve st\u0159edu 2. \u010dervna oslavu \u010desk\u00e9 atletiky a \u010desk\u00e9ho b\u011bhu.<\/p>\n","protected":false},"excerpt":{"rendered":"<p>V r\u00e1mci chystan\u00e9 celorepublikov\u00e9 akce Atleti spolu &#8211; Den s \u010deskou atletikou 2. 6. 2021 prob\u011bhne tak\u00e9 virtu\u00e1ln\u00ed b\u011bh.<\/p>\n","protected":false},"author":10,"featured_media":30043,"comment_status":"closed","ping_status":"closed","sticky":false,"template":"","format":"standard","meta":{"ngg_post_thumbnail":0},"categories":[5,6,37,25],"tags":[],"_links":{"self":[{"href":"https:\/\/old.atletikaolomouc.cz\/index.php?rest_route=\/wp\/v2\/posts\/30037"}],"collection":[{"href":"https:\/\/old.atletikaolomouc.cz\/index.php?rest_route=\/wp\/v2\/posts"}],"about":[{"href":"https:\/\/old.atletikaolomouc.cz\/index.php?rest_route=\/wp\/v2\/types\/post"}],"author":[{"embeddable":true,"href":"https:\/\/old.atletikaolomouc.cz\/index.php?rest_route=\/wp\/v2\/users\/10"}],"replies":[{"embeddable":true,"href":"https:\/\/old.atletikaolomouc.cz\/index.php?rest_route=%2Fwp%2Fv2%2Fcomments&post=30037"}],"version-history":[{"count":1,"href":"https:\/\/old.atletikaolomouc.cz\/index.php?rest_route=\/wp\/v2\/posts\/30037\/revisions"}],"predecessor-version":[{"id":30040,"href":"https:\/\/old.atletikaolomouc.cz\/index.php?rest_route=\/wp\/v2\/posts\/30037\/revisions\/30040"}],"wp:featuredmedia":[{"embeddable":true,"href":"https:\/\/old.atletikaolomouc.cz\/index.php?rest_route=\/wp\/v2\/media\/30043"}],"wp:attachment":[{"href":"https:\/\/old.atletikaolomouc.cz\/index.php?rest_route=%2Fwp%2Fv2%2Fmedia&parent=30037"}],"wp:term":[{"taxonomy":"category","embeddable":true,"href":"https:\/\/old.atletikaolomouc.cz\/index.php?rest_route=%2Fwp%2Fv2%2Fcategories&post=30037"},{"taxonomy":"post_tag","embeddable":true,"href":"https:\/\/old.atletikaolomouc.cz\/index.php?rest_route=%2Fwp%2Fv2%2Ftags&post=30037"}],"curies":[{"name":"wp","href":"https:\/\/api.w.org\/{rel}","templated":true}]}}