{"id":30051,"date":"2021-05-20T12:01:30","date_gmt":"2021-05-20T10:01:30","guid":{"rendered":"https:\/\/www.atletikaolomouc.cz\/?p=30051"},"modified":"2021-05-21T08:44:30","modified_gmt":"2021-05-21T06:44:30","slug":"handi-zlata-tretra-ostrava","status":"publish","type":"post","link":"https:\/\/old.atletikaolomouc.cz\/?p=30051","title":{"rendered":"Handi Zlat\u00e1 tretra 2021"},"content":{"rendered":"<p>Handi Zlat\u00e1 tretra prob\u011bhla tuto st\u0159edu 19.5.2021 na atletick\u00e9m stadionu v Ostrav\u011b ve V\u00edtkovic\u00edch<!--more--><\/p>\n<div id=\"attachment_30047\" style=\"width: 329px\" class=\"wp-caption alignnone\"><a href=\"https:\/\/www.atletikaolomouc.cz\/wp-content\/uploads\/2021\/05\/IMG-20210519-WA0024.jpg\"><img aria-describedby=\"caption-attachment-30047\" decoding=\"async\" loading=\"lazy\" class=\" wp-image-30047\" src=\"https:\/\/www.atletikaolomouc.cz\/wp-content\/uploads\/2021\/05\/IMG-20210519-WA0024.jpg\" alt=\"\" width=\"319\" height=\"180\" srcset=\"https:\/\/old.atletikaolomouc.cz\/wp-content\/uploads\/2021\/05\/IMG-20210519-WA0024.jpg 1600w, https:\/\/old.atletikaolomouc.cz\/wp-content\/uploads\/2021\/05\/IMG-20210519-WA0024-300x169.jpg 300w, https:\/\/old.atletikaolomouc.cz\/wp-content\/uploads\/2021\/05\/IMG-20210519-WA0024-768x432.jpg 768w, https:\/\/old.atletikaolomouc.cz\/wp-content\/uploads\/2021\/05\/IMG-20210519-WA0024-800x450.jpg 800w\" sizes=\"(max-width: 319px) 100vw, 319px\" \/><\/a><p id=\"caption-attachment-30047\" class=\"wp-caption-text\">Varto\u0148, Rotter, \u0160\u010dambura<\/p><\/div>\n<p>Ji\u017e tradi\u010dn\u00edm z\u00e1vodem v Ostrav\u011b je Handi Zlat\u00e1 tretra, kter\u00e9 se atleti z na\u0161eho klubu pravideln\u011b \u00fa\u010dastn\u00ed.<\/p>\n<p style=\"text-align: justify;\">Za apr\u00edlov\u00e9ho po\u010das\u00ed bojovali sportovci takto:<br \/>\nMichal Rotter v hodu o\u0161t\u011bpem &#8211; 18,92 (3.m\u00edsto)<br \/>\nDu\u0161an \u0160\u010dambura v hodu o\u0161t\u011bpem &#8211; 20,98 (2.m\u00edsto)<br \/>\nFilip Varto\u0148 v hodu diskem &#8211; 12,55 (4.m\u00edsto)<br \/>\nMartin Kukla v hodu o\u0161t\u011bpem &#8211; 31,22 (2.m\u00edsto)<br \/>\nJan Mo\u0161t\u011bk v b\u011bhu na 100m &#8211; 13,72 (1.m\u00edsto)<\/p>\n<p>V\u00fdsledky k nahl\u00e9dnut\u00ed zde:<br \/>\n<a href=\"https:\/\/www.atletikaolomouc.cz\/wp-content\/uploads\/2021\/05\/Results-Para-ZT-discus-throw-men-wheelchair.pdf\">Results Para ZT discus throw men wheelchair<\/a><br \/>\n<a href=\"https:\/\/www.atletikaolomouc.cz\/wp-content\/uploads\/2021\/05\/Results-Para-ZT-100m-men.pdf\">Results Para ZT 100m men<\/a><br \/>\n<a href=\"https:\/\/www.atletikaolomouc.cz\/wp-content\/uploads\/2021\/05\/Results-Para-ZT-Javelin-throw-men-standing.pdf\">Results Para ZT Javelin throw men standing<\/a><br \/>\n<a href=\"https:\/\/www.atletikaolomouc.cz\/wp-content\/uploads\/2021\/05\/Results-Para-ZT-Javelin-throw-men-wheelchair.pdf\">Results Para ZT Javelin throw men wheelchair<\/a><\/p>\n<p>V\u0161em na\u0161im atlet\u016fm gratulujeme!<\/p>\n","protected":false},"excerpt":{"rendered":"<p>Handi Zlat\u00e1 tretra prob\u011bhla tuto st\u0159edu 19.5.2021 na atletick\u00e9m stadionu v Ostrav\u011b ve V\u00edtkovic\u00edch<\/p>\n","protected":false},"author":17,"featured_media":0,"comment_status":"closed","ping_status":"closed","sticky":false,"template":"","format":"standard","meta":{"ngg_post_thumbnail":0},"categories":[5,48],"tags":[],"_links":{"self":[{"href":"https:\/\/old.atletikaolomouc.cz\/index.php?rest_route=\/wp\/v2\/posts\/30051"}],"collection":[{"href":"https:\/\/old.atletikaolomouc.cz\/index.php?rest_route=\/wp\/v2\/posts"}],"about":[{"href":"https:\/\/old.atletikaolomouc.cz\/index.php?rest_route=\/wp\/v2\/types\/post"}],"author":[{"embeddable":true,"href":"https:\/\/old.atletikaolomouc.cz\/index.php?rest_route=\/wp\/v2\/users\/17"}],"replies":[{"embeddable":true,"href":"https:\/\/old.atletikaolomouc.cz\/index.php?rest_route=%2Fwp%2Fv2%2Fcomments&post=30051"}],"version-history":[{"count":2,"href":"https:\/\/old.atletikaolomouc.cz\/index.php?rest_route=\/wp\/v2\/posts\/30051\/revisions"}],"predecessor-version":[{"id":30065,"href":"https:\/\/old.atletikaolomouc.cz\/index.php?rest_route=\/wp\/v2\/posts\/30051\/revisions\/30065"}],"wp:attachment":[{"href":"https:\/\/old.atletikaolomouc.cz\/index.php?rest_route=%2Fwp%2Fv2%2Fmedia&parent=30051"}],"wp:term":[{"taxonomy":"category","embeddable":true,"href":"https:\/\/old.atletikaolomouc.cz\/index.php?rest_route=%2Fwp%2Fv2%2Fcategories&post=30051"},{"taxonomy":"post_tag","embeddable":true,"href":"https:\/\/old.atletikaolomouc.cz\/index.php?rest_route=%2Fwp%2Fv2%2Ftags&post=30051"}],"curies":[{"name":"wp","href":"https:\/\/api.w.org\/{rel}","templated":true}]}}