{"id":30285,"date":"2021-06-04T10:58:25","date_gmt":"2021-06-04T08:58:25","guid":{"rendered":"https:\/\/www.atletikaolomouc.cz\/?p=30285"},"modified":"2021-06-28T11:01:31","modified_gmt":"2021-06-28T09:01:31","slug":"1-kolo-kp-druzstev-pripravek-foto","status":"publish","type":"post","link":"https:\/\/old.atletikaolomouc.cz\/?p=30285","title":{"rendered":"1. kolo KP dru\u017estev p\u0159\u00edpravek &#8211; foto"},"content":{"rendered":"<p><a href=\"https:\/\/www.atletikaolomouc.cz\/wp-content\/uploads\/2021\/06\/DSC_0331-2.jpg\"><img decoding=\"async\" loading=\"lazy\" class=\"alignleft wp-image-30286\" src=\"https:\/\/www.atletikaolomouc.cz\/wp-content\/uploads\/2021\/06\/DSC_0331-2-300x263.jpg\" alt=\"\" width=\"150\" height=\"131\" srcset=\"https:\/\/old.atletikaolomouc.cz\/wp-content\/uploads\/2021\/06\/DSC_0331-2-300x263.jpg 300w, https:\/\/old.atletikaolomouc.cz\/wp-content\/uploads\/2021\/06\/DSC_0331-2-768x672.jpg 768w, https:\/\/old.atletikaolomouc.cz\/wp-content\/uploads\/2021\/06\/DSC_0331-2-686x600.jpg 686w, https:\/\/old.atletikaolomouc.cz\/wp-content\/uploads\/2021\/06\/DSC_0331-2.jpg 1498w\" sizes=\"(max-width: 150px) 100vw, 150px\" \/><\/a>V \u00fater\u00fd 1. \u010dervna prob\u011bhlo v \u0160umperku 1. kolo Krajsk\u00e9ho p\u0159eboru dru\u017estev atletick\u00fdch p\u0159\u00edpravek. Olomouck\u00e1 dru\u017estva d\u00edvek i chlapc\u016f vstoupila do sout\u011b\u017ee na v\u00fdbornou a obsadily v celkov\u00e9 hodnocen\u00ed prvn\u00ed p\u0159\u00ed\u010dky.<!--more--><\/p>\n<!-- default-view.php -->\n<div\n\tclass=\"ngg-galleryoverview default-view \"\n\tid=\"ngg-gallery-9f95a90905aacef45d25d8d35a319398-1\">\n\n\t\t<!-- Thumbnails -->\n\t\t\t\t<div id=\"ngg-image-0\" class=\"ngg-gallery-thumbnail-box \" >\n\t\t\t\t        <div class=\"ngg-gallery-thumbnail\">\n            <a href=\"https:\/\/old.atletikaolomouc.cz\/wp-content\/gallery\/1-kolo-kp-druzstev-pripravek\/DSC_0071.jpg\"\n               title=\"\"\n               data-src=\"https:\/\/old.atletikaolomouc.cz\/wp-content\/gallery\/1-kolo-kp-druzstev-pripravek\/DSC_0071.jpg\"\n               data-thumbnail=\"https:\/\/old.atletikaolomouc.cz\/wp-content\/gallery\/1-kolo-kp-druzstev-pripravek\/thumbs\/thumbs_DSC_0071.jpg\"\n               data-image-id=\"14729\"\n               data-title=\"DSC_0071\"\n               data-description=\"\"\n               data-image-slug=\"dsc_0071\"\n               class=\"ngg-simplelightbox\" rel=\"9f95a90905aacef45d25d8d35a319398\">\n                <img\n                    title=\"DSC_0071\"\n                    alt=\"DSC_0071\"\n                    src=\"https:\/\/old.atletikaolomouc.cz\/wp-content\/gallery\/1-kolo-kp-druzstev-pripravek\/thumbs\/thumbs_DSC_0071.jpg\"\n                    width=\"240\"\n                    height=\"160\"\n                    style=\"max-width:100%;\"\n                \/>\n            <\/a>\n        <\/div>\n\t\t\t\t\t\t\t<\/div> \n\t\t\t\n\t\t\t\t<div id=\"ngg-image-1\" class=\"ngg-gallery-thumbnail-box \" >\n\t\t\t\t        <div class=\"ngg-gallery-thumbnail\">\n            <a href=\"https:\/\/old.atletikaolomouc.cz\/wp-content\/gallery\/1-kolo-kp-druzstev-pripravek\/DSC_0072.jpg\"\n               title=\"\"\n               data-src=\"https:\/\/old.atletikaolomouc.cz\/wp-content\/gallery\/1-kolo-kp-druzstev-pripravek\/DSC_0072.jpg\"\n               data-thumbnail=\"https:\/\/old.atletikaolomouc.cz\/wp-content\/gallery\/1-kolo-kp-druzstev-pripravek\/thumbs\/thumbs_DSC_0072.jpg\"\n               data-image-id=\"14730\"\n               data-title=\"DSC_0072\"\n               data-description=\"\"\n               data-image-slug=\"dsc_0072\"\n               class=\"ngg-simplelightbox\" rel=\"9f95a90905aacef45d25d8d35a319398\">\n                <img\n                    title=\"DSC_0072\"\n                    alt=\"DSC_0072\"\n                    src=\"https:\/\/old.atletikaolomouc.cz\/wp-content\/gallery\/1-kolo-kp-druzstev-pripravek\/thumbs\/thumbs_DSC_0072.jpg\"\n                    width=\"240\"\n                    height=\"160\"\n                    style=\"max-width:100%;\"\n                \/>\n            <\/a>\n        <\/div>\n\t\t\t\t\t\t\t<\/div> \n\t\t\t\n\t\t\t\t<div id=\"ngg-image-2\" class=\"ngg-gallery-thumbnail-box \" >\n\t\t\t\t        <div class=\"ngg-gallery-thumbnail\">\n            <a href=\"https:\/\/old.atletikaolomouc.cz\/wp-content\/gallery\/1-kolo-kp-druzstev-pripravek\/DSC_0073.jpg\"\n               title=\"\"\n               data-src=\"https:\/\/old.atletikaolomouc.cz\/wp-content\/gallery\/1-kolo-kp-druzstev-pripravek\/DSC_0073.jpg\"\n               data-thumbnail=\"https:\/\/old.atletikaolomouc.cz\/wp-content\/gallery\/1-kolo-kp-druzstev-pripravek\/thumbs\/thumbs_DSC_0073.jpg\"\n               data-image-id=\"14731\"\n               data-title=\"DSC_0073\"\n               data-description=\"\"\n               data-image-slug=\"dsc_0073-1\"\n               class=\"ngg-simplelightbox\" rel=\"9f95a90905aacef45d25d8d35a319398\">\n                <img\n                    title=\"DSC_0073\"\n                    alt=\"DSC_0073\"\n                    src=\"https:\/\/old.atletikaolomouc.cz\/wp-content\/gallery\/1-kolo-kp-druzstev-pripravek\/thumbs\/thumbs_DSC_0073.jpg\"\n                    width=\"240\"\n                    height=\"160\"\n                    style=\"max-width:100%;\"\n                \/>\n            <\/a>\n        <\/div>\n\t\t\t\t\t\t\t<\/div> \n\t\t\t\n\t\t\t\t<div id=\"ngg-image-3\" class=\"ngg-gallery-thumbnail-box \" >\n\t\t\t\t        <div class=\"ngg-gallery-thumbnail\">\n            <a href=\"https:\/\/old.atletikaolomouc.cz\/wp-content\/gallery\/1-kolo-kp-druzstev-pripravek\/DSC_0074.jpg\"\n               title=\"\"\n               data-src=\"https:\/\/old.atletikaolomouc.cz\/wp-content\/gallery\/1-kolo-kp-druzstev-pripravek\/DSC_0074.jpg\"\n               data-thumbnail=\"https:\/\/old.atletikaolomouc.cz\/wp-content\/gallery\/1-kolo-kp-druzstev-pripravek\/thumbs\/thumbs_DSC_0074.jpg\"\n               data-image-id=\"14732\"\n               data-title=\"DSC_0074\"\n               data-description=\"\"\n               data-image-slug=\"dsc_0074-1\"\n               class=\"ngg-simplelightbox\" rel=\"9f95a90905aacef45d25d8d35a319398\">\n                <img\n                    title=\"DSC_0074\"\n                    alt=\"DSC_0074\"\n                    src=\"https:\/\/old.atletikaolomouc.cz\/wp-content\/gallery\/1-kolo-kp-druzstev-pripravek\/thumbs\/thumbs_DSC_0074.jpg\"\n                    width=\"240\"\n                    height=\"160\"\n                    style=\"max-width:100%;\"\n                \/>\n            <\/a>\n        <\/div>\n\t\t\t\t\t\t\t<\/div> \n\t\t\t\n\t\t\t\t<div id=\"ngg-image-4\" class=\"ngg-gallery-thumbnail-box \" >\n\t\t\t\t        <div class=\"ngg-gallery-thumbnail\">\n            <a href=\"https:\/\/old.atletikaolomouc.cz\/wp-content\/gallery\/1-kolo-kp-druzstev-pripravek\/DSC_0075.jpg\"\n               title=\"\"\n               data-src=\"https:\/\/old.atletikaolomouc.cz\/wp-content\/gallery\/1-kolo-kp-druzstev-pripravek\/DSC_0075.jpg\"\n               data-thumbnail=\"https:\/\/old.atletikaolomouc.cz\/wp-content\/gallery\/1-kolo-kp-druzstev-pripravek\/thumbs\/thumbs_DSC_0075.jpg\"\n               data-image-id=\"14733\"\n               data-title=\"DSC_0075\"\n               data-description=\"\"\n               data-image-slug=\"dsc_0075-1\"\n               class=\"ngg-simplelightbox\" rel=\"9f95a90905aacef45d25d8d35a319398\">\n                <img\n                    title=\"DSC_0075\"\n                    alt=\"DSC_0075\"\n                    src=\"https:\/\/old.atletikaolomouc.cz\/wp-content\/gallery\/1-kolo-kp-druzstev-pripravek\/thumbs\/thumbs_DSC_0075.jpg\"\n                    width=\"240\"\n                    height=\"160\"\n                    style=\"max-width:100%;\"\n                \/>\n            <\/a>\n        <\/div>\n\t\t\t\t\t\t\t<\/div> \n\t\t\t\n\t\t\t\t<div id=\"ngg-image-5\" class=\"ngg-gallery-thumbnail-box \" >\n\t\t\t\t        <div class=\"ngg-gallery-thumbnail\">\n            <a href=\"https:\/\/old.atletikaolomouc.cz\/wp-content\/gallery\/1-kolo-kp-druzstev-pripravek\/DSC_0076.jpg\"\n               title=\"\"\n               data-src=\"https:\/\/old.atletikaolomouc.cz\/wp-content\/gallery\/1-kolo-kp-druzstev-pripravek\/DSC_0076.jpg\"\n               data-thumbnail=\"https:\/\/old.atletikaolomouc.cz\/wp-content\/gallery\/1-kolo-kp-druzstev-pripravek\/thumbs\/thumbs_DSC_0076.jpg\"\n               data-image-id=\"14734\"\n               data-title=\"DSC_0076\"\n               data-description=\"\"\n               data-image-slug=\"dsc_0076-1\"\n               class=\"ngg-simplelightbox\" rel=\"9f95a90905aacef45d25d8d35a319398\">\n                <img\n                    title=\"DSC_0076\"\n                    alt=\"DSC_0076\"\n                    src=\"https:\/\/old.atletikaolomouc.cz\/wp-content\/gallery\/1-kolo-kp-druzstev-pripravek\/thumbs\/thumbs_DSC_0076.jpg\"\n                    width=\"240\"\n                    height=\"160\"\n                    style=\"max-width:100%;\"\n                \/>\n            <\/a>\n        <\/div>\n\t\t\t\t\t\t\t<\/div> \n\t\t\t\n\t\t\t\t<div id=\"ngg-image-6\" class=\"ngg-gallery-thumbnail-box \" >\n\t\t\t\t        <div class=\"ngg-gallery-thumbnail\">\n            <a href=\"https:\/\/old.atletikaolomouc.cz\/wp-content\/gallery\/1-kolo-kp-druzstev-pripravek\/DSC_0080.jpg\"\n               title=\"\"\n               data-src=\"https:\/\/old.atletikaolomouc.cz\/wp-content\/gallery\/1-kolo-kp-druzstev-pripravek\/DSC_0080.jpg\"\n               data-thumbnail=\"https:\/\/old.atletikaolomouc.cz\/wp-content\/gallery\/1-kolo-kp-druzstev-pripravek\/thumbs\/thumbs_DSC_0080.jpg\"\n               data-image-id=\"14735\"\n               data-title=\"DSC_0080\"\n               data-description=\"\"\n               data-image-slug=\"dsc_0080\"\n               class=\"ngg-simplelightbox\" rel=\"9f95a90905aacef45d25d8d35a319398\">\n                <img\n                    title=\"DSC_0080\"\n                    alt=\"DSC_0080\"\n                    src=\"https:\/\/old.atletikaolomouc.cz\/wp-content\/gallery\/1-kolo-kp-druzstev-pripravek\/thumbs\/thumbs_DSC_0080.jpg\"\n                    width=\"240\"\n                    height=\"160\"\n                    style=\"max-width:100%;\"\n                \/>\n            <\/a>\n        <\/div>\n\t\t\t\t\t\t\t<\/div> \n\t\t\t\n\t\t\t\t<div id=\"ngg-image-7\" class=\"ngg-gallery-thumbnail-box \" >\n\t\t\t\t        <div class=\"ngg-gallery-thumbnail\">\n            <a href=\"https:\/\/old.atletikaolomouc.cz\/wp-content\/gallery\/1-kolo-kp-druzstev-pripravek\/DSC_0085.jpg\"\n               title=\"\"\n               data-src=\"https:\/\/old.atletikaolomouc.cz\/wp-content\/gallery\/1-kolo-kp-druzstev-pripravek\/DSC_0085.jpg\"\n               data-thumbnail=\"https:\/\/old.atletikaolomouc.cz\/wp-content\/gallery\/1-kolo-kp-druzstev-pripravek\/thumbs\/thumbs_DSC_0085.jpg\"\n               data-image-id=\"14736\"\n               data-title=\"DSC_0085\"\n               data-description=\"\"\n               data-image-slug=\"dsc_0085\"\n               class=\"ngg-simplelightbox\" rel=\"9f95a90905aacef45d25d8d35a319398\">\n                <img\n                    title=\"DSC_0085\"\n                    alt=\"DSC_0085\"\n                    src=\"https:\/\/old.atletikaolomouc.cz\/wp-content\/gallery\/1-kolo-kp-druzstev-pripravek\/thumbs\/thumbs_DSC_0085.jpg\"\n                    width=\"240\"\n                    height=\"160\"\n                    style=\"max-width:100%;\"\n                \/>\n            <\/a>\n        <\/div>\n\t\t\t\t\t\t\t<\/div> \n\t\t\t\n\t\t\t\t<div id=\"ngg-image-8\" class=\"ngg-gallery-thumbnail-box \" >\n\t\t\t\t        <div class=\"ngg-gallery-thumbnail\">\n            <a href=\"https:\/\/old.atletikaolomouc.cz\/wp-content\/gallery\/1-kolo-kp-druzstev-pripravek\/DSC_0086.jpg\"\n               title=\"\"\n               data-src=\"https:\/\/old.atletikaolomouc.cz\/wp-content\/gallery\/1-kolo-kp-druzstev-pripravek\/DSC_0086.jpg\"\n               data-thumbnail=\"https:\/\/old.atletikaolomouc.cz\/wp-content\/gallery\/1-kolo-kp-druzstev-pripravek\/thumbs\/thumbs_DSC_0086.jpg\"\n               data-image-id=\"14737\"\n               data-title=\"DSC_0086\"\n               data-description=\"\"\n               data-image-slug=\"dsc_0086-1\"\n               class=\"ngg-simplelightbox\" rel=\"9f95a90905aacef45d25d8d35a319398\">\n                <img\n                    title=\"DSC_0086\"\n                    alt=\"DSC_0086\"\n                    src=\"https:\/\/old.atletikaolomouc.cz\/wp-content\/gallery\/1-kolo-kp-druzstev-pripravek\/thumbs\/thumbs_DSC_0086.jpg\"\n                    width=\"240\"\n                    height=\"160\"\n                    style=\"max-width:100%;\"\n                \/>\n            <\/a>\n        <\/div>\n\t\t\t\t\t\t\t<\/div> \n\t\t\t\n\t\t\t\t<div id=\"ngg-image-9\" class=\"ngg-gallery-thumbnail-box \" >\n\t\t\t\t        <div class=\"ngg-gallery-thumbnail\">\n            <a href=\"https:\/\/old.atletikaolomouc.cz\/wp-content\/gallery\/1-kolo-kp-druzstev-pripravek\/DSC_0087.jpg\"\n               title=\"\"\n               data-src=\"https:\/\/old.atletikaolomouc.cz\/wp-content\/gallery\/1-kolo-kp-druzstev-pripravek\/DSC_0087.jpg\"\n               data-thumbnail=\"https:\/\/old.atletikaolomouc.cz\/wp-content\/gallery\/1-kolo-kp-druzstev-pripravek\/thumbs\/thumbs_DSC_0087.jpg\"\n               data-image-id=\"14738\"\n               data-title=\"DSC_0087\"\n               data-description=\"\"\n               data-image-slug=\"dsc_0087\"\n               class=\"ngg-simplelightbox\" rel=\"9f95a90905aacef45d25d8d35a319398\">\n                <img\n                    title=\"DSC_0087\"\n                    alt=\"DSC_0087\"\n                    src=\"https:\/\/old.atletikaolomouc.cz\/wp-content\/gallery\/1-kolo-kp-druzstev-pripravek\/thumbs\/thumbs_DSC_0087.jpg\"\n                    width=\"240\"\n                    height=\"160\"\n                    style=\"max-width:100%;\"\n                \/>\n            <\/a>\n        <\/div>\n\t\t\t\t\t\t\t<\/div> \n\t\t\t\n\t\t\t\t<div id=\"ngg-image-10\" class=\"ngg-gallery-thumbnail-box \" >\n\t\t\t\t        <div class=\"ngg-gallery-thumbnail\">\n            <a href=\"https:\/\/old.atletikaolomouc.cz\/wp-content\/gallery\/1-kolo-kp-druzstev-pripravek\/DSC_0088.jpg\"\n               title=\"\"\n               data-src=\"https:\/\/old.atletikaolomouc.cz\/wp-content\/gallery\/1-kolo-kp-druzstev-pripravek\/DSC_0088.jpg\"\n               data-thumbnail=\"https:\/\/old.atletikaolomouc.cz\/wp-content\/gallery\/1-kolo-kp-druzstev-pripravek\/thumbs\/thumbs_DSC_0088.jpg\"\n               data-image-id=\"14739\"\n               data-title=\"DSC_0088\"\n               data-description=\"\"\n               data-image-slug=\"dsc_0088\"\n               class=\"ngg-simplelightbox\" rel=\"9f95a90905aacef45d25d8d35a319398\">\n                <img\n                    title=\"DSC_0088\"\n                    alt=\"DSC_0088\"\n                    src=\"https:\/\/old.atletikaolomouc.cz\/wp-content\/gallery\/1-kolo-kp-druzstev-pripravek\/thumbs\/thumbs_DSC_0088.jpg\"\n                    width=\"240\"\n                    height=\"160\"\n                    style=\"max-width:100%;\"\n                \/>\n            <\/a>\n        <\/div>\n\t\t\t\t\t\t\t<\/div> \n\t\t\t\n\t\t\t\t<div id=\"ngg-image-11\" class=\"ngg-gallery-thumbnail-box \" >\n\t\t\t\t        <div class=\"ngg-gallery-thumbnail\">\n            <a href=\"https:\/\/old.atletikaolomouc.cz\/wp-content\/gallery\/1-kolo-kp-druzstev-pripravek\/DSC_0090.jpg\"\n               title=\"\"\n               data-src=\"https:\/\/old.atletikaolomouc.cz\/wp-content\/gallery\/1-kolo-kp-druzstev-pripravek\/DSC_0090.jpg\"\n               data-thumbnail=\"https:\/\/old.atletikaolomouc.cz\/wp-content\/gallery\/1-kolo-kp-druzstev-pripravek\/thumbs\/thumbs_DSC_0090.jpg\"\n               data-image-id=\"14740\"\n               data-title=\"DSC_0090\"\n               data-description=\"\"\n               data-image-slug=\"dsc_0090-1\"\n               class=\"ngg-simplelightbox\" rel=\"9f95a90905aacef45d25d8d35a319398\">\n                <img\n                    title=\"DSC_0090\"\n                    alt=\"DSC_0090\"\n                    src=\"https:\/\/old.atletikaolomouc.cz\/wp-content\/gallery\/1-kolo-kp-druzstev-pripravek\/thumbs\/thumbs_DSC_0090.jpg\"\n                    width=\"240\"\n                    height=\"160\"\n                    style=\"max-width:100%;\"\n                \/>\n            <\/a>\n        <\/div>\n\t\t\t\t\t\t\t<\/div> \n\t\t\t\n\t\t\t\t<div id=\"ngg-image-12\" class=\"ngg-gallery-thumbnail-box \" >\n\t\t\t\t        <div class=\"ngg-gallery-thumbnail\">\n            <a href=\"https:\/\/old.atletikaolomouc.cz\/wp-content\/gallery\/1-kolo-kp-druzstev-pripravek\/DSC_0093.jpg\"\n               title=\"\"\n               data-src=\"https:\/\/old.atletikaolomouc.cz\/wp-content\/gallery\/1-kolo-kp-druzstev-pripravek\/DSC_0093.jpg\"\n               data-thumbnail=\"https:\/\/old.atletikaolomouc.cz\/wp-content\/gallery\/1-kolo-kp-druzstev-pripravek\/thumbs\/thumbs_DSC_0093.jpg\"\n               data-image-id=\"14741\"\n               data-title=\"DSC_0093\"\n               data-description=\"\"\n               data-image-slug=\"dsc_0093\"\n               class=\"ngg-simplelightbox\" rel=\"9f95a90905aacef45d25d8d35a319398\">\n                <img\n                    title=\"DSC_0093\"\n                    alt=\"DSC_0093\"\n                    src=\"https:\/\/old.atletikaolomouc.cz\/wp-content\/gallery\/1-kolo-kp-druzstev-pripravek\/thumbs\/thumbs_DSC_0093.jpg\"\n                    width=\"240\"\n                    height=\"160\"\n                    style=\"max-width:100%;\"\n                \/>\n            <\/a>\n        <\/div>\n\t\t\t\t\t\t\t<\/div> \n\t\t\t\n\t\t\t\t<div id=\"ngg-image-13\" class=\"ngg-gallery-thumbnail-box \" >\n\t\t\t\t        <div class=\"ngg-gallery-thumbnail\">\n            <a href=\"https:\/\/old.atletikaolomouc.cz\/wp-content\/gallery\/1-kolo-kp-druzstev-pripravek\/DSC_0094.jpg\"\n               title=\"\"\n               data-src=\"https:\/\/old.atletikaolomouc.cz\/wp-content\/gallery\/1-kolo-kp-druzstev-pripravek\/DSC_0094.jpg\"\n               data-thumbnail=\"https:\/\/old.atletikaolomouc.cz\/wp-content\/gallery\/1-kolo-kp-druzstev-pripravek\/thumbs\/thumbs_DSC_0094.jpg\"\n               data-image-id=\"14742\"\n               data-title=\"DSC_0094\"\n               data-description=\"\"\n               data-image-slug=\"dsc_0094\"\n               class=\"ngg-simplelightbox\" rel=\"9f95a90905aacef45d25d8d35a319398\">\n                <img\n                    title=\"DSC_0094\"\n                    alt=\"DSC_0094\"\n                    src=\"https:\/\/old.atletikaolomouc.cz\/wp-content\/gallery\/1-kolo-kp-druzstev-pripravek\/thumbs\/thumbs_DSC_0094.jpg\"\n                    width=\"240\"\n                    height=\"160\"\n                    style=\"max-width:100%;\"\n                \/>\n            <\/a>\n        <\/div>\n\t\t\t\t\t\t\t<\/div> \n\t\t\t\n\t\t\t\t<div id=\"ngg-image-14\" class=\"ngg-gallery-thumbnail-box \" >\n\t\t\t\t        <div class=\"ngg-gallery-thumbnail\">\n            <a href=\"https:\/\/old.atletikaolomouc.cz\/wp-content\/gallery\/1-kolo-kp-druzstev-pripravek\/DSC_0095.jpg\"\n               title=\"\"\n               data-src=\"https:\/\/old.atletikaolomouc.cz\/wp-content\/gallery\/1-kolo-kp-druzstev-pripravek\/DSC_0095.jpg\"\n               data-thumbnail=\"https:\/\/old.atletikaolomouc.cz\/wp-content\/gallery\/1-kolo-kp-druzstev-pripravek\/thumbs\/thumbs_DSC_0095.jpg\"\n               data-image-id=\"14743\"\n               data-title=\"DSC_0095\"\n               data-description=\"\"\n               data-image-slug=\"dsc_0095\"\n               class=\"ngg-simplelightbox\" rel=\"9f95a90905aacef45d25d8d35a319398\">\n                <img\n                    title=\"DSC_0095\"\n                    alt=\"DSC_0095\"\n                    src=\"https:\/\/old.atletikaolomouc.cz\/wp-content\/gallery\/1-kolo-kp-druzstev-pripravek\/thumbs\/thumbs_DSC_0095.jpg\"\n                    width=\"240\"\n                    height=\"160\"\n                    style=\"max-width:100%;\"\n                \/>\n            <\/a>\n        <\/div>\n\t\t\t\t\t\t\t<\/div> \n\t\t\t\n\t\t\t\t<div id=\"ngg-image-15\" class=\"ngg-gallery-thumbnail-box \" >\n\t\t\t\t        <div class=\"ngg-gallery-thumbnail\">\n            <a href=\"https:\/\/old.atletikaolomouc.cz\/wp-content\/gallery\/1-kolo-kp-druzstev-pripravek\/DSC_0096.jpg\"\n               title=\"\"\n               data-src=\"https:\/\/old.atletikaolomouc.cz\/wp-content\/gallery\/1-kolo-kp-druzstev-pripravek\/DSC_0096.jpg\"\n               data-thumbnail=\"https:\/\/old.atletikaolomouc.cz\/wp-content\/gallery\/1-kolo-kp-druzstev-pripravek\/thumbs\/thumbs_DSC_0096.jpg\"\n               data-image-id=\"14744\"\n               data-title=\"DSC_0096\"\n               data-description=\"\"\n               data-image-slug=\"dsc_0096-1\"\n               class=\"ngg-simplelightbox\" rel=\"9f95a90905aacef45d25d8d35a319398\">\n                <img\n                    title=\"DSC_0096\"\n                    alt=\"DSC_0096\"\n                    src=\"https:\/\/old.atletikaolomouc.cz\/wp-content\/gallery\/1-kolo-kp-druzstev-pripravek\/thumbs\/thumbs_DSC_0096.jpg\"\n                    width=\"240\"\n                    height=\"160\"\n                    style=\"max-width:100%;\"\n                \/>\n            <\/a>\n        <\/div>\n\t\t\t\t\t\t\t<\/div> \n\t\t\t\n\t\t\t\t<div id=\"ngg-image-16\" class=\"ngg-gallery-thumbnail-box \" >\n\t\t\t\t        <div class=\"ngg-gallery-thumbnail\">\n            <a href=\"https:\/\/old.atletikaolomouc.cz\/wp-content\/gallery\/1-kolo-kp-druzstev-pripravek\/DSC_0097.jpg\"\n               title=\"\"\n               data-src=\"https:\/\/old.atletikaolomouc.cz\/wp-content\/gallery\/1-kolo-kp-druzstev-pripravek\/DSC_0097.jpg\"\n               data-thumbnail=\"https:\/\/old.atletikaolomouc.cz\/wp-content\/gallery\/1-kolo-kp-druzstev-pripravek\/thumbs\/thumbs_DSC_0097.jpg\"\n               data-image-id=\"14745\"\n               data-title=\"DSC_0097\"\n               data-description=\"\"\n               data-image-slug=\"dsc_0097\"\n               class=\"ngg-simplelightbox\" rel=\"9f95a90905aacef45d25d8d35a319398\">\n                <img\n                    title=\"DSC_0097\"\n                    alt=\"DSC_0097\"\n                    src=\"https:\/\/old.atletikaolomouc.cz\/wp-content\/gallery\/1-kolo-kp-druzstev-pripravek\/thumbs\/thumbs_DSC_0097.jpg\"\n                    width=\"240\"\n                    height=\"160\"\n                    style=\"max-width:100%;\"\n                \/>\n            <\/a>\n        <\/div>\n\t\t\t\t\t\t\t<\/div> \n\t\t\t\n\t\t\t\t<div id=\"ngg-image-17\" class=\"ngg-gallery-thumbnail-box \" >\n\t\t\t\t        <div class=\"ngg-gallery-thumbnail\">\n            <a href=\"https:\/\/old.atletikaolomouc.cz\/wp-content\/gallery\/1-kolo-kp-druzstev-pripravek\/DSC_0098.jpg\"\n               title=\"\"\n               data-src=\"https:\/\/old.atletikaolomouc.cz\/wp-content\/gallery\/1-kolo-kp-druzstev-pripravek\/DSC_0098.jpg\"\n               data-thumbnail=\"https:\/\/old.atletikaolomouc.cz\/wp-content\/gallery\/1-kolo-kp-druzstev-pripravek\/thumbs\/thumbs_DSC_0098.jpg\"\n               data-image-id=\"14746\"\n               data-title=\"DSC_0098\"\n               data-description=\"\"\n               data-image-slug=\"dsc_0098-1\"\n               class=\"ngg-simplelightbox\" rel=\"9f95a90905aacef45d25d8d35a319398\">\n                <img\n                    title=\"DSC_0098\"\n                    alt=\"DSC_0098\"\n                    src=\"https:\/\/old.atletikaolomouc.cz\/wp-content\/gallery\/1-kolo-kp-druzstev-pripravek\/thumbs\/thumbs_DSC_0098.jpg\"\n                    width=\"240\"\n                    height=\"160\"\n                    style=\"max-width:100%;\"\n                \/>\n            <\/a>\n        <\/div>\n\t\t\t\t\t\t\t<\/div> \n\t\t\t\n\t\t\t\t<div id=\"ngg-image-18\" class=\"ngg-gallery-thumbnail-box \" >\n\t\t\t\t        <div class=\"ngg-gallery-thumbnail\">\n            <a href=\"https:\/\/old.atletikaolomouc.cz\/wp-content\/gallery\/1-kolo-kp-druzstev-pripravek\/DSC_0101.jpg\"\n               title=\"\"\n               data-src=\"https:\/\/old.atletikaolomouc.cz\/wp-content\/gallery\/1-kolo-kp-druzstev-pripravek\/DSC_0101.jpg\"\n               data-thumbnail=\"https:\/\/old.atletikaolomouc.cz\/wp-content\/gallery\/1-kolo-kp-druzstev-pripravek\/thumbs\/thumbs_DSC_0101.jpg\"\n               data-image-id=\"14747\"\n               data-title=\"DSC_0101\"\n               data-description=\"\"\n               data-image-slug=\"dsc_0101-4\"\n               class=\"ngg-simplelightbox\" rel=\"9f95a90905aacef45d25d8d35a319398\">\n                <img\n                    title=\"DSC_0101\"\n                    alt=\"DSC_0101\"\n                    src=\"https:\/\/old.atletikaolomouc.cz\/wp-content\/gallery\/1-kolo-kp-druzstev-pripravek\/thumbs\/thumbs_DSC_0101.jpg\"\n                    width=\"240\"\n                    height=\"160\"\n                    style=\"max-width:100%;\"\n                \/>\n            <\/a>\n        <\/div>\n\t\t\t\t\t\t\t<\/div> \n\t\t\t\n\t\t\t\t<div id=\"ngg-image-19\" class=\"ngg-gallery-thumbnail-box \" >\n\t\t\t\t        <div class=\"ngg-gallery-thumbnail\">\n            <a href=\"https:\/\/old.atletikaolomouc.cz\/wp-content\/gallery\/1-kolo-kp-druzstev-pripravek\/DSC_0102.jpg\"\n               title=\"\"\n               data-src=\"https:\/\/old.atletikaolomouc.cz\/wp-content\/gallery\/1-kolo-kp-druzstev-pripravek\/DSC_0102.jpg\"\n               data-thumbnail=\"https:\/\/old.atletikaolomouc.cz\/wp-content\/gallery\/1-kolo-kp-druzstev-pripravek\/thumbs\/thumbs_DSC_0102.jpg\"\n               data-image-id=\"14748\"\n               data-title=\"DSC_0102\"\n               data-description=\"\"\n               data-image-slug=\"dsc_0102-2\"\n               class=\"ngg-simplelightbox\" rel=\"9f95a90905aacef45d25d8d35a319398\">\n                <img\n                    title=\"DSC_0102\"\n                    alt=\"DSC_0102\"\n                    src=\"https:\/\/old.atletikaolomouc.cz\/wp-content\/gallery\/1-kolo-kp-druzstev-pripravek\/thumbs\/thumbs_DSC_0102.jpg\"\n                    width=\"240\"\n                    height=\"160\"\n                    style=\"max-width:100%;\"\n                \/>\n            <\/a>\n        <\/div>\n\t\t\t\t\t\t\t<\/div> \n\t\t\t\n\t\t\t\t<div id=\"ngg-image-20\" class=\"ngg-gallery-thumbnail-box \" >\n\t\t\t\t        <div class=\"ngg-gallery-thumbnail\">\n            <a href=\"https:\/\/old.atletikaolomouc.cz\/wp-content\/gallery\/1-kolo-kp-druzstev-pripravek\/DSC_0103.jpg\"\n               title=\"\"\n               data-src=\"https:\/\/old.atletikaolomouc.cz\/wp-content\/gallery\/1-kolo-kp-druzstev-pripravek\/DSC_0103.jpg\"\n               data-thumbnail=\"https:\/\/old.atletikaolomouc.cz\/wp-content\/gallery\/1-kolo-kp-druzstev-pripravek\/thumbs\/thumbs_DSC_0103.jpg\"\n               data-image-id=\"14749\"\n               data-title=\"DSC_0103\"\n               data-description=\"\"\n               data-image-slug=\"dsc_0103-3\"\n               class=\"ngg-simplelightbox\" rel=\"9f95a90905aacef45d25d8d35a319398\">\n                <img\n                    title=\"DSC_0103\"\n                    alt=\"DSC_0103\"\n                    src=\"https:\/\/old.atletikaolomouc.cz\/wp-content\/gallery\/1-kolo-kp-druzstev-pripravek\/thumbs\/thumbs_DSC_0103.jpg\"\n                    width=\"240\"\n                    height=\"160\"\n                    style=\"max-width:100%;\"\n                \/>\n            <\/a>\n        <\/div>\n\t\t\t\t\t\t\t<\/div> \n\t\t\t\n\t\t\t\t<div id=\"ngg-image-21\" class=\"ngg-gallery-thumbnail-box \" >\n\t\t\t\t        <div class=\"ngg-gallery-thumbnail\">\n            <a href=\"https:\/\/old.atletikaolomouc.cz\/wp-content\/gallery\/1-kolo-kp-druzstev-pripravek\/DSC_0108.jpg\"\n               title=\"\"\n               data-src=\"https:\/\/old.atletikaolomouc.cz\/wp-content\/gallery\/1-kolo-kp-druzstev-pripravek\/DSC_0108.jpg\"\n               data-thumbnail=\"https:\/\/old.atletikaolomouc.cz\/wp-content\/gallery\/1-kolo-kp-druzstev-pripravek\/thumbs\/thumbs_DSC_0108.jpg\"\n               data-image-id=\"14750\"\n               data-title=\"DSC_0108\"\n               data-description=\"\"\n               data-image-slug=\"dsc_0108-2\"\n               class=\"ngg-simplelightbox\" rel=\"9f95a90905aacef45d25d8d35a319398\">\n                <img\n                    title=\"DSC_0108\"\n                    alt=\"DSC_0108\"\n                    src=\"https:\/\/old.atletikaolomouc.cz\/wp-content\/gallery\/1-kolo-kp-druzstev-pripravek\/thumbs\/thumbs_DSC_0108.jpg\"\n                    width=\"240\"\n                    height=\"160\"\n                    style=\"max-width:100%;\"\n                \/>\n            <\/a>\n        <\/div>\n\t\t\t\t\t\t\t<\/div> \n\t\t\t\n\t\t\t\t<div id=\"ngg-image-22\" class=\"ngg-gallery-thumbnail-box \" >\n\t\t\t\t        <div class=\"ngg-gallery-thumbnail\">\n            <a href=\"https:\/\/old.atletikaolomouc.cz\/wp-content\/gallery\/1-kolo-kp-druzstev-pripravek\/DSC_0109.jpg\"\n               title=\"\"\n               data-src=\"https:\/\/old.atletikaolomouc.cz\/wp-content\/gallery\/1-kolo-kp-druzstev-pripravek\/DSC_0109.jpg\"\n               data-thumbnail=\"https:\/\/old.atletikaolomouc.cz\/wp-content\/gallery\/1-kolo-kp-druzstev-pripravek\/thumbs\/thumbs_DSC_0109.jpg\"\n               data-image-id=\"14751\"\n               data-title=\"DSC_0109\"\n               data-description=\"\"\n               data-image-slug=\"dsc_0109-3\"\n               class=\"ngg-simplelightbox\" rel=\"9f95a90905aacef45d25d8d35a319398\">\n                <img\n                    title=\"DSC_0109\"\n                    alt=\"DSC_0109\"\n                    src=\"https:\/\/old.atletikaolomouc.cz\/wp-content\/gallery\/1-kolo-kp-druzstev-pripravek\/thumbs\/thumbs_DSC_0109.jpg\"\n                    width=\"240\"\n                    height=\"160\"\n                    style=\"max-width:100%;\"\n                \/>\n            <\/a>\n        <\/div>\n\t\t\t\t\t\t\t<\/div> \n\t\t\t\n\t\t\t\t<div id=\"ngg-image-23\" class=\"ngg-gallery-thumbnail-box \" >\n\t\t\t\t        <div class=\"ngg-gallery-thumbnail\">\n            <a href=\"https:\/\/old.atletikaolomouc.cz\/wp-content\/gallery\/1-kolo-kp-druzstev-pripravek\/DSC_0110.jpg\"\n               title=\"\"\n               data-src=\"https:\/\/old.atletikaolomouc.cz\/wp-content\/gallery\/1-kolo-kp-druzstev-pripravek\/DSC_0110.jpg\"\n               data-thumbnail=\"https:\/\/old.atletikaolomouc.cz\/wp-content\/gallery\/1-kolo-kp-druzstev-pripravek\/thumbs\/thumbs_DSC_0110.jpg\"\n               data-image-id=\"14752\"\n               data-title=\"DSC_0110\"\n               data-description=\"\"\n               data-image-slug=\"dsc_0110\"\n               class=\"ngg-simplelightbox\" rel=\"9f95a90905aacef45d25d8d35a319398\">\n                <img\n                    title=\"DSC_0110\"\n                    alt=\"DSC_0110\"\n                    src=\"https:\/\/old.atletikaolomouc.cz\/wp-content\/gallery\/1-kolo-kp-druzstev-pripravek\/thumbs\/thumbs_DSC_0110.jpg\"\n                    width=\"240\"\n                    height=\"160\"\n                    style=\"max-width:100%;\"\n                \/>\n            <\/a>\n        <\/div>\n\t\t\t\t\t\t\t<\/div> \n\t\t\t\n\t\n\t<br style=\"clear: both\" \/>\n\n\t\n\t\t<!-- Pagination -->\n\t<div class='ngg-navigation'><span class='current'>1<\/span>\n<a class='page-numbers' data-pageid='2' href='https:\/\/old.atletikaolomouc.cz\/index.php\/nggallery\/page\/2?p=30285'>2<\/a>\n<span class='ellipsis'>...<\/span>\n<a class='page-numbers' data-pageid='7' href='https:\/\/old.atletikaolomouc.cz\/index.php\/nggallery\/page\/7?p=30285'>7<\/a>\n<a class='prev' href='https:\/\/old.atletikaolomouc.cz\/index.php\/nggallery\/page\/2?p=30285' data-pageid=2>&#9658;<\/a><\/div>\t<\/div>\n\n","protected":false},"excerpt":{"rendered":"<p>V \u00fater\u00fd 1. \u010dervna prob\u011bhlo v \u0160umperku 1. kolo Krajsk\u00e9ho p\u0159eboru dru\u017estev atletick\u00fdch p\u0159\u00edpravek. Olomouck\u00e1 dru\u017estva d\u00edvek i chlapc\u016f vstoupila do sout\u011b\u017ee na v\u00fdbornou a obsadily v celkov\u00e9 hodnocen\u00ed prvn\u00ed p\u0159\u00ed\u010dky.<\/p>\n","protected":false},"author":14,"featured_media":0,"comment_status":"closed","ping_status":"closed","sticky":false,"template":"","format":"standard","meta":{"ngg_post_thumbnail":0},"categories":[6,65,19],"tags":[],"_links":{"self":[{"href":"https:\/\/old.atletikaolomouc.cz\/index.php?rest_route=\/wp\/v2\/posts\/30285"}],"collection":[{"href":"https:\/\/old.atletikaolomouc.cz\/index.php?rest_route=\/wp\/v2\/posts"}],"about":[{"href":"https:\/\/old.atletikaolomouc.cz\/index.php?rest_route=\/wp\/v2\/types\/post"}],"author":[{"embeddable":true,"href":"https:\/\/old.atletikaolomouc.cz\/index.php?rest_route=\/wp\/v2\/users\/14"}],"replies":[{"embeddable":true,"href":"https:\/\/old.atletikaolomouc.cz\/index.php?rest_route=%2Fwp%2Fv2%2Fcomments&post=30285"}],"version-history":[{"count":6,"href":"https:\/\/old.atletikaolomouc.cz\/index.php?rest_route=\/wp\/v2\/posts\/30285\/revisions"}],"predecessor-version":[{"id":30542,"href":"https:\/\/old.atletikaolomouc.cz\/index.php?rest_route=\/wp\/v2\/posts\/30285\/revisions\/30542"}],"wp:attachment":[{"href":"https:\/\/old.atletikaolomouc.cz\/index.php?rest_route=%2Fwp%2Fv2%2Fmedia&parent=30285"}],"wp:term":[{"taxonomy":"category","embeddable":true,"href":"https:\/\/old.atletikaolomouc.cz\/index.php?rest_route=%2Fwp%2Fv2%2Fcategories&post=30285"},{"taxonomy":"post_tag","embeddable":true,"href":"https:\/\/old.atletikaolomouc.cz\/index.php?rest_route=%2Fwp%2Fv2%2Ftags&post=30285"}],"curies":[{"name":"wp","href":"https:\/\/api.w.org\/{rel}","templated":true}]}}