{"id":30549,"date":"2021-06-08T10:36:00","date_gmt":"2021-06-08T08:36:00","guid":{"rendered":"https:\/\/www.atletikaolomouc.cz\/?p=30549"},"modified":"2022-01-13T15:20:12","modified_gmt":"2022-01-13T14:20:12","slug":"mistrovstvi-evropy-handicapovanych-v-polsku","status":"publish","type":"post","link":"https:\/\/old.atletikaolomouc.cz\/?p=30549","title":{"rendered":"Mistrovstv\u00ed Evropy handicapovan\u00fdch v Polsku"},"content":{"rendered":"<p>1.-5.6.2021 prob\u011bhlo Mistrovstv\u00ed Evropy v polsk\u00e9m Bydgoszczi.<!--more--><\/p>\n<div id=\"attachment_30550\" style=\"width: 472px\" class=\"wp-caption aligncenter\"><a href=\"https:\/\/www.atletikaolomouc.cz\/wp-content\/uploads\/2021\/06\/193694362_10222194445748966_1812440176462136006_n.jpg\"><img aria-describedby=\"caption-attachment-30550\" decoding=\"async\" loading=\"lazy\" class=\" wp-image-30550\" src=\"https:\/\/www.atletikaolomouc.cz\/wp-content\/uploads\/2021\/06\/193694362_10222194445748966_1812440176462136006_n.jpg\" alt=\"\" width=\"462\" height=\"274\" srcset=\"https:\/\/old.atletikaolomouc.cz\/wp-content\/uploads\/2021\/06\/193694362_10222194445748966_1812440176462136006_n.jpg 960w, https:\/\/old.atletikaolomouc.cz\/wp-content\/uploads\/2021\/06\/193694362_10222194445748966_1812440176462136006_n-300x178.jpg 300w, https:\/\/old.atletikaolomouc.cz\/wp-content\/uploads\/2021\/06\/193694362_10222194445748966_1812440176462136006_n-768x456.jpg 768w, https:\/\/old.atletikaolomouc.cz\/wp-content\/uploads\/2021\/06\/193694362_10222194445748966_1812440176462136006_n-800x475.jpg 800w\" sizes=\"(max-width: 462px) 100vw, 462px\" \/><\/a><p id=\"caption-attachment-30550\" class=\"wp-caption-text\">\u010cesk\u00e1 v\u00fdprava na ME<\/p><\/div>\n<p>Olomou\u010dt\u00ed handi atleti se z\u00fa\u010dastnili ME v Polsku ve slo\u017een\u00ed:<br \/>\n<strong>Martin kukla, Eva Kacanu, Jan Mo\u0161t\u011bk a Filip Varto\u0148.<\/strong><\/p>\n<p>Eva Kacanu se sv\u00fdm soupe\u0159k\u00e1m v kategorii F54 postavila ve dvou discipl\u00edn\u00e1ch (vrh koul\u00ed a hod o\u0161t\u011bpem). Z\u00e1vod ve vrhu koul\u00ed byl 2. den, v\u00fdkonem 5,27 obsadila 4. m\u00edsto. Posledn\u00ed den se Eva postavila na start z\u00e1vodu v hodu o\u0161t\u011bpem, kde tak\u00e9 nejlep\u0161\u00edm v\u00fdkonem v leto\u0161n\u00edm roce obsadila 5. m\u00edsto hodem dlouh\u00fdm 9,33. V\u00fdsledky z\u00e1vod\u016f&nbsp;<a href=\"https:\/\/www.paralympic.org\/bydgoszcz-2021\/results\/info-live-results\/atby21\/eng\/zz\/ZZS105A_ATBY21ATWS84@@@ENG.htm\">vrhu koul\u00ed<\/a> a<a href=\"https:\/\/www.paralympic.org\/bydgoszcz-2021\/results\/info-live-results\/atby21\/eng\/at\/ATR173A_ATBY21ATWJ81101ENG.htm\"> hodu o\u0161t\u011bpem<\/a>.<\/p>\n<p>Martin Kukla tak\u00e9 z\u00e1vodil ve dvou discipl\u00edn\u00e1ch (hod o\u0161t\u011bpem a vrh koul\u00ed). V hodu o\u0161t\u011bpem Martin hodil \u010dtvrt\u00fdm pokusem 35,52, vyh\u00e1zel si 8. m\u00edsto. Vrh koul\u00ed se nepovedl dle p\u0159edstav a v\u00fdkonem 9,49 obsadil 9.m\u00edsto.<br \/>\nV\u00fdsledky z\u00e1vod\u016f&nbsp;<a href=\"https:\/\/www.paralympic.org\/bydgoszcz-2021\/results\/info-live-results\/atby21\/eng\/at\/ATR173A_ATBY21ATMJ82101ENG.htm\">hod o\u0161t\u011bpem<\/a> a <a href=\"https:\/\/www.paralympic.org\/bydgoszcz-2021\/results\/info-live-results\/atby21\/eng\/at\/ATR173A_ATBY21ATMS37101ENG.htm\">vrh koul\u00ed<\/a>.<\/p>\n<p>Jan Mo\u0161t\u011bk ve sv\u00e9 discipl\u00edn\u011b (b\u011bhu na 400m kategorie F37) m\u011bl vedle sebe na startu mistra sv\u011bta, v tr\u00e9ninku si stanovil \u010das, kter\u00fd chce zab\u011bhnout a v\u00fdsledek 63,77, jej o p\u00e1r vte\u0159in p\u0159ed\u010dil.<br \/>\nV\u00fdsledky Honzova z\u00e1vodu k nahl\u00e9dnut\u00ed<a href=\"https:\/\/www.paralympic.org\/bydgoszcz-2021\/results\/info-live-results\/atby21\/eng\/at\/ATR173A_ATBY21ATM437101ENG.htm\"> zde.<\/a><\/p>\n<p>Filip Varto\u0148 se utkal se soupe\u0159i v hodu diskem, tak\u00e9 on si stanovil metu, na kterou chce dohodit a povedlo se. Posledn\u00edm pokusem hodil rovn\u00fdch 13m a bral v kategorii F52&nbsp; 6.m\u00edsto.<br \/>\nFilipovy v\u00fdsledky k nahl\u00e9dnut\u00ed <a href=\"https:\/\/www.paralympic.org\/bydgoszcz-2021\/results\/info-live-results\/atby21\/eng\/zz\/ZZS105A_ATBY21ATMD80@@@ENG.htm\">zde<\/a>.<\/p>\n<p>V\u0161em \u00fa\u010dastn\u00edk\u016fm ME gratulujeme a p\u0159ejeme \u0161t\u011bst\u00ed do dal\u0161\u00edch z\u00e1vod\u016f.<\/p>\n","protected":false},"excerpt":{"rendered":"<p>1.-5.6.2021 prob\u011bhlo Mistrovstv\u00ed Evropy v polsk\u00e9m Bydgoszczi.<\/p>\n","protected":false},"author":17,"featured_media":0,"comment_status":"closed","ping_status":"closed","sticky":false,"template":"","format":"standard","meta":{"ngg_post_thumbnail":0},"categories":[5,48],"tags":[],"_links":{"self":[{"href":"https:\/\/old.atletikaolomouc.cz\/index.php?rest_route=\/wp\/v2\/posts\/30549"}],"collection":[{"href":"https:\/\/old.atletikaolomouc.cz\/index.php?rest_route=\/wp\/v2\/posts"}],"about":[{"href":"https:\/\/old.atletikaolomouc.cz\/index.php?rest_route=\/wp\/v2\/types\/post"}],"author":[{"embeddable":true,"href":"https:\/\/old.atletikaolomouc.cz\/index.php?rest_route=\/wp\/v2\/users\/17"}],"replies":[{"embeddable":true,"href":"https:\/\/old.atletikaolomouc.cz\/index.php?rest_route=%2Fwp%2Fv2%2Fcomments&post=30549"}],"version-history":[{"count":5,"href":"https:\/\/old.atletikaolomouc.cz\/index.php?rest_route=\/wp\/v2\/posts\/30549\/revisions"}],"predecessor-version":[{"id":32998,"href":"https:\/\/old.atletikaolomouc.cz\/index.php?rest_route=\/wp\/v2\/posts\/30549\/revisions\/32998"}],"wp:attachment":[{"href":"https:\/\/old.atletikaolomouc.cz\/index.php?rest_route=%2Fwp%2Fv2%2Fmedia&parent=30549"}],"wp:term":[{"taxonomy":"category","embeddable":true,"href":"https:\/\/old.atletikaolomouc.cz\/index.php?rest_route=%2Fwp%2Fv2%2Fcategories&post=30549"},{"taxonomy":"post_tag","embeddable":true,"href":"https:\/\/old.atletikaolomouc.cz\/index.php?rest_route=%2Fwp%2Fv2%2Ftags&post=30549"}],"curies":[{"name":"wp","href":"https:\/\/api.w.org\/{rel}","templated":true}]}}