{"id":30603,"date":"2021-06-14T11:26:53","date_gmt":"2021-06-14T09:26:53","guid":{"rendered":"https:\/\/www.atletikaolomouc.cz\/?p=30603"},"modified":"2021-06-14T11:26:53","modified_gmt":"2021-06-14T09:26:53","slug":"heza-a-micunkova-limitari-na-mistrovstvi-evropy","status":"publish","type":"post","link":"https:\/\/old.atletikaolomouc.cz\/?p=30603","title":{"rendered":"H\u00e9\u017ea a Mi\u010dunkov\u00e1 limit\u00e1\u0159i na Mistrovstv\u00ed Evropy"},"content":{"rendered":"<p style=\"text-align: justify;\">Atletick\u00e1 sez\u00f3na na dr\u00e1ze je v pln\u00e9m proudu a p\u0159ed bl\u00ed\u017e\u00edc\u00edmi se vrcholy, v podob\u011b dom\u00e1c\u00edch \u0161ampion\u00e1t\u016f, se i na\u0161i atleti nach\u00e1z\u00ed ve vynikaj\u00edc\u00ed form\u011b.<!--more--><\/p>\n<p style=\"text-align: justify;\"><strong>Lucie Mi\u010dunkov\u00e1<\/strong>&nbsp;se chyst\u00e1 na&nbsp;<strong>Mistrovstv\u00ed Evropy U20<\/strong>, kter\u00e9 se uskute\u010dn\u00ed v \u010dervenci v estonsk\u00e9m Tallinu. Na leto\u0161n\u00edm jubilejn\u00edm 60. ro\u010dn\u00edku Zlat\u00e9 tretry Ostrava zab\u011bhla spole\u010dn\u011b se sv\u00fdmi reprezenta\u010dn\u00edmi kolegyn\u011bmi ze \u0161tafety juniorek 4x100m A limit, oprav\u0148uj\u00edc\u00ed ke startu na uvedenou akci. V\u00fdkonu 45,36s. chyb\u011bly pouh\u00e9 2 setiny sekundy k poko\u0159en\u00ed limitu tak\u00e9 na <em>Mistrovstv\u00ed sv\u011bta U20<\/em>.<\/p>\n<div id=\"attachment_30113\" style=\"width: 670px\" class=\"wp-caption aligncenter\"><a href=\"https:\/\/www.atletikaolomouc.cz\/wp-content\/uploads\/2021\/05\/stafeta-juniorky.jpg\"><img aria-describedby=\"caption-attachment-30113\" decoding=\"async\" loading=\"lazy\" class=\"size-large wp-image-30113\" src=\"https:\/\/www.atletikaolomouc.cz\/wp-content\/uploads\/2021\/05\/stafeta-juniorky-800x552.jpg\" alt=\"\" width=\"660\" height=\"455\" srcset=\"https:\/\/old.atletikaolomouc.cz\/wp-content\/uploads\/2021\/05\/stafeta-juniorky-800x552.jpg 800w, https:\/\/old.atletikaolomouc.cz\/wp-content\/uploads\/2021\/05\/stafeta-juniorky-300x207.jpg 300w, https:\/\/old.atletikaolomouc.cz\/wp-content\/uploads\/2021\/05\/stafeta-juniorky-768x530.jpg 768w, https:\/\/old.atletikaolomouc.cz\/wp-content\/uploads\/2021\/05\/stafeta-juniorky.jpg 1440w\" sizes=\"(max-width: 660px) 100vw, 660px\" \/><\/a><p id=\"caption-attachment-30113\" class=\"wp-caption-text\">Reprezenta\u010dn\u00ed \u0161tafeta juniorek \u010cR<\/p><\/div>\n<p style=\"text-align: justify;\">Lucka d\u00e1le v sez\u00f3n\u011b \u00fato\u010d\u00ed i na individu\u00e1ln\u00ed limity. Na sv\u00e9 obl\u00edben\u00e9 trati 200m vylep\u0161ila na Memori\u00e1lu Josefa Odlo\u017eila v Praze osobn\u00ed a klubov\u00fd rekord \u017een na sou\u010dasn\u00fdch 24,25s. a poko\u0159ila t\u00edm B limit na ME U20. Na polovi\u010dn\u00ed distanci chyb\u011bl mal\u00fd kousek k dal\u0161\u00ed radosti. V r\u00e1mci 1. kola 1. ligy, kter\u00e9 se konalo na dom\u00e1c\u00edm stadionu v Olomouci, zab\u011bhla vynikaj\u00edc\u00ed v\u00fdkon 11,81s. a k poko\u0159en\u00ed limitu chyb\u011bla pouh\u00e1 0,01s. Po \u00fasp\u011b\u0161n\u00e9m slo\u017een\u00ed maturitn\u00ed zkou\u0161ky se Lucka nach\u00e1z\u00ed ve velk\u00e9 tr\u00e9ninkov\u00e9 a z\u00e1vodn\u00ed pohod\u011b a ur\u010dit\u011b dal\u0161\u00ed limity na sebe nenechaj\u00ed dlouho \u010dekat. T\u0159eba ji\u017e na bl\u00ed\u017e\u00edc\u00edm se <em>Mistrovstv\u00ed \u010cesk\u00e9 republiky juniorek<\/em>, kter\u00e9 se kon\u00e1 tento v\u00edkend v Kladn\u011b.<\/p>\n<p style=\"text-align: justify;\"><strong>Jakub H\u00e9\u017ea<\/strong> lad\u00ed svou formu sm\u011brem k vrcholn\u00fdm akc\u00edm tohoto roku. \u00da\u010dastn\u00edk leto\u0161n\u00edho Evropsk\u00e9ho poh\u00e1ru ve vrz\u00edch a hodech, kde na \u00favod sez\u00f3ny zapsal solidn\u00edch 17,13m, postupn\u011b p\u0159id\u00e1v\u00e1 d\u016fle\u017eit\u00e9 decimetry ke sv\u00e9mu v\u00fdkonu.&nbsp; P\u0159ed dom\u00e1c\u00edm publikem na 1. kole 1. ligy v Olomouci se to povedlo naprosto dokonale. Kuba hned na \u00favod sout\u011b\u017ee nenechal nic n\u00e1hod\u011b a sedmikilovou koul\u00ed vrhnul 17,68m. T\u00edmto v\u00fdkonem na centimetr p\u0159esn\u011b vyhov\u011bl B limitu, oprav\u0148uj\u00edc\u00edm jej startovat na <strong>Mistrovstv\u00ed Evropy U23<\/strong>. Toto mistrovstv\u00ed se nakonec po p\u0159elo\u017een\u00ed uskute\u010dn\u00ed tak\u00e9 v estonsk\u00e9m Tallinu ji\u017e v prvn\u00ed polovin\u011b \u010dervence.<\/p>\n<p style=\"text-align: justify;\">Jakub by tak ani v leto\u0161n\u00ed sez\u00f3n\u011b nem\u011bl chyb\u011bt na dal\u0161\u00ed velk\u00e9 mezin\u00e1rodn\u00ed akci. V roce 2016 se z\u00fa\u010dastnil <em><strong>Mistrovstv\u00ed Evropy U18 v Tbilisi<\/strong><\/em>. V roce 2017 reprezentoval \u010cR na <em><strong>Mistrovstv\u00ed sv\u011bta U18 v Nairobi<\/strong> <\/em>a o dva roky pozd\u011bji z\u00e1vodil tak\u00e9 na <strong><em>Mistrovstv\u00ed Evropy U20 v Boras<\/em><\/strong>.<\/p>\n<div id=\"attachment_30605\" style=\"width: 610px\" class=\"wp-caption aligncenter\"><a href=\"https:\/\/www.atletikaolomouc.cz\/wp-content\/uploads\/2021\/06\/Photo-12.06.2021-16-08-14.jpg\"><img aria-describedby=\"caption-attachment-30605\" decoding=\"async\" loading=\"lazy\" class=\"size-large wp-image-30605\" src=\"https:\/\/www.atletikaolomouc.cz\/wp-content\/uploads\/2021\/06\/Photo-12.06.2021-16-08-14-600x600.jpg\" alt=\"\" width=\"600\" height=\"600\" srcset=\"https:\/\/old.atletikaolomouc.cz\/wp-content\/uploads\/2021\/06\/Photo-12.06.2021-16-08-14-600x600.jpg 600w, https:\/\/old.atletikaolomouc.cz\/wp-content\/uploads\/2021\/06\/Photo-12.06.2021-16-08-14-150x150.jpg 150w, https:\/\/old.atletikaolomouc.cz\/wp-content\/uploads\/2021\/06\/Photo-12.06.2021-16-08-14-300x300.jpg 300w, https:\/\/old.atletikaolomouc.cz\/wp-content\/uploads\/2021\/06\/Photo-12.06.2021-16-08-14-768x768.jpg 768w, https:\/\/old.atletikaolomouc.cz\/wp-content\/uploads\/2021\/06\/Photo-12.06.2021-16-08-14-144x144.jpg 144w\" sizes=\"(max-width: 600px) 100vw, 600px\" \/><\/a><p id=\"caption-attachment-30605\" class=\"wp-caption-text\">Jakub H\u00e9\u017ea na 1. lize v Olomouci<\/p><\/div>\n<p style=\"text-align: justify;\">Kubovi a Lucce gratulujeme k poko\u0159en\u00ed limit\u016f. Douf\u00e1me, \u017ee se k nim i n\u011bkte\u0159\u00ed dal\u0161\u00ed na\u0161i nejlep\u0161\u00ed atleti p\u0159idaj\u00ed a Atletick\u00fd klub Olomouc bude m\u00edt po\u010detn\u00e9 zastoupen\u00ed sv\u00fdch odchovanc\u016f i na mezin\u00e1rodn\u00ed sc\u00e9n\u011b.<\/p>\n<p>&nbsp;<\/p>\n","protected":false},"excerpt":{"rendered":"<p>Atletick\u00e1 sez\u00f3na na dr\u00e1ze je v pln\u00e9m proudu a p\u0159ed bl\u00ed\u017e\u00edc\u00edmi se vrcholy, v podob\u011b dom\u00e1c\u00edch \u0161ampion\u00e1t\u016f, se i na\u0161i atleti nach\u00e1z\u00ed ve vynikaj\u00edc\u00ed form\u011b.<\/p>\n","protected":false},"author":10,"featured_media":30607,"comment_status":"closed","ping_status":"closed","sticky":false,"template":"","format":"standard","meta":{"ngg_post_thumbnail":0},"categories":[5,6,37],"tags":[],"_links":{"self":[{"href":"https:\/\/old.atletikaolomouc.cz\/index.php?rest_route=\/wp\/v2\/posts\/30603"}],"collection":[{"href":"https:\/\/old.atletikaolomouc.cz\/index.php?rest_route=\/wp\/v2\/posts"}],"about":[{"href":"https:\/\/old.atletikaolomouc.cz\/index.php?rest_route=\/wp\/v2\/types\/post"}],"author":[{"embeddable":true,"href":"https:\/\/old.atletikaolomouc.cz\/index.php?rest_route=\/wp\/v2\/users\/10"}],"replies":[{"embeddable":true,"href":"https:\/\/old.atletikaolomouc.cz\/index.php?rest_route=%2Fwp%2Fv2%2Fcomments&post=30603"}],"version-history":[{"count":1,"href":"https:\/\/old.atletikaolomouc.cz\/index.php?rest_route=\/wp\/v2\/posts\/30603\/revisions"}],"predecessor-version":[{"id":30608,"href":"https:\/\/old.atletikaolomouc.cz\/index.php?rest_route=\/wp\/v2\/posts\/30603\/revisions\/30608"}],"wp:featuredmedia":[{"embeddable":true,"href":"https:\/\/old.atletikaolomouc.cz\/index.php?rest_route=\/wp\/v2\/media\/30607"}],"wp:attachment":[{"href":"https:\/\/old.atletikaolomouc.cz\/index.php?rest_route=%2Fwp%2Fv2%2Fmedia&parent=30603"}],"wp:term":[{"taxonomy":"category","embeddable":true,"href":"https:\/\/old.atletikaolomouc.cz\/index.php?rest_route=%2Fwp%2Fv2%2Fcategories&post=30603"},{"taxonomy":"post_tag","embeddable":true,"href":"https:\/\/old.atletikaolomouc.cz\/index.php?rest_route=%2Fwp%2Fv2%2Ftags&post=30603"}],"curies":[{"name":"wp","href":"https:\/\/api.w.org\/{rel}","templated":true}]}}