{"id":30625,"date":"2021-06-16T10:19:19","date_gmt":"2021-06-16T08:19:19","guid":{"rendered":"https:\/\/www.atletikaolomouc.cz\/?p=30625"},"modified":"2021-06-16T10:19:19","modified_gmt":"2021-06-16T08:19:19","slug":"mcr-dorostu-a-junioru-jiz-tento-vikend","status":"publish","type":"post","link":"https:\/\/old.atletikaolomouc.cz\/?p=30625","title":{"rendered":"M\u010cR dorostu a junior\u016f ji\u017e tento v\u00edkend"},"content":{"rendered":"<p style=\"text-align: justify;\">Ji\u017e tento v\u00edkend 19. a 20. 6. 2021 prob\u011bhne dal\u0161\u00ed z dom\u00e1c\u00edch vrchol\u016f atletick\u00e9 sez\u00f3ny. Na kladensk\u00e9m stadionu Sleti\u0161t\u011b se uskute\u010dn\u00ed Mistrovstv\u00ed \u010cesk\u00e9 republiky dorosteneck\u00fdch a juniorsk\u00fdch kategori\u00ed. V\u00fdprava atlet\u016f AK Olomouc \u010d\u00edt\u00e1 25 atlet\u016f.<!--more--><\/p>\n<p style=\"text-align: justify;\">Obhajovat lo\u0148sk\u00e9 tituly mistr\u016f \u010cR na dr\u00e1ze jede hned trojice na\u0161ich sportovc\u016f. Na sprintersk\u00fdch trat\u00edch 100 a 200 metr\u016f se p\u0159edstav\u00ed lo\u0148\u0161t\u00ed mist\u0159i ze stovky <strong>Vojt\u011bch Hor\u00e1k<\/strong> a <strong>Lucie Mi\u010dunkov\u00e1 <\/strong>a i letos budou pat\u0159it k favorit\u016fm na obou distanc\u00edch. Vrha\u010dka <strong>Martina Mazurov\u00e1<\/strong> letos p\u0159estoupila do kategorie dorostenek a bude cht\u00edt i na dr\u00e1ze nav\u00e1zat na sv\u00e9 zlat\u00e9 medaile z \u017e\u00e1kovsk\u00e9 kategorie. Letos v hale se ji to u\u017e poda\u0159ilo v\u00fdborn\u011b a z\u00edskala do sb\u00edrky i titul mistryn\u011b \u010cR dorostenek ve vrhu koul\u00ed. Martina se na Kladn\u011b p\u0159estav\u00ed ve sv\u00e9 obvykl\u00e9 kombinaci vrhu koul\u00ed a hodu diskem.<\/p>\n<p style=\"text-align: justify;\">Vysok\u00e9 tabulkov\u00e9 postaven\u00ed maj\u00ed i na\u0161i dal\u0161\u00ed atleti. Leto\u0161n\u00ed halov\u00fd mistr \u010cR ve skoku o ty\u010di junior\u016f <strong>Ji\u0159\u00ed Novotn\u00fd<\/strong> bude cht\u00edt prodat vynikaj\u00edc\u00ed formu a z\u00edskat svou prvn\u00ed medaili na venkovn\u00edm h\u0159i\u0161ti. Bronzov\u00fd z haly z b\u011bhu na 1500m <strong>Michal Hroch<\/strong> se na leto\u0161n\u00edm M\u010cR na dr\u00e1ze popere o medaile v b\u011bhu na 800 metr\u016f. Favoritkou sout\u011b\u017ee ve skoku do v\u00fd\u0161ky dorostenek je <strong>Alena Levkov\u00e1<\/strong>, kter\u00e1 se ka\u017ed\u00fdm leto\u0161n\u00edm z\u00e1vodem zlep\u0161uje a aktu\u00e1ln\u011b dr\u017e\u00ed vedouc\u00ed pozici tabulek \u010cR. Diska\u0159ka <strong>Barbora H\u00e9\u017eov\u00e1<\/strong> letos pravideln\u011b h\u00e1\u017ee za hranici 40 metr\u016f a ur\u010dit\u011b bude bojovat o jedno z p\u00f3diov\u00fdch um\u00edst\u011bn\u00ed v sout\u011b\u017ei juniorek.<\/p>\n<p style=\"text-align: justify;\"><strong>Marek K\u00fcnstler<\/strong> nakonec zvolil tra\u0165 1500m a mezi dorostenci tak\u00e9 pom\u00fd\u0161l\u00ed na jednu z medail\u00ed. Nevyzpytateln\u00e1 m\u016f\u017ee b\u00fdt tak\u00e9 sout\u011b\u017e ve skoku do v\u00fd\u0161ky dorostenc\u016f, kde budeme m\u00edt hned dv\u011b \u017eel\u00edzka v ohni &#8211;&nbsp; <strong>Mat\u011bje H\u00e1pa<\/strong> a <strong>Adama Tom\u00e1\u0161ka<\/strong>. Na trati 400 metr\u016f dorostenc\u016f uvid\u00edme tak\u00e9 <strong>Benjamina Jakoba,&nbsp;<\/strong>kter\u00fd by m\u011bl b\u00fdt tak\u00e9 tahounem \u0161tafety 4x400m dorostenc\u016f.<\/p>\n<p>Na M\u010cR se d\u00e1le p\u0159edstav\u00ed:<\/p>\n<p style=\"text-align: justify;\"><strong>Daniel Matu\u0161\u00edk<\/strong> &#8211; vrhu koul\u00ed a hod diskem junior\u016f, <strong>Ji\u0159\u00ed Zedn\u00edk<\/strong> &#8211;&nbsp; skok o ty\u010di junior\u016f, <strong>Max Beran<\/strong> &#8211; 400m dorostenc\u016f, <strong>Karel Brychta<\/strong> &#8211; 200m dorostenc\u016f, <strong>Filip Coufal<\/strong> &#8211; 2000m p\u0159. dorostenc\u016f, <strong>Vojt\u011bch Hejtm\u00e1nek<\/strong> &#8211; 110m p\u0159. dorostenc\u016f, <strong>Patrik Kremel<\/strong> &#8211; 300m p\u0159. dorostenc\u016f, <strong>Mat\u011bj Kelnar<\/strong> &#8211; skok o ty\u010di dorostenc\u016f, <strong>Marek Jan\u00e1k<\/strong> &#8211; 3000m dorostenc\u016f, <strong>Anna Belan\u00edkov\u00e1<\/strong> &#8211; 3000m juniorek, <strong>Anna Gregu\u0161ov\u00e1<\/strong> &#8211;&nbsp; skok do v\u00fd\u0161ky juniorek, <strong>Karol\u00edna Morbitzerov\u00e1<\/strong> &#8211; hod diskem juniorek,<strong> Zuzana V\u00edtkov\u00e1<\/strong> &#8211; skok o ty\u010di juniorek, <strong>Nicola Mikulkov\u00e1<\/strong> &#8211; 2000m p\u0159. dorostenek.<\/p>\n<p>Dr\u017e\u00edme v\u0161em atlet\u016fm palce!<\/p>\n","protected":false},"excerpt":{"rendered":"<p>Ji\u017e tento v\u00edkend 19. a 20. 6. 2021 prob\u011bhne dal\u0161\u00ed z dom\u00e1c\u00edch vrchol\u016f atletick\u00e9 sez\u00f3ny. Na kladensk\u00e9m stadionu Sleti\u0161t\u011b se uskute\u010dn\u00ed Mistrovstv\u00ed \u010cesk\u00e9 republiky dorosteneck\u00fdch a juniorsk\u00fdch kategori\u00ed. V\u00fdprava atlet\u016f AK Olomouc \u010d\u00edt\u00e1 25 atlet\u016f.<\/p>\n","protected":false},"author":10,"featured_media":30628,"comment_status":"closed","ping_status":"closed","sticky":false,"template":"","format":"standard","meta":{"ngg_post_thumbnail":0},"categories":[5,6,37],"tags":[],"_links":{"self":[{"href":"https:\/\/old.atletikaolomouc.cz\/index.php?rest_route=\/wp\/v2\/posts\/30625"}],"collection":[{"href":"https:\/\/old.atletikaolomouc.cz\/index.php?rest_route=\/wp\/v2\/posts"}],"about":[{"href":"https:\/\/old.atletikaolomouc.cz\/index.php?rest_route=\/wp\/v2\/types\/post"}],"author":[{"embeddable":true,"href":"https:\/\/old.atletikaolomouc.cz\/index.php?rest_route=\/wp\/v2\/users\/10"}],"replies":[{"embeddable":true,"href":"https:\/\/old.atletikaolomouc.cz\/index.php?rest_route=%2Fwp%2Fv2%2Fcomments&post=30625"}],"version-history":[{"count":1,"href":"https:\/\/old.atletikaolomouc.cz\/index.php?rest_route=\/wp\/v2\/posts\/30625\/revisions"}],"predecessor-version":[{"id":30627,"href":"https:\/\/old.atletikaolomouc.cz\/index.php?rest_route=\/wp\/v2\/posts\/30625\/revisions\/30627"}],"wp:featuredmedia":[{"embeddable":true,"href":"https:\/\/old.atletikaolomouc.cz\/index.php?rest_route=\/wp\/v2\/media\/30628"}],"wp:attachment":[{"href":"https:\/\/old.atletikaolomouc.cz\/index.php?rest_route=%2Fwp%2Fv2%2Fmedia&parent=30625"}],"wp:term":[{"taxonomy":"category","embeddable":true,"href":"https:\/\/old.atletikaolomouc.cz\/index.php?rest_route=%2Fwp%2Fv2%2Fcategories&post=30625"},{"taxonomy":"post_tag","embeddable":true,"href":"https:\/\/old.atletikaolomouc.cz\/index.php?rest_route=%2Fwp%2Fv2%2Ftags&post=30625"}],"curies":[{"name":"wp","href":"https:\/\/api.w.org\/{rel}","templated":true}]}}