{"id":30706,"date":"2021-06-17T22:54:28","date_gmt":"2021-06-17T20:54:28","guid":{"rendered":"https:\/\/www.atletikaolomouc.cz\/?p=30706"},"modified":"2021-06-17T22:54:28","modified_gmt":"2021-06-17T20:54:28","slug":"2-kolo-starsich-zakyn-foto","status":"publish","type":"post","link":"https:\/\/old.atletikaolomouc.cz\/?p=30706","title":{"rendered":"2. kolo star\u0161\u00edch \u017e\u00e1ky\u0148 &#8211; foto"},"content":{"rendered":"<p><a href=\"https:\/\/www.atletikaolomouc.cz\/wp-content\/uploads\/2021\/06\/IMG_20210616_175557.jpg\"><img decoding=\"async\" loading=\"lazy\" class=\"alignleft size-thumbnail wp-image-30707\" src=\"https:\/\/www.atletikaolomouc.cz\/wp-content\/uploads\/2021\/06\/IMG_20210616_175557-150x150.jpg\" alt=\"\" width=\"150\" height=\"150\" srcset=\"https:\/\/old.atletikaolomouc.cz\/wp-content\/uploads\/2021\/06\/IMG_20210616_175557-150x150.jpg 150w, https:\/\/old.atletikaolomouc.cz\/wp-content\/uploads\/2021\/06\/IMG_20210616_175557-144x144.jpg 144w\" sizes=\"(max-width: 150px) 100vw, 150px\" \/><\/a>2. kolo KP dru\u017estev star\u0161\u00edch \u017e\u00e1ky\u0148 prob\u011bhlo ve st\u0159edu 16.6.2021 v Olomouci.<\/p>\n<p>&nbsp;<\/p>\n<p><!--more--><\/p>\n<!-- default-view.php -->\n<div\n\tclass=\"ngg-galleryoverview default-view \"\n\tid=\"ngg-gallery-9c85f7503224d6dd1d1dcf3db46a8417-1\">\n\n\t\t<!-- Thumbnails -->\n\t\t\t\t<div id=\"ngg-image-0\" class=\"ngg-gallery-thumbnail-box \" >\n\t\t\t\t        <div class=\"ngg-gallery-thumbnail\">\n            <a href=\"https:\/\/old.atletikaolomouc.cz\/wp-content\/gallery\/2-kolo-starsich-zakyn-2021\/IMG_20210616_155314.jpg\"\n               title=\"\"\n               data-src=\"https:\/\/old.atletikaolomouc.cz\/wp-content\/gallery\/2-kolo-starsich-zakyn-2021\/IMG_20210616_155314.jpg\"\n               data-thumbnail=\"https:\/\/old.atletikaolomouc.cz\/wp-content\/gallery\/2-kolo-starsich-zakyn-2021\/thumbs\/thumbs_IMG_20210616_155314.jpg\"\n               data-image-id=\"15159\"\n               data-title=\"IMG_20210616_155314\"\n               data-description=\"\"\n               data-image-slug=\"img_20210616_155314\"\n               class=\"ngg-simplelightbox\" rel=\"9c85f7503224d6dd1d1dcf3db46a8417\">\n                <img\n                    title=\"IMG_20210616_155314\"\n                    alt=\"IMG_20210616_155314\"\n                    src=\"https:\/\/old.atletikaolomouc.cz\/wp-content\/gallery\/2-kolo-starsich-zakyn-2021\/thumbs\/thumbs_IMG_20210616_155314.jpg\"\n                    width=\"240\"\n                    height=\"160\"\n                    style=\"max-width:100%;\"\n                \/>\n            <\/a>\n        <\/div>\n\t\t\t\t\t\t\t<\/div> \n\t\t\t\n\t\t\t\t<div id=\"ngg-image-1\" class=\"ngg-gallery-thumbnail-box \" >\n\t\t\t\t        <div class=\"ngg-gallery-thumbnail\">\n            <a href=\"https:\/\/old.atletikaolomouc.cz\/wp-content\/gallery\/2-kolo-starsich-zakyn-2021\/IMG_20210616_155328.jpg\"\n               title=\"\"\n               data-src=\"https:\/\/old.atletikaolomouc.cz\/wp-content\/gallery\/2-kolo-starsich-zakyn-2021\/IMG_20210616_155328.jpg\"\n               data-thumbnail=\"https:\/\/old.atletikaolomouc.cz\/wp-content\/gallery\/2-kolo-starsich-zakyn-2021\/thumbs\/thumbs_IMG_20210616_155328.jpg\"\n               data-image-id=\"15160\"\n               data-title=\"IMG_20210616_155328\"\n               data-description=\"\"\n               data-image-slug=\"img_20210616_155328\"\n               class=\"ngg-simplelightbox\" rel=\"9c85f7503224d6dd1d1dcf3db46a8417\">\n                <img\n                    title=\"IMG_20210616_155328\"\n                    alt=\"IMG_20210616_155328\"\n                    src=\"https:\/\/old.atletikaolomouc.cz\/wp-content\/gallery\/2-kolo-starsich-zakyn-2021\/thumbs\/thumbs_IMG_20210616_155328.jpg\"\n                    width=\"240\"\n                    height=\"160\"\n                    style=\"max-width:100%;\"\n                \/>\n            <\/a>\n        <\/div>\n\t\t\t\t\t\t\t<\/div> \n\t\t\t\n\t\t\t\t<div id=\"ngg-image-2\" class=\"ngg-gallery-thumbnail-box \" >\n\t\t\t\t        <div class=\"ngg-gallery-thumbnail\">\n            <a href=\"https:\/\/old.atletikaolomouc.cz\/wp-content\/gallery\/2-kolo-starsich-zakyn-2021\/IMG_20210616_161747.jpg\"\n               title=\"\"\n               data-src=\"https:\/\/old.atletikaolomouc.cz\/wp-content\/gallery\/2-kolo-starsich-zakyn-2021\/IMG_20210616_161747.jpg\"\n               data-thumbnail=\"https:\/\/old.atletikaolomouc.cz\/wp-content\/gallery\/2-kolo-starsich-zakyn-2021\/thumbs\/thumbs_IMG_20210616_161747.jpg\"\n               data-image-id=\"15161\"\n               data-title=\"IMG_20210616_161747\"\n               data-description=\"\"\n               data-image-slug=\"img_20210616_161747\"\n               class=\"ngg-simplelightbox\" rel=\"9c85f7503224d6dd1d1dcf3db46a8417\">\n                <img\n                    title=\"IMG_20210616_161747\"\n                    alt=\"IMG_20210616_161747\"\n                    src=\"https:\/\/old.atletikaolomouc.cz\/wp-content\/gallery\/2-kolo-starsich-zakyn-2021\/thumbs\/thumbs_IMG_20210616_161747.jpg\"\n                    width=\"240\"\n                    height=\"160\"\n                    style=\"max-width:100%;\"\n                \/>\n            <\/a>\n        <\/div>\n\t\t\t\t\t\t\t<\/div> \n\t\t\t\n\t\t\t\t<div id=\"ngg-image-3\" class=\"ngg-gallery-thumbnail-box \" >\n\t\t\t\t        <div class=\"ngg-gallery-thumbnail\">\n            <a href=\"https:\/\/old.atletikaolomouc.cz\/wp-content\/gallery\/2-kolo-starsich-zakyn-2021\/IMG_20210616_164152.jpg\"\n               title=\"\"\n               data-src=\"https:\/\/old.atletikaolomouc.cz\/wp-content\/gallery\/2-kolo-starsich-zakyn-2021\/IMG_20210616_164152.jpg\"\n               data-thumbnail=\"https:\/\/old.atletikaolomouc.cz\/wp-content\/gallery\/2-kolo-starsich-zakyn-2021\/thumbs\/thumbs_IMG_20210616_164152.jpg\"\n               data-image-id=\"15162\"\n               data-title=\"IMG_20210616_164152\"\n               data-description=\"\"\n               data-image-slug=\"img_20210616_164152\"\n               class=\"ngg-simplelightbox\" rel=\"9c85f7503224d6dd1d1dcf3db46a8417\">\n                <img\n                    title=\"IMG_20210616_164152\"\n                    alt=\"IMG_20210616_164152\"\n                    src=\"https:\/\/old.atletikaolomouc.cz\/wp-content\/gallery\/2-kolo-starsich-zakyn-2021\/thumbs\/thumbs_IMG_20210616_164152.jpg\"\n                    width=\"240\"\n                    height=\"160\"\n                    style=\"max-width:100%;\"\n                \/>\n            <\/a>\n        <\/div>\n\t\t\t\t\t\t\t<\/div> \n\t\t\t\n\t\t\t\t<div id=\"ngg-image-4\" class=\"ngg-gallery-thumbnail-box \" >\n\t\t\t\t        <div class=\"ngg-gallery-thumbnail\">\n            <a href=\"https:\/\/old.atletikaolomouc.cz\/wp-content\/gallery\/2-kolo-starsich-zakyn-2021\/IMG_20210616_164240.jpg\"\n               title=\"\"\n               data-src=\"https:\/\/old.atletikaolomouc.cz\/wp-content\/gallery\/2-kolo-starsich-zakyn-2021\/IMG_20210616_164240.jpg\"\n               data-thumbnail=\"https:\/\/old.atletikaolomouc.cz\/wp-content\/gallery\/2-kolo-starsich-zakyn-2021\/thumbs\/thumbs_IMG_20210616_164240.jpg\"\n               data-image-id=\"15163\"\n               data-title=\"IMG_20210616_164240\"\n               data-description=\"\"\n               data-image-slug=\"img_20210616_164240\"\n               class=\"ngg-simplelightbox\" rel=\"9c85f7503224d6dd1d1dcf3db46a8417\">\n                <img\n                    title=\"IMG_20210616_164240\"\n                    alt=\"IMG_20210616_164240\"\n                    src=\"https:\/\/old.atletikaolomouc.cz\/wp-content\/gallery\/2-kolo-starsich-zakyn-2021\/thumbs\/thumbs_IMG_20210616_164240.jpg\"\n                    width=\"240\"\n                    height=\"160\"\n                    style=\"max-width:100%;\"\n                \/>\n            <\/a>\n        <\/div>\n\t\t\t\t\t\t\t<\/div> \n\t\t\t\n\t\t\t\t<div id=\"ngg-image-5\" class=\"ngg-gallery-thumbnail-box \" >\n\t\t\t\t        <div class=\"ngg-gallery-thumbnail\">\n            <a href=\"https:\/\/old.atletikaolomouc.cz\/wp-content\/gallery\/2-kolo-starsich-zakyn-2021\/IMG_20210616_164242.jpg\"\n               title=\"\"\n               data-src=\"https:\/\/old.atletikaolomouc.cz\/wp-content\/gallery\/2-kolo-starsich-zakyn-2021\/IMG_20210616_164242.jpg\"\n               data-thumbnail=\"https:\/\/old.atletikaolomouc.cz\/wp-content\/gallery\/2-kolo-starsich-zakyn-2021\/thumbs\/thumbs_IMG_20210616_164242.jpg\"\n               data-image-id=\"15164\"\n               data-title=\"IMG_20210616_164242\"\n               data-description=\"\"\n               data-image-slug=\"img_20210616_164242\"\n               class=\"ngg-simplelightbox\" rel=\"9c85f7503224d6dd1d1dcf3db46a8417\">\n                <img\n                    title=\"IMG_20210616_164242\"\n                    alt=\"IMG_20210616_164242\"\n                    src=\"https:\/\/old.atletikaolomouc.cz\/wp-content\/gallery\/2-kolo-starsich-zakyn-2021\/thumbs\/thumbs_IMG_20210616_164242.jpg\"\n                    width=\"240\"\n                    height=\"160\"\n                    style=\"max-width:100%;\"\n                \/>\n            <\/a>\n        <\/div>\n\t\t\t\t\t\t\t<\/div> \n\t\t\t\n\t\t\t\t<div id=\"ngg-image-6\" class=\"ngg-gallery-thumbnail-box \" >\n\t\t\t\t        <div class=\"ngg-gallery-thumbnail\">\n            <a href=\"https:\/\/old.atletikaolomouc.cz\/wp-content\/gallery\/2-kolo-starsich-zakyn-2021\/IMG_20210616_164302.jpg\"\n               title=\"\"\n               data-src=\"https:\/\/old.atletikaolomouc.cz\/wp-content\/gallery\/2-kolo-starsich-zakyn-2021\/IMG_20210616_164302.jpg\"\n               data-thumbnail=\"https:\/\/old.atletikaolomouc.cz\/wp-content\/gallery\/2-kolo-starsich-zakyn-2021\/thumbs\/thumbs_IMG_20210616_164302.jpg\"\n               data-image-id=\"15165\"\n               data-title=\"IMG_20210616_164302\"\n               data-description=\"\"\n               data-image-slug=\"img_20210616_164302\"\n               class=\"ngg-simplelightbox\" rel=\"9c85f7503224d6dd1d1dcf3db46a8417\">\n                <img\n                    title=\"IMG_20210616_164302\"\n                    alt=\"IMG_20210616_164302\"\n                    src=\"https:\/\/old.atletikaolomouc.cz\/wp-content\/gallery\/2-kolo-starsich-zakyn-2021\/thumbs\/thumbs_IMG_20210616_164302.jpg\"\n                    width=\"240\"\n                    height=\"160\"\n                    style=\"max-width:100%;\"\n                \/>\n            <\/a>\n        <\/div>\n\t\t\t\t\t\t\t<\/div> \n\t\t\t\n\t\t\t\t<div id=\"ngg-image-7\" class=\"ngg-gallery-thumbnail-box \" >\n\t\t\t\t        <div class=\"ngg-gallery-thumbnail\">\n            <a href=\"https:\/\/old.atletikaolomouc.cz\/wp-content\/gallery\/2-kolo-starsich-zakyn-2021\/IMG_20210616_170330.jpg\"\n               title=\"\"\n               data-src=\"https:\/\/old.atletikaolomouc.cz\/wp-content\/gallery\/2-kolo-starsich-zakyn-2021\/IMG_20210616_170330.jpg\"\n               data-thumbnail=\"https:\/\/old.atletikaolomouc.cz\/wp-content\/gallery\/2-kolo-starsich-zakyn-2021\/thumbs\/thumbs_IMG_20210616_170330.jpg\"\n               data-image-id=\"15166\"\n               data-title=\"IMG_20210616_170330\"\n               data-description=\"\"\n               data-image-slug=\"img_20210616_170330\"\n               class=\"ngg-simplelightbox\" rel=\"9c85f7503224d6dd1d1dcf3db46a8417\">\n                <img\n                    title=\"IMG_20210616_170330\"\n                    alt=\"IMG_20210616_170330\"\n                    src=\"https:\/\/old.atletikaolomouc.cz\/wp-content\/gallery\/2-kolo-starsich-zakyn-2021\/thumbs\/thumbs_IMG_20210616_170330.jpg\"\n                    width=\"240\"\n                    height=\"160\"\n                    style=\"max-width:100%;\"\n                \/>\n            <\/a>\n        <\/div>\n\t\t\t\t\t\t\t<\/div> \n\t\t\t\n\t\t\t\t<div id=\"ngg-image-8\" class=\"ngg-gallery-thumbnail-box \" >\n\t\t\t\t        <div class=\"ngg-gallery-thumbnail\">\n            <a href=\"https:\/\/old.atletikaolomouc.cz\/wp-content\/gallery\/2-kolo-starsich-zakyn-2021\/IMG_20210616_170332.jpg\"\n               title=\"\"\n               data-src=\"https:\/\/old.atletikaolomouc.cz\/wp-content\/gallery\/2-kolo-starsich-zakyn-2021\/IMG_20210616_170332.jpg\"\n               data-thumbnail=\"https:\/\/old.atletikaolomouc.cz\/wp-content\/gallery\/2-kolo-starsich-zakyn-2021\/thumbs\/thumbs_IMG_20210616_170332.jpg\"\n               data-image-id=\"15167\"\n               data-title=\"IMG_20210616_170332\"\n               data-description=\"\"\n               data-image-slug=\"img_20210616_170332\"\n               class=\"ngg-simplelightbox\" rel=\"9c85f7503224d6dd1d1dcf3db46a8417\">\n                <img\n                    title=\"IMG_20210616_170332\"\n                    alt=\"IMG_20210616_170332\"\n                    src=\"https:\/\/old.atletikaolomouc.cz\/wp-content\/gallery\/2-kolo-starsich-zakyn-2021\/thumbs\/thumbs_IMG_20210616_170332.jpg\"\n                    width=\"240\"\n                    height=\"160\"\n                    style=\"max-width:100%;\"\n                \/>\n            <\/a>\n        <\/div>\n\t\t\t\t\t\t\t<\/div> \n\t\t\t\n\t\t\t\t<div id=\"ngg-image-9\" class=\"ngg-gallery-thumbnail-box \" >\n\t\t\t\t        <div class=\"ngg-gallery-thumbnail\">\n            <a href=\"https:\/\/old.atletikaolomouc.cz\/wp-content\/gallery\/2-kolo-starsich-zakyn-2021\/IMG_20210616_170523.jpg\"\n               title=\"\"\n               data-src=\"https:\/\/old.atletikaolomouc.cz\/wp-content\/gallery\/2-kolo-starsich-zakyn-2021\/IMG_20210616_170523.jpg\"\n               data-thumbnail=\"https:\/\/old.atletikaolomouc.cz\/wp-content\/gallery\/2-kolo-starsich-zakyn-2021\/thumbs\/thumbs_IMG_20210616_170523.jpg\"\n               data-image-id=\"15168\"\n               data-title=\"IMG_20210616_170523\"\n               data-description=\"\"\n               data-image-slug=\"img_20210616_170523\"\n               class=\"ngg-simplelightbox\" rel=\"9c85f7503224d6dd1d1dcf3db46a8417\">\n                <img\n                    title=\"IMG_20210616_170523\"\n                    alt=\"IMG_20210616_170523\"\n                    src=\"https:\/\/old.atletikaolomouc.cz\/wp-content\/gallery\/2-kolo-starsich-zakyn-2021\/thumbs\/thumbs_IMG_20210616_170523.jpg\"\n                    width=\"240\"\n                    height=\"160\"\n                    style=\"max-width:100%;\"\n                \/>\n            <\/a>\n        <\/div>\n\t\t\t\t\t\t\t<\/div> \n\t\t\t\n\t\t\t\t<div id=\"ngg-image-10\" class=\"ngg-gallery-thumbnail-box \" >\n\t\t\t\t        <div class=\"ngg-gallery-thumbnail\">\n            <a href=\"https:\/\/old.atletikaolomouc.cz\/wp-content\/gallery\/2-kolo-starsich-zakyn-2021\/IMG_20210616_170524.jpg\"\n               title=\"\"\n               data-src=\"https:\/\/old.atletikaolomouc.cz\/wp-content\/gallery\/2-kolo-starsich-zakyn-2021\/IMG_20210616_170524.jpg\"\n               data-thumbnail=\"https:\/\/old.atletikaolomouc.cz\/wp-content\/gallery\/2-kolo-starsich-zakyn-2021\/thumbs\/thumbs_IMG_20210616_170524.jpg\"\n               data-image-id=\"15169\"\n               data-title=\"IMG_20210616_170524\"\n               data-description=\"\"\n               data-image-slug=\"img_20210616_170524\"\n               class=\"ngg-simplelightbox\" rel=\"9c85f7503224d6dd1d1dcf3db46a8417\">\n                <img\n                    title=\"IMG_20210616_170524\"\n                    alt=\"IMG_20210616_170524\"\n                    src=\"https:\/\/old.atletikaolomouc.cz\/wp-content\/gallery\/2-kolo-starsich-zakyn-2021\/thumbs\/thumbs_IMG_20210616_170524.jpg\"\n                    width=\"240\"\n                    height=\"160\"\n                    style=\"max-width:100%;\"\n                \/>\n            <\/a>\n        <\/div>\n\t\t\t\t\t\t\t<\/div> \n\t\t\t\n\t\t\t\t<div id=\"ngg-image-11\" class=\"ngg-gallery-thumbnail-box \" >\n\t\t\t\t        <div class=\"ngg-gallery-thumbnail\">\n            <a href=\"https:\/\/old.atletikaolomouc.cz\/wp-content\/gallery\/2-kolo-starsich-zakyn-2021\/IMG_20210616_171723.jpg\"\n               title=\"\"\n               data-src=\"https:\/\/old.atletikaolomouc.cz\/wp-content\/gallery\/2-kolo-starsich-zakyn-2021\/IMG_20210616_171723.jpg\"\n               data-thumbnail=\"https:\/\/old.atletikaolomouc.cz\/wp-content\/gallery\/2-kolo-starsich-zakyn-2021\/thumbs\/thumbs_IMG_20210616_171723.jpg\"\n               data-image-id=\"15170\"\n               data-title=\"IMG_20210616_171723\"\n               data-description=\"\"\n               data-image-slug=\"img_20210616_171723\"\n               class=\"ngg-simplelightbox\" rel=\"9c85f7503224d6dd1d1dcf3db46a8417\">\n                <img\n                    title=\"IMG_20210616_171723\"\n                    alt=\"IMG_20210616_171723\"\n                    src=\"https:\/\/old.atletikaolomouc.cz\/wp-content\/gallery\/2-kolo-starsich-zakyn-2021\/thumbs\/thumbs_IMG_20210616_171723.jpg\"\n                    width=\"240\"\n                    height=\"160\"\n                    style=\"max-width:100%;\"\n                \/>\n            <\/a>\n        <\/div>\n\t\t\t\t\t\t\t<\/div> \n\t\t\t\n\t\t\t\t<div id=\"ngg-image-12\" class=\"ngg-gallery-thumbnail-box \" >\n\t\t\t\t        <div class=\"ngg-gallery-thumbnail\">\n            <a href=\"https:\/\/old.atletikaolomouc.cz\/wp-content\/gallery\/2-kolo-starsich-zakyn-2021\/IMG_20210616_175557.jpg\"\n               title=\"\"\n               data-src=\"https:\/\/old.atletikaolomouc.cz\/wp-content\/gallery\/2-kolo-starsich-zakyn-2021\/IMG_20210616_175557.jpg\"\n               data-thumbnail=\"https:\/\/old.atletikaolomouc.cz\/wp-content\/gallery\/2-kolo-starsich-zakyn-2021\/thumbs\/thumbs_IMG_20210616_175557.jpg\"\n               data-image-id=\"15171\"\n               data-title=\"IMG_20210616_175557\"\n               data-description=\"\"\n               data-image-slug=\"img_20210616_175557\"\n               class=\"ngg-simplelightbox\" rel=\"9c85f7503224d6dd1d1dcf3db46a8417\">\n                <img\n                    title=\"IMG_20210616_175557\"\n                    alt=\"IMG_20210616_175557\"\n                    src=\"https:\/\/old.atletikaolomouc.cz\/wp-content\/gallery\/2-kolo-starsich-zakyn-2021\/thumbs\/thumbs_IMG_20210616_175557.jpg\"\n                    width=\"240\"\n                    height=\"160\"\n                    style=\"max-width:100%;\"\n                \/>\n            <\/a>\n        <\/div>\n\t\t\t\t\t\t\t<\/div> \n\t\t\t\n\t\n\t<br style=\"clear: both\" \/>\n\n\t\n\t\t<!-- Pagination -->\n\t<div class='ngg-clear'><\/div>\t<\/div>\n\n","protected":false},"excerpt":{"rendered":"<p>2. kolo KP dru\u017estev star\u0161\u00edch \u017e\u00e1ky\u0148 prob\u011bhlo ve st\u0159edu 16.6.2021 v Olomouci. &nbsp;<\/p>\n","protected":false},"author":4,"featured_media":0,"comment_status":"closed","ping_status":"closed","sticky":false,"template":"","format":"standard","meta":{"ngg_post_thumbnail":0},"categories":[65],"tags":[],"_links":{"self":[{"href":"https:\/\/old.atletikaolomouc.cz\/index.php?rest_route=\/wp\/v2\/posts\/30706"}],"collection":[{"href":"https:\/\/old.atletikaolomouc.cz\/index.php?rest_route=\/wp\/v2\/posts"}],"about":[{"href":"https:\/\/old.atletikaolomouc.cz\/index.php?rest_route=\/wp\/v2\/types\/post"}],"author":[{"embeddable":true,"href":"https:\/\/old.atletikaolomouc.cz\/index.php?rest_route=\/wp\/v2\/users\/4"}],"replies":[{"embeddable":true,"href":"https:\/\/old.atletikaolomouc.cz\/index.php?rest_route=%2Fwp%2Fv2%2Fcomments&post=30706"}],"version-history":[{"count":1,"href":"https:\/\/old.atletikaolomouc.cz\/index.php?rest_route=\/wp\/v2\/posts\/30706\/revisions"}],"predecessor-version":[{"id":30708,"href":"https:\/\/old.atletikaolomouc.cz\/index.php?rest_route=\/wp\/v2\/posts\/30706\/revisions\/30708"}],"wp:attachment":[{"href":"https:\/\/old.atletikaolomouc.cz\/index.php?rest_route=%2Fwp%2Fv2%2Fmedia&parent=30706"}],"wp:term":[{"taxonomy":"category","embeddable":true,"href":"https:\/\/old.atletikaolomouc.cz\/index.php?rest_route=%2Fwp%2Fv2%2Fcategories&post=30706"},{"taxonomy":"post_tag","embeddable":true,"href":"https:\/\/old.atletikaolomouc.cz\/index.php?rest_route=%2Fwp%2Fv2%2Ftags&post=30706"}],"curies":[{"name":"wp","href":"https:\/\/api.w.org\/{rel}","templated":true}]}}