{"id":30714,"date":"2021-06-21T13:49:08","date_gmt":"2021-06-21T11:49:08","guid":{"rendered":"https:\/\/www.atletikaolomouc.cz\/?p=30714"},"modified":"2021-06-21T13:49:08","modified_gmt":"2021-06-21T11:49:08","slug":"8-medaili-z-mcr-dorostu-a-junioru","status":"publish","type":"post","link":"https:\/\/old.atletikaolomouc.cz\/?p=30714","title":{"rendered":"8 medail\u00ed z M\u010cR dorostu a junior\u016f"},"content":{"rendered":"<p style=\"text-align: justify;\">Za tropick\u00e9ho po\u010das\u00ed prob\u011bhlo o uplynul\u00e9m v\u00edkendu 19. a 20. \u010dervna 2021 na kladensk\u00e9m stadionu Sleti\u0161t\u011b Mistrovstv\u00ed \u010cesk\u00e9 republiky dorostu a junior\u016f. Atletick\u00fd klub Olomouc z\u00edskal celkem 8 medail\u00ed a dal\u0161\u00edch 8 fin\u00e1lov\u00fdch um\u00edst\u011bn\u00ed.<!--more--><\/p>\n<p style=\"text-align: justify;\">Nej\u00fasp\u011b\u0161n\u011bj\u0161\u00ed \u010dlenkou v\u00fdpravy se stala <strong>Lucie Mi\u010dunkov\u00e1<\/strong>, kter\u00e9 se povedl zkompletovat zlat\u00fd double ve sprintersk\u00fdch trat\u00edch na 100 a 200 metr\u016f juniorek. Na obou trat\u00edch dok\u00e1zala zv\u00edt\u011bzit v nov\u00fdch osobn\u00edch rekordech. V b\u011bhu na 100 m dos\u00e1hla \u010dasu 11,76 s. a splnila t\u00edm B limit na <em>Mistrostv\u00ed Evropy U20 v Tallinu<\/em>. V b\u011bhu na 200 m fini\u0161ovala s velk\u00fdm n\u00e1skokem ve vylep\u0161en\u00e9m vlast\u00edm odd\u00edlov\u00e9m rekordu \u017een 24,21 s.<\/p>\n<div id=\"attachment_30717\" style=\"width: 670px\" class=\"wp-caption aligncenter\"><a href=\"https:\/\/www.atletikaolomouc.cz\/wp-content\/uploads\/2021\/06\/mi\u010d.jpg\"><img aria-describedby=\"caption-attachment-30717\" decoding=\"async\" loading=\"lazy\" class=\"size-large wp-image-30717\" src=\"https:\/\/www.atletikaolomouc.cz\/wp-content\/uploads\/2021\/06\/mi\u010d-800x533.jpg\" alt=\"\" width=\"660\" height=\"440\" srcset=\"https:\/\/old.atletikaolomouc.cz\/wp-content\/uploads\/2021\/06\/mi\u010d-800x533.jpg 800w, https:\/\/old.atletikaolomouc.cz\/wp-content\/uploads\/2021\/06\/mi\u010d-300x200.jpg 300w, https:\/\/old.atletikaolomouc.cz\/wp-content\/uploads\/2021\/06\/mi\u010d-768x512.jpg 768w, https:\/\/old.atletikaolomouc.cz\/wp-content\/uploads\/2021\/06\/mi\u010d-385x258.jpg 385w, https:\/\/old.atletikaolomouc.cz\/wp-content\/uploads\/2021\/06\/mi\u010d.jpg 1731w\" sizes=\"(max-width: 660px) 100vw, 660px\" \/><\/a><p id=\"caption-attachment-30717\" class=\"wp-caption-text\">Lucie Mi\u010dunkov\u00e1<\/p><\/div>\n<p style=\"text-align: justify;\"><strong>Martina Mazurov\u00e1<\/strong> byla jednou z nejv\u00fdrazn\u011bj\u0161\u00edch postav cel\u00e9ho mistrovstv\u00ed. Ve vrhu koul\u00ed dorostenek nenechala nikoho na pochyb\u00e1ch, \u017ee je jasnou \u010deskou jedni\u010dkou a s velk\u00fdm p\u0159ehledem zv\u00edt\u011bzila v\u00fdkonem 15,92 metr\u016f. V hodu diskem v n\u00e1dhern\u00e9m souboji tentokr\u00e1t podlehla b\u00fdval\u00e9 olomouck\u00e9 z\u00e1vodnici Kl\u00e1\u0159e Klonov\u00e9 a z\u00edskala st\u0159\u00edbrnou medaili za v\u00fdkon 39,84 m. Za tyto vynikaj\u00edc\u00ed v\u00fdkony byla Martina nominov\u00e1na na <em>Mezist\u00e1tn\u00ed utk\u00e1n\u00ed CZE-HUN-SVK-SLO U18,<\/em> kter\u00e9 se uskute\u010dn\u00ed 14. 8. 2021 v Hodon\u00edn\u011b.<\/p>\n<div id=\"attachment_30718\" style=\"width: 610px\" class=\"wp-caption aligncenter\"><a href=\"https:\/\/www.atletikaolomouc.cz\/wp-content\/uploads\/2021\/06\/Photo-20.06.2021-13-38-32.jpg\"><img aria-describedby=\"caption-attachment-30718\" decoding=\"async\" loading=\"lazy\" class=\"wp-image-30718 size-large\" src=\"https:\/\/www.atletikaolomouc.cz\/wp-content\/uploads\/2021\/06\/Photo-20.06.2021-13-38-32-600x600.jpg\" alt=\"\" width=\"600\" height=\"600\" srcset=\"https:\/\/old.atletikaolomouc.cz\/wp-content\/uploads\/2021\/06\/Photo-20.06.2021-13-38-32-600x600.jpg 600w, https:\/\/old.atletikaolomouc.cz\/wp-content\/uploads\/2021\/06\/Photo-20.06.2021-13-38-32-150x150.jpg 150w, https:\/\/old.atletikaolomouc.cz\/wp-content\/uploads\/2021\/06\/Photo-20.06.2021-13-38-32-300x300.jpg 300w, https:\/\/old.atletikaolomouc.cz\/wp-content\/uploads\/2021\/06\/Photo-20.06.2021-13-38-32-768x768.jpg 768w, https:\/\/old.atletikaolomouc.cz\/wp-content\/uploads\/2021\/06\/Photo-20.06.2021-13-38-32-144x144.jpg 144w\" sizes=\"(max-width: 600px) 100vw, 600px\" \/><\/a><p id=\"caption-attachment-30718\" class=\"wp-caption-text\">Martina Mazurov\u00e1<\/p><\/div>\n<p style=\"text-align: justify;\">Senza\u010dn\u00ed titul mistr\u016f \u010cR se poda\u0159il z\u00edskat \u0161tafet\u011b na 4&#215;400 metr\u016f dorostenc\u016f. Sestava ve slo\u017een\u00ed <strong>Ben Jakob, Marek K\u00fcnstler, Mat\u011bj H\u00e1p a Karel Brychta<\/strong> fini\u0161ovala v \u010dase 3:25,96 min. Vylep\u0161en\u00edm osobn\u00edho rekordu si vybojoval svou prvn\u00ed medaili na venkovn\u00edm h\u0159i\u0161ti tak\u00e9 ty\u010dka\u0159 <strong>Ji\u0159\u00ed Novotn\u00fd<\/strong>. V nap\u00ednav\u00e9 sout\u011b\u017ei junior\u016f ve skoku o ty\u010di bral st\u0159\u00edbro v\u00fdborn\u00fdm v\u00fdkonem 480 cm. Jirka nastoupil tak\u00e9 ve skoku do d\u00e1lky junior\u016f. V jedn\u00e9 z nejlep\u0161\u00edch d\u00e1lka\u0159sk\u00fdch juniorsk\u00fdch sout\u011b\u017e\u00ed posledn\u00edch let vybojoval \u0161estou p\u0159\u00ed\u010dku za dal\u0161\u00ed osobn\u00ed rekord 690 cm.<\/p>\n<div id=\"attachment_30719\" style=\"width: 633px\" class=\"wp-caption aligncenter\"><a href=\"https:\/\/www.atletikaolomouc.cz\/wp-content\/uploads\/2021\/06\/Photo-21.06.2021-11-26-08.jpg\"><img aria-describedby=\"caption-attachment-30719\" decoding=\"async\" loading=\"lazy\" class=\"size-large wp-image-30719\" src=\"https:\/\/www.atletikaolomouc.cz\/wp-content\/uploads\/2021\/06\/Photo-21.06.2021-11-26-08-623x600.jpg\" alt=\"\" width=\"623\" height=\"600\" srcset=\"https:\/\/old.atletikaolomouc.cz\/wp-content\/uploads\/2021\/06\/Photo-21.06.2021-11-26-08-623x600.jpg 623w, https:\/\/old.atletikaolomouc.cz\/wp-content\/uploads\/2021\/06\/Photo-21.06.2021-11-26-08-300x289.jpg 300w, https:\/\/old.atletikaolomouc.cz\/wp-content\/uploads\/2021\/06\/Photo-21.06.2021-11-26-08-768x740.jpg 768w, https:\/\/old.atletikaolomouc.cz\/wp-content\/uploads\/2021\/06\/Photo-21.06.2021-11-26-08.jpg 983w\" sizes=\"(max-width: 623px) 100vw, 623px\" \/><\/a><p id=\"caption-attachment-30719\" class=\"wp-caption-text\">\u0161tafeta 4x400m dorostenc\u016f Brychta-H\u00e1p-K\u00fcnstler-Jakob<\/p><\/div>\n<div id=\"attachment_30720\" style=\"width: 559px\" class=\"wp-caption aligncenter\"><a href=\"https:\/\/www.atletikaolomouc.cz\/wp-content\/uploads\/2021\/06\/Photo-21.06.2021-11-36-22.jpg\"><img aria-describedby=\"caption-attachment-30720\" decoding=\"async\" loading=\"lazy\" class=\"size-full wp-image-30720\" src=\"https:\/\/www.atletikaolomouc.cz\/wp-content\/uploads\/2021\/06\/Photo-21.06.2021-11-36-22.jpg\" alt=\"\" width=\"549\" height=\"569\" srcset=\"https:\/\/old.atletikaolomouc.cz\/wp-content\/uploads\/2021\/06\/Photo-21.06.2021-11-36-22.jpg 549w, https:\/\/old.atletikaolomouc.cz\/wp-content\/uploads\/2021\/06\/Photo-21.06.2021-11-36-22-289x300.jpg 289w\" sizes=\"(max-width: 549px) 100vw, 549px\" \/><\/a><p id=\"caption-attachment-30720\" class=\"wp-caption-text\">Ji\u0159\u00ed Novotn\u00fd st\u0159\u00edbrn\u00e1 medaile ve skoku o ty\u010di junior\u016f<\/p><\/div>\n<p style=\"text-align: justify;\">Vynikaj\u00edc\u00edm taktick\u00fdm v\u00fdkonem a bojovnost\u00ed v c\u00edlov\u00e9 rovince z\u00edskal st\u0159\u00edbrnou medaili v b\u011bhu na 800 metr\u016f junior\u016f <strong>Michal Hroch<\/strong>. Michal c\u00edloval v \u010dase 1:54,69 min. Vyrovnan\u00e1 sout\u011b\u017e byla tak\u00e9 ve skoku do v\u00fd\u0161ky dorostenek. <strong>Alena Levkov\u00e1<\/strong> v\u0161ak dok\u00e1zala zabojovat a \u00fasp\u011b\u0161n\u011b se p\u0159en\u00e9st p\u0159es la\u0165ku ve v\u00fd\u0161ce 171 cm, za co\u017e brala par\u00e1dn\u00ed bronzovou medaili.<\/p>\n<div id=\"attachment_30721\" style=\"width: 610px\" class=\"wp-caption aligncenter\"><a href=\"https:\/\/www.atletikaolomouc.cz\/wp-content\/uploads\/2021\/06\/Photo-20.06.2021-16-36-05.jpg\"><img aria-describedby=\"caption-attachment-30721\" decoding=\"async\" loading=\"lazy\" class=\"size-large wp-image-30721\" src=\"https:\/\/www.atletikaolomouc.cz\/wp-content\/uploads\/2021\/06\/Photo-20.06.2021-16-36-05-600x600.jpg\" alt=\"\" width=\"600\" height=\"600\" srcset=\"https:\/\/old.atletikaolomouc.cz\/wp-content\/uploads\/2021\/06\/Photo-20.06.2021-16-36-05-600x600.jpg 600w, https:\/\/old.atletikaolomouc.cz\/wp-content\/uploads\/2021\/06\/Photo-20.06.2021-16-36-05-150x150.jpg 150w, https:\/\/old.atletikaolomouc.cz\/wp-content\/uploads\/2021\/06\/Photo-20.06.2021-16-36-05-300x300.jpg 300w, https:\/\/old.atletikaolomouc.cz\/wp-content\/uploads\/2021\/06\/Photo-20.06.2021-16-36-05-768x768.jpg 768w, https:\/\/old.atletikaolomouc.cz\/wp-content\/uploads\/2021\/06\/Photo-20.06.2021-16-36-05-144x144.jpg 144w\" sizes=\"(max-width: 600px) 100vw, 600px\" \/><\/a><p id=\"caption-attachment-30721\" class=\"wp-caption-text\">Michal Hroch<\/p><\/div>\n<div id=\"attachment_30722\" style=\"width: 610px\" class=\"wp-caption aligncenter\"><a href=\"https:\/\/www.atletikaolomouc.cz\/wp-content\/uploads\/2021\/06\/Photo-20.06.2021-16-39-39.jpg\"><img aria-describedby=\"caption-attachment-30722\" decoding=\"async\" loading=\"lazy\" class=\"size-large wp-image-30722\" src=\"https:\/\/www.atletikaolomouc.cz\/wp-content\/uploads\/2021\/06\/Photo-20.06.2021-16-39-39-600x600.jpg\" alt=\"\" width=\"600\" height=\"600\" srcset=\"https:\/\/old.atletikaolomouc.cz\/wp-content\/uploads\/2021\/06\/Photo-20.06.2021-16-39-39-600x600.jpg 600w, https:\/\/old.atletikaolomouc.cz\/wp-content\/uploads\/2021\/06\/Photo-20.06.2021-16-39-39-150x150.jpg 150w, https:\/\/old.atletikaolomouc.cz\/wp-content\/uploads\/2021\/06\/Photo-20.06.2021-16-39-39-300x300.jpg 300w, https:\/\/old.atletikaolomouc.cz\/wp-content\/uploads\/2021\/06\/Photo-20.06.2021-16-39-39-768x768.jpg 768w, https:\/\/old.atletikaolomouc.cz\/wp-content\/uploads\/2021\/06\/Photo-20.06.2021-16-39-39-144x144.jpg 144w\" sizes=\"(max-width: 600px) 100vw, 600px\" \/><\/a><p id=\"caption-attachment-30722\" class=\"wp-caption-text\">Alena Levkov\u00e1 s tren\u00e9rkou Tatj\u00e1nou Jerou\u0161kovou<\/p><\/div>\n<p>V\u00fdsledky atlet\u016f AK Olomouc<\/p>\n<table style=\"height: 1033px;\" width=\"569\">\n<tbody>\n<tr>\n<td style=\"width: 69.6px;\"><strong>1. m\u00edsto<\/strong><\/td>\n<td style=\"width: 164px;\"><strong>Martina Mazurov\u00e1<\/strong><\/td>\n<td style=\"width: 99.2px;\"><strong>vrh koul\u00ed<\/strong><\/td>\n<td style=\"width: 105.6px;\"><strong>dorostenky<\/strong><\/td>\n<td style=\"width: 99.2px;\"><strong>15,92 m.<\/strong><\/td>\n<\/tr>\n<tr>\n<td style=\"width: 69.6px;\"><strong>1. m\u00edsto<\/strong><\/td>\n<td style=\"width: 164px;\"><strong>Lucie Mi\u010dunkov\u00e1<\/strong><\/td>\n<td style=\"width: 99.2px;\"><strong>100 m<\/strong><\/td>\n<td style=\"width: 105.6px;\"><strong>juniorky<\/strong><\/td>\n<td style=\"width: 99.2px;\"><strong>11,76 s.<\/strong><\/td>\n<\/tr>\n<tr>\n<td style=\"width: 69.6px;\"><strong>1. m\u00edsto<\/strong><\/td>\n<td style=\"width: 164px;\"><strong>Lucie Mi\u010dunkov\u00e1<\/strong><\/td>\n<td style=\"width: 99.2px;\"><strong>200 m<\/strong><\/td>\n<td style=\"width: 105.6px;\"><strong>juniorky<\/strong><\/td>\n<td style=\"width: 99.2px;\"><strong>24,21 s.<\/strong><\/td>\n<\/tr>\n<tr>\n<td style=\"width: 69.6px;\"><strong>1. m\u00edsto<\/strong><\/td>\n<td style=\"width: 164px;\"><strong>Jakob, K\u00fcnstler, H\u00e1p, Brychta<\/strong><\/td>\n<td style=\"width: 99.2px;\"><strong>4&#215;400 m<\/strong><\/td>\n<td style=\"width: 105.6px;\"><strong>dorostenci<\/strong><\/td>\n<td style=\"width: 99.2px;\"><strong>3:25,96 min.<\/strong><\/td>\n<\/tr>\n<tr>\n<td style=\"width: 69.6px;\"><strong>2. m\u00edsto<\/strong><\/td>\n<td style=\"width: 164px;\"><strong>Ji\u0159\u00ed Novotn\u00fd<\/strong><\/td>\n<td style=\"width: 99.2px;\"><strong>skok o ty\u010di<\/strong><\/td>\n<td style=\"width: 105.6px;\"><strong>junio\u0159i<\/strong><\/td>\n<td style=\"width: 99.2px;\"><strong>480 cm.<\/strong><\/td>\n<\/tr>\n<tr>\n<td style=\"width: 69.6px;\"><strong>2. m\u00edsto<\/strong><\/td>\n<td style=\"width: 164px;\"><strong>Martina Mazurov\u00e1<\/strong><\/td>\n<td style=\"width: 99.2px;\"><strong>hod diskem<\/strong><\/td>\n<td style=\"width: 105.6px;\"><strong>dorostenky<\/strong><\/td>\n<td style=\"width: 99.2px;\"><strong>39,84 m.<\/strong><\/td>\n<\/tr>\n<tr>\n<td style=\"width: 69.6px;\"><strong>2. m\u00edsto<\/strong><\/td>\n<td style=\"width: 164px;\"><strong>Michal Hroch<\/strong><\/td>\n<td style=\"width: 99.2px;\"><strong>800 m<\/strong><\/td>\n<td style=\"width: 105.6px;\"><strong>junio\u0159i<\/strong><\/td>\n<td style=\"width: 99.2px;\"><strong>1:54,69 min.<\/strong><\/td>\n<\/tr>\n<tr>\n<td style=\"width: 69.6px;\"><strong>3. m\u00edsto<\/strong><\/td>\n<td style=\"width: 164px;\"><strong>Alena Levkov\u00e1<\/strong><\/td>\n<td style=\"width: 99.2px;\"><strong>skok do v\u00fd\u0161ky<\/strong><\/td>\n<td style=\"width: 105.6px;\"><strong>dorostenky<\/strong><\/td>\n<td style=\"width: 99.2px;\"><strong>171 cm.<\/strong><\/td>\n<\/tr>\n<tr>\n<td style=\"width: 69.6px;\">4. m\u00edsto<\/td>\n<td style=\"width: 164px;\">Barbora H\u00e9\u017eov\u00e1<\/td>\n<td style=\"width: 99.2px;\">hod diskem<\/td>\n<td style=\"width: 105.6px;\">juniorky<\/td>\n<td style=\"width: 99.2px;\">37,93 m.<\/td>\n<\/tr>\n<tr>\n<td style=\"width: 69.6px;\">4. m\u00edsto<\/td>\n<td style=\"width: 164px;\">Marek K\u00fcnstler<\/td>\n<td style=\"width: 99.2px;\">1500 m<\/td>\n<td style=\"width: 105.6px;\">dorostenci<\/td>\n<td style=\"width: 99.2px;\">4:15,78 min.<\/td>\n<\/tr>\n<tr>\n<td style=\"width: 69.6px;\">6. m\u00edsto<\/td>\n<td style=\"width: 164px;\">Karel Brychta<\/td>\n<td style=\"width: 99.2px;\">200 m<\/td>\n<td style=\"width: 105.6px;\">dorostenci<\/td>\n<td style=\"width: 99.2px;\">22,42s.<\/td>\n<\/tr>\n<tr>\n<td style=\"width: 69.6px;\">6. m\u00edsto<\/td>\n<td style=\"width: 164px;\">Ji\u0159\u00ed Novotn\u00fd<\/td>\n<td style=\"width: 99.2px;\">skok do d\u00e1lky<\/td>\n<td style=\"width: 105.6px;\">junio\u0159i<\/td>\n<td style=\"width: 99.2px;\">690 cm.<\/td>\n<\/tr>\n<tr>\n<td style=\"width: 69.6px;\">6. m\u00edsto<\/td>\n<td style=\"width: 164px;\">Anna Belan\u00edkov\u00e1<\/td>\n<td style=\"width: 99.2px;\">3000 m<\/td>\n<td style=\"width: 105.6px;\">juniorky<\/td>\n<td style=\"width: 99.2px;\">11:26,19 min.<\/td>\n<\/tr>\n<tr>\n<td style=\"width: 69.6px;\">7. m\u00edsto<\/td>\n<td style=\"width: 164px;\">Ben Jakob<\/td>\n<td style=\"width: 99.2px;\">400 m<\/td>\n<td style=\"width: 105.6px;\">dorostenci<\/td>\n<td style=\"width: 99.2px;\">50,21s.<\/td>\n<\/tr>\n<tr>\n<td style=\"width: 69.6px;\">8. m\u00edsto<\/td>\n<td style=\"width: 164px;\">Ji\u0159\u00ed Zedn\u00edk<\/td>\n<td style=\"width: 99.2px;\">skok o ty\u010di<\/td>\n<td style=\"width: 105.6px;\">junio\u0159i<\/td>\n<td style=\"width: 99.2px;\">402 cm.<\/td>\n<\/tr>\n<tr>\n<td style=\"width: 69.6px;\">8. m\u00edsto<\/td>\n<td style=\"width: 164px;\">Zuzana V\u00edtkov\u00e1<\/td>\n<td style=\"width: 99.2px;\">skok o ty\u010di<\/td>\n<td style=\"width: 105.6px;\">juniorky<\/td>\n<td style=\"width: 99.2px;\">300 cm.<\/td>\n<\/tr>\n<tr>\n<td style=\"width: 69.6px;\">9. m\u00edsto<\/td>\n<td style=\"width: 164px;\">Daniel Matu\u0161\u00edk<\/td>\n<td style=\"width: 99.2px;\">vrh koul\u00ed<\/td>\n<td style=\"width: 105.6px;\">junio\u0159i<\/td>\n<td style=\"width: 99.2px;\">13,97 m.<\/td>\n<\/tr>\n<tr>\n<td style=\"width: 69.6px;\">10. m\u00edsto<\/td>\n<td style=\"width: 164px;\">Mat\u011bj H\u00e1p<\/td>\n<td style=\"width: 99.2px;\">skok do v\u00fd\u0161ky<\/td>\n<td style=\"width: 105.6px;\">dorostenci<\/td>\n<td style=\"width: 99.2px;\">184 cm.<\/td>\n<\/tr>\n<tr>\n<td style=\"width: 69.6px;\">10. m\u00edsto<\/td>\n<td style=\"width: 164px;\">Anna Gregu\u0161ov\u00e1<\/td>\n<td style=\"width: 99.2px;\">skok do v\u00fd\u0161ky<\/td>\n<td style=\"width: 105.6px;\">juniorky<\/td>\n<td style=\"width: 99.2px;\">163 cm.<\/td>\n<\/tr>\n<tr>\n<td style=\"width: 69.6px;\">10. m\u00edsto<\/td>\n<td style=\"width: 164px;\">Karol\u00edna Morbitzerov\u00e1<\/td>\n<td style=\"width: 99.2px;\">hod diskem<\/td>\n<td style=\"width: 105.6px;\">juniorky<\/td>\n<td style=\"width: 99.2px;\">32,35 m.<\/td>\n<\/tr>\n<tr>\n<td style=\"width: 69.6px;\">12. m\u00edsto<\/td>\n<td style=\"width: 164px;\">Nicola Mikulkov\u00e1<\/td>\n<td style=\"width: 99.2px;\">2000 m p\u0159.<\/td>\n<td style=\"width: 105.6px;\">dorostenky<\/td>\n<td style=\"width: 99.2px;\">8:32,96 min.<\/td>\n<\/tr>\n<tr>\n<td style=\"width: 69.6px;\">12. m\u00edsto<\/td>\n<td style=\"width: 164px;\">Adam Tom\u00e1\u0161ek<\/td>\n<td style=\"width: 99.2px;\">skok do v\u00fd\u0161ky<\/td>\n<td style=\"width: 105.6px;\">dorostenci<\/td>\n<td style=\"width: 99.2px;\">184 cm.<\/td>\n<\/tr>\n<tr>\n<td style=\"width: 69.6px;\">19. m\u00edsto<\/td>\n<td style=\"width: 164px;\">Marek Jan\u00e1k<\/td>\n<td style=\"width: 99.2px;\">3000 m<\/td>\n<td style=\"width: 105.6px;\">dorostenci<\/td>\n<td style=\"width: 99.2px;\">10:50,58 min.<\/td>\n<\/tr>\n<tr>\n<td style=\"width: 69.6px;\">rozb\u011bh<\/td>\n<td style=\"width: 164px;\">Max Beran<\/td>\n<td style=\"width: 99.2px;\">400 m<\/td>\n<td style=\"width: 105.6px;\">dorostenci<\/td>\n<td style=\"width: 99.2px;\">53,77 s.<\/td>\n<\/tr>\n<tr>\n<td style=\"width: 69.6px;\">rozb\u011bh<\/td>\n<td style=\"width: 164px;\">Vojt\u011bch Hejtm\u00e1nek<\/td>\n<td style=\"width: 99.2px;\">100 m p\u0159.<\/td>\n<td style=\"width: 105.6px;\">dorostenci<\/td>\n<td style=\"width: 99.2px;\">15,56 s.<\/td>\n<\/tr>\n<tr>\n<td style=\"width: 69.6px;\">rozb\u011bh<\/td>\n<td style=\"width: 164px;\">Patrik Kremel<\/td>\n<td style=\"width: 99.2px;\">300m p\u0159.<\/td>\n<td style=\"width: 105.6px;\">dorostenci<\/td>\n<td style=\"width: 99.2px;\">42,42 s.&nbsp;<\/td>\n<\/tr>\n<\/tbody>\n<\/table>\n<p>V\u0161em atlet\u016fm d\u011bkujeme za vzornou reprezentaci klubu a gratulujeme!<\/p>\n","protected":false},"excerpt":{"rendered":"<p>Za tropick\u00e9ho po\u010das\u00ed prob\u011bhlo o uplynul\u00e9m v\u00edkendu 19. a 20. \u010dervna 2021 na kladensk\u00e9m stadionu Sleti\u0161t\u011b Mistrovstv\u00ed \u010cesk\u00e9 republiky dorostu a junior\u016f. Atletick\u00fd klub Olomouc z\u00edskal celkem 8 medail\u00ed a dal\u0161\u00edch 8 fin\u00e1lov\u00fdch um\u00edst\u011bn\u00ed.<\/p>\n","protected":false},"author":10,"featured_media":30723,"comment_status":"closed","ping_status":"closed","sticky":false,"template":"","format":"standard","meta":{"ngg_post_thumbnail":0},"categories":[5,6,37],"tags":[],"_links":{"self":[{"href":"https:\/\/old.atletikaolomouc.cz\/index.php?rest_route=\/wp\/v2\/posts\/30714"}],"collection":[{"href":"https:\/\/old.atletikaolomouc.cz\/index.php?rest_route=\/wp\/v2\/posts"}],"about":[{"href":"https:\/\/old.atletikaolomouc.cz\/index.php?rest_route=\/wp\/v2\/types\/post"}],"author":[{"embeddable":true,"href":"https:\/\/old.atletikaolomouc.cz\/index.php?rest_route=\/wp\/v2\/users\/10"}],"replies":[{"embeddable":true,"href":"https:\/\/old.atletikaolomouc.cz\/index.php?rest_route=%2Fwp%2Fv2%2Fcomments&post=30714"}],"version-history":[{"count":1,"href":"https:\/\/old.atletikaolomouc.cz\/index.php?rest_route=\/wp\/v2\/posts\/30714\/revisions"}],"predecessor-version":[{"id":30725,"href":"https:\/\/old.atletikaolomouc.cz\/index.php?rest_route=\/wp\/v2\/posts\/30714\/revisions\/30725"}],"wp:featuredmedia":[{"embeddable":true,"href":"https:\/\/old.atletikaolomouc.cz\/index.php?rest_route=\/wp\/v2\/media\/30723"}],"wp:attachment":[{"href":"https:\/\/old.atletikaolomouc.cz\/index.php?rest_route=%2Fwp%2Fv2%2Fmedia&parent=30714"}],"wp:term":[{"taxonomy":"category","embeddable":true,"href":"https:\/\/old.atletikaolomouc.cz\/index.php?rest_route=%2Fwp%2Fv2%2Fcategories&post=30714"},{"taxonomy":"post_tag","embeddable":true,"href":"https:\/\/old.atletikaolomouc.cz\/index.php?rest_route=%2Fwp%2Fv2%2Ftags&post=30714"}],"curies":[{"name":"wp","href":"https:\/\/api.w.org\/{rel}","templated":true}]}}