{"id":30996,"date":"2021-06-23T12:12:29","date_gmt":"2021-06-23T10:12:29","guid":{"rendered":"https:\/\/www.atletikaolomouc.cz\/?p=30996"},"modified":"2021-06-28T11:01:25","modified_gmt":"2021-06-28T09:01:25","slug":"2-kolo-kpd-pripravek-foto","status":"publish","type":"post","link":"https:\/\/old.atletikaolomouc.cz\/?p=30996","title":{"rendered":"2. kolo KPD p\u0159\u00edpravek &#8211; foto"},"content":{"rendered":"<p><a href=\"https:\/\/www.atletikaolomouc.cz\/wp-content\/uploads\/2021\/06\/DSC_0242-2.jpg\"><img decoding=\"async\" loading=\"lazy\" class=\"alignleft size-thumbnail wp-image-30997\" src=\"https:\/\/www.atletikaolomouc.cz\/wp-content\/uploads\/2021\/06\/DSC_0242-2-150x150.jpg\" alt=\"\" width=\"150\" height=\"150\" srcset=\"https:\/\/old.atletikaolomouc.cz\/wp-content\/uploads\/2021\/06\/DSC_0242-2-150x150.jpg 150w, https:\/\/old.atletikaolomouc.cz\/wp-content\/uploads\/2021\/06\/DSC_0242-2-144x144.jpg 144w\" sizes=\"(max-width: 150px) 100vw, 150px\" \/><\/a>Ve \u010dtvrtek 17. \u010dervna prob\u011bhlo v Prost\u011bjov\u011b 2. kolo Krajsk\u00e9ho p\u0159eboru dru\u017estev atletick\u00fdch p\u0159\u00edpravek. Olomouck\u00e9 dru\u017estvo d\u00edvek v celkov\u00e9m hodnocen\u00ed zv\u00edt\u011bzilo a chlapci skon\u010dili na 3. m\u00edst\u011b.<!--more--><\/p>\n<!-- default-view.php -->\n<div\n\tclass=\"ngg-galleryoverview default-view \"\n\tid=\"ngg-gallery-91ffb6fe4f47480e12fb97c4ab2a1533-1\">\n\n\t\t<!-- Thumbnails -->\n\t\t\t\t<div id=\"ngg-image-0\" class=\"ngg-gallery-thumbnail-box \" >\n\t\t\t\t        <div class=\"ngg-gallery-thumbnail\">\n            <a href=\"https:\/\/old.atletikaolomouc.cz\/wp-content\/gallery\/2-kolo-kp-druzstev-pripravek\/DSC_0005.jpg\"\n               title=\"\"\n               data-src=\"https:\/\/old.atletikaolomouc.cz\/wp-content\/gallery\/2-kolo-kp-druzstev-pripravek\/DSC_0005.jpg\"\n               data-thumbnail=\"https:\/\/old.atletikaolomouc.cz\/wp-content\/gallery\/2-kolo-kp-druzstev-pripravek\/thumbs\/thumbs_DSC_0005.jpg\"\n               data-image-id=\"15232\"\n               data-title=\"DSC_0005\"\n               data-description=\"\"\n               data-image-slug=\"dsc_0005\"\n               class=\"ngg-simplelightbox\" rel=\"91ffb6fe4f47480e12fb97c4ab2a1533\">\n                <img\n                    title=\"DSC_0005\"\n                    alt=\"DSC_0005\"\n                    src=\"https:\/\/old.atletikaolomouc.cz\/wp-content\/gallery\/2-kolo-kp-druzstev-pripravek\/thumbs\/thumbs_DSC_0005.jpg\"\n                    width=\"240\"\n                    height=\"160\"\n                    style=\"max-width:100%;\"\n                \/>\n            <\/a>\n        <\/div>\n\t\t\t\t\t\t\t<\/div> \n\t\t\t\n\t\t\t\t<div id=\"ngg-image-1\" class=\"ngg-gallery-thumbnail-box \" >\n\t\t\t\t        <div class=\"ngg-gallery-thumbnail\">\n            <a href=\"https:\/\/old.atletikaolomouc.cz\/wp-content\/gallery\/2-kolo-kp-druzstev-pripravek\/DSC_0006.jpg\"\n               title=\"\"\n               data-src=\"https:\/\/old.atletikaolomouc.cz\/wp-content\/gallery\/2-kolo-kp-druzstev-pripravek\/DSC_0006.jpg\"\n               data-thumbnail=\"https:\/\/old.atletikaolomouc.cz\/wp-content\/gallery\/2-kolo-kp-druzstev-pripravek\/thumbs\/thumbs_DSC_0006.jpg\"\n               data-image-id=\"15233\"\n               data-title=\"DSC_0006\"\n               data-description=\"\"\n               data-image-slug=\"dsc_0006\"\n               class=\"ngg-simplelightbox\" rel=\"91ffb6fe4f47480e12fb97c4ab2a1533\">\n                <img\n                    title=\"DSC_0006\"\n                    alt=\"DSC_0006\"\n                    src=\"https:\/\/old.atletikaolomouc.cz\/wp-content\/gallery\/2-kolo-kp-druzstev-pripravek\/thumbs\/thumbs_DSC_0006.jpg\"\n                    width=\"240\"\n                    height=\"160\"\n                    style=\"max-width:100%;\"\n                \/>\n            <\/a>\n        <\/div>\n\t\t\t\t\t\t\t<\/div> \n\t\t\t\n\t\t\t\t<div id=\"ngg-image-2\" class=\"ngg-gallery-thumbnail-box \" >\n\t\t\t\t        <div class=\"ngg-gallery-thumbnail\">\n            <a href=\"https:\/\/old.atletikaolomouc.cz\/wp-content\/gallery\/2-kolo-kp-druzstev-pripravek\/DSC_0007.jpg\"\n               title=\"\"\n               data-src=\"https:\/\/old.atletikaolomouc.cz\/wp-content\/gallery\/2-kolo-kp-druzstev-pripravek\/DSC_0007.jpg\"\n               data-thumbnail=\"https:\/\/old.atletikaolomouc.cz\/wp-content\/gallery\/2-kolo-kp-druzstev-pripravek\/thumbs\/thumbs_DSC_0007.jpg\"\n               data-image-id=\"15234\"\n               data-title=\"DSC_0007\"\n               data-description=\"\"\n               data-image-slug=\"dsc_0007\"\n               class=\"ngg-simplelightbox\" rel=\"91ffb6fe4f47480e12fb97c4ab2a1533\">\n                <img\n                    title=\"DSC_0007\"\n                    alt=\"DSC_0007\"\n                    src=\"https:\/\/old.atletikaolomouc.cz\/wp-content\/gallery\/2-kolo-kp-druzstev-pripravek\/thumbs\/thumbs_DSC_0007.jpg\"\n                    width=\"240\"\n                    height=\"160\"\n                    style=\"max-width:100%;\"\n                \/>\n            <\/a>\n        <\/div>\n\t\t\t\t\t\t\t<\/div> \n\t\t\t\n\t\t\t\t<div id=\"ngg-image-3\" class=\"ngg-gallery-thumbnail-box \" >\n\t\t\t\t        <div class=\"ngg-gallery-thumbnail\">\n            <a href=\"https:\/\/old.atletikaolomouc.cz\/wp-content\/gallery\/2-kolo-kp-druzstev-pripravek\/DSC_0008.jpg\"\n               title=\"\"\n               data-src=\"https:\/\/old.atletikaolomouc.cz\/wp-content\/gallery\/2-kolo-kp-druzstev-pripravek\/DSC_0008.jpg\"\n               data-thumbnail=\"https:\/\/old.atletikaolomouc.cz\/wp-content\/gallery\/2-kolo-kp-druzstev-pripravek\/thumbs\/thumbs_DSC_0008.jpg\"\n               data-image-id=\"15235\"\n               data-title=\"DSC_0008\"\n               data-description=\"\"\n               data-image-slug=\"dsc_0008\"\n               class=\"ngg-simplelightbox\" rel=\"91ffb6fe4f47480e12fb97c4ab2a1533\">\n                <img\n                    title=\"DSC_0008\"\n                    alt=\"DSC_0008\"\n                    src=\"https:\/\/old.atletikaolomouc.cz\/wp-content\/gallery\/2-kolo-kp-druzstev-pripravek\/thumbs\/thumbs_DSC_0008.jpg\"\n                    width=\"240\"\n                    height=\"160\"\n                    style=\"max-width:100%;\"\n                \/>\n            <\/a>\n        <\/div>\n\t\t\t\t\t\t\t<\/div> \n\t\t\t\n\t\t\t\t<div id=\"ngg-image-4\" class=\"ngg-gallery-thumbnail-box \" >\n\t\t\t\t        <div class=\"ngg-gallery-thumbnail\">\n            <a href=\"https:\/\/old.atletikaolomouc.cz\/wp-content\/gallery\/2-kolo-kp-druzstev-pripravek\/DSC_0009.jpg\"\n               title=\"\"\n               data-src=\"https:\/\/old.atletikaolomouc.cz\/wp-content\/gallery\/2-kolo-kp-druzstev-pripravek\/DSC_0009.jpg\"\n               data-thumbnail=\"https:\/\/old.atletikaolomouc.cz\/wp-content\/gallery\/2-kolo-kp-druzstev-pripravek\/thumbs\/thumbs_DSC_0009.jpg\"\n               data-image-id=\"15236\"\n               data-title=\"DSC_0009\"\n               data-description=\"\"\n               data-image-slug=\"dsc_0009-2\"\n               class=\"ngg-simplelightbox\" rel=\"91ffb6fe4f47480e12fb97c4ab2a1533\">\n                <img\n                    title=\"DSC_0009\"\n                    alt=\"DSC_0009\"\n                    src=\"https:\/\/old.atletikaolomouc.cz\/wp-content\/gallery\/2-kolo-kp-druzstev-pripravek\/thumbs\/thumbs_DSC_0009.jpg\"\n                    width=\"240\"\n                    height=\"160\"\n                    style=\"max-width:100%;\"\n                \/>\n            <\/a>\n        <\/div>\n\t\t\t\t\t\t\t<\/div> \n\t\t\t\n\t\t\t\t<div id=\"ngg-image-5\" class=\"ngg-gallery-thumbnail-box \" >\n\t\t\t\t        <div class=\"ngg-gallery-thumbnail\">\n            <a href=\"https:\/\/old.atletikaolomouc.cz\/wp-content\/gallery\/2-kolo-kp-druzstev-pripravek\/DSC_0010.jpg\"\n               title=\"\"\n               data-src=\"https:\/\/old.atletikaolomouc.cz\/wp-content\/gallery\/2-kolo-kp-druzstev-pripravek\/DSC_0010.jpg\"\n               data-thumbnail=\"https:\/\/old.atletikaolomouc.cz\/wp-content\/gallery\/2-kolo-kp-druzstev-pripravek\/thumbs\/thumbs_DSC_0010.jpg\"\n               data-image-id=\"15237\"\n               data-title=\"DSC_0010\"\n               data-description=\"\"\n               data-image-slug=\"dsc_0010\"\n               class=\"ngg-simplelightbox\" rel=\"91ffb6fe4f47480e12fb97c4ab2a1533\">\n                <img\n                    title=\"DSC_0010\"\n                    alt=\"DSC_0010\"\n                    src=\"https:\/\/old.atletikaolomouc.cz\/wp-content\/gallery\/2-kolo-kp-druzstev-pripravek\/thumbs\/thumbs_DSC_0010.jpg\"\n                    width=\"240\"\n                    height=\"160\"\n                    style=\"max-width:100%;\"\n                \/>\n            <\/a>\n        <\/div>\n\t\t\t\t\t\t\t<\/div> \n\t\t\t\n\t\t\t\t<div id=\"ngg-image-6\" class=\"ngg-gallery-thumbnail-box \" >\n\t\t\t\t        <div class=\"ngg-gallery-thumbnail\">\n            <a href=\"https:\/\/old.atletikaolomouc.cz\/wp-content\/gallery\/2-kolo-kp-druzstev-pripravek\/DSC_0012.jpg\"\n               title=\"\"\n               data-src=\"https:\/\/old.atletikaolomouc.cz\/wp-content\/gallery\/2-kolo-kp-druzstev-pripravek\/DSC_0012.jpg\"\n               data-thumbnail=\"https:\/\/old.atletikaolomouc.cz\/wp-content\/gallery\/2-kolo-kp-druzstev-pripravek\/thumbs\/thumbs_DSC_0012.jpg\"\n               data-image-id=\"15238\"\n               data-title=\"DSC_0012\"\n               data-description=\"\"\n               data-image-slug=\"dsc_0012\"\n               class=\"ngg-simplelightbox\" rel=\"91ffb6fe4f47480e12fb97c4ab2a1533\">\n                <img\n                    title=\"DSC_0012\"\n                    alt=\"DSC_0012\"\n                    src=\"https:\/\/old.atletikaolomouc.cz\/wp-content\/gallery\/2-kolo-kp-druzstev-pripravek\/thumbs\/thumbs_DSC_0012.jpg\"\n                    width=\"240\"\n                    height=\"160\"\n                    style=\"max-width:100%;\"\n                \/>\n            <\/a>\n        <\/div>\n\t\t\t\t\t\t\t<\/div> \n\t\t\t\n\t\t\t\t<div id=\"ngg-image-7\" class=\"ngg-gallery-thumbnail-box \" >\n\t\t\t\t        <div class=\"ngg-gallery-thumbnail\">\n            <a href=\"https:\/\/old.atletikaolomouc.cz\/wp-content\/gallery\/2-kolo-kp-druzstev-pripravek\/DSC_0013.jpg\"\n               title=\"\"\n               data-src=\"https:\/\/old.atletikaolomouc.cz\/wp-content\/gallery\/2-kolo-kp-druzstev-pripravek\/DSC_0013.jpg\"\n               data-thumbnail=\"https:\/\/old.atletikaolomouc.cz\/wp-content\/gallery\/2-kolo-kp-druzstev-pripravek\/thumbs\/thumbs_DSC_0013.jpg\"\n               data-image-id=\"15239\"\n               data-title=\"DSC_0013\"\n               data-description=\"\"\n               data-image-slug=\"dsc_0013\"\n               class=\"ngg-simplelightbox\" rel=\"91ffb6fe4f47480e12fb97c4ab2a1533\">\n                <img\n                    title=\"DSC_0013\"\n                    alt=\"DSC_0013\"\n                    src=\"https:\/\/old.atletikaolomouc.cz\/wp-content\/gallery\/2-kolo-kp-druzstev-pripravek\/thumbs\/thumbs_DSC_0013.jpg\"\n                    width=\"240\"\n                    height=\"160\"\n                    style=\"max-width:100%;\"\n                \/>\n            <\/a>\n        <\/div>\n\t\t\t\t\t\t\t<\/div> \n\t\t\t\n\t\t\t\t<div id=\"ngg-image-8\" class=\"ngg-gallery-thumbnail-box \" >\n\t\t\t\t        <div class=\"ngg-gallery-thumbnail\">\n            <a href=\"https:\/\/old.atletikaolomouc.cz\/wp-content\/gallery\/2-kolo-kp-druzstev-pripravek\/DSC_0014.jpg\"\n               title=\"\"\n               data-src=\"https:\/\/old.atletikaolomouc.cz\/wp-content\/gallery\/2-kolo-kp-druzstev-pripravek\/DSC_0014.jpg\"\n               data-thumbnail=\"https:\/\/old.atletikaolomouc.cz\/wp-content\/gallery\/2-kolo-kp-druzstev-pripravek\/thumbs\/thumbs_DSC_0014.jpg\"\n               data-image-id=\"15240\"\n               data-title=\"DSC_0014\"\n               data-description=\"\"\n               data-image-slug=\"dsc_0014\"\n               class=\"ngg-simplelightbox\" rel=\"91ffb6fe4f47480e12fb97c4ab2a1533\">\n                <img\n                    title=\"DSC_0014\"\n                    alt=\"DSC_0014\"\n                    src=\"https:\/\/old.atletikaolomouc.cz\/wp-content\/gallery\/2-kolo-kp-druzstev-pripravek\/thumbs\/thumbs_DSC_0014.jpg\"\n                    width=\"240\"\n                    height=\"160\"\n                    style=\"max-width:100%;\"\n                \/>\n            <\/a>\n        <\/div>\n\t\t\t\t\t\t\t<\/div> \n\t\t\t\n\t\t\t\t<div id=\"ngg-image-9\" class=\"ngg-gallery-thumbnail-box \" >\n\t\t\t\t        <div class=\"ngg-gallery-thumbnail\">\n            <a href=\"https:\/\/old.atletikaolomouc.cz\/wp-content\/gallery\/2-kolo-kp-druzstev-pripravek\/DSC_0015.jpg\"\n               title=\"\"\n               data-src=\"https:\/\/old.atletikaolomouc.cz\/wp-content\/gallery\/2-kolo-kp-druzstev-pripravek\/DSC_0015.jpg\"\n               data-thumbnail=\"https:\/\/old.atletikaolomouc.cz\/wp-content\/gallery\/2-kolo-kp-druzstev-pripravek\/thumbs\/thumbs_DSC_0015.jpg\"\n               data-image-id=\"15241\"\n               data-title=\"DSC_0015\"\n               data-description=\"\"\n               data-image-slug=\"dsc_0015-1\"\n               class=\"ngg-simplelightbox\" rel=\"91ffb6fe4f47480e12fb97c4ab2a1533\">\n                <img\n                    title=\"DSC_0015\"\n                    alt=\"DSC_0015\"\n                    src=\"https:\/\/old.atletikaolomouc.cz\/wp-content\/gallery\/2-kolo-kp-druzstev-pripravek\/thumbs\/thumbs_DSC_0015.jpg\"\n                    width=\"240\"\n                    height=\"160\"\n                    style=\"max-width:100%;\"\n                \/>\n            <\/a>\n        <\/div>\n\t\t\t\t\t\t\t<\/div> \n\t\t\t\n\t\t\t\t<div id=\"ngg-image-10\" class=\"ngg-gallery-thumbnail-box \" >\n\t\t\t\t        <div class=\"ngg-gallery-thumbnail\">\n            <a href=\"https:\/\/old.atletikaolomouc.cz\/wp-content\/gallery\/2-kolo-kp-druzstev-pripravek\/DSC_0016.jpg\"\n               title=\"\"\n               data-src=\"https:\/\/old.atletikaolomouc.cz\/wp-content\/gallery\/2-kolo-kp-druzstev-pripravek\/DSC_0016.jpg\"\n               data-thumbnail=\"https:\/\/old.atletikaolomouc.cz\/wp-content\/gallery\/2-kolo-kp-druzstev-pripravek\/thumbs\/thumbs_DSC_0016.jpg\"\n               data-image-id=\"15242\"\n               data-title=\"DSC_0016\"\n               data-description=\"\"\n               data-image-slug=\"dsc_0016\"\n               class=\"ngg-simplelightbox\" rel=\"91ffb6fe4f47480e12fb97c4ab2a1533\">\n                <img\n                    title=\"DSC_0016\"\n                    alt=\"DSC_0016\"\n                    src=\"https:\/\/old.atletikaolomouc.cz\/wp-content\/gallery\/2-kolo-kp-druzstev-pripravek\/thumbs\/thumbs_DSC_0016.jpg\"\n                    width=\"240\"\n                    height=\"160\"\n                    style=\"max-width:100%;\"\n                \/>\n            <\/a>\n        <\/div>\n\t\t\t\t\t\t\t<\/div> \n\t\t\t\n\t\t\t\t<div id=\"ngg-image-11\" class=\"ngg-gallery-thumbnail-box \" >\n\t\t\t\t        <div class=\"ngg-gallery-thumbnail\">\n            <a href=\"https:\/\/old.atletikaolomouc.cz\/wp-content\/gallery\/2-kolo-kp-druzstev-pripravek\/DSC_0017.jpg\"\n               title=\"\"\n               data-src=\"https:\/\/old.atletikaolomouc.cz\/wp-content\/gallery\/2-kolo-kp-druzstev-pripravek\/DSC_0017.jpg\"\n               data-thumbnail=\"https:\/\/old.atletikaolomouc.cz\/wp-content\/gallery\/2-kolo-kp-druzstev-pripravek\/thumbs\/thumbs_DSC_0017.jpg\"\n               data-image-id=\"15243\"\n               data-title=\"DSC_0017\"\n               data-description=\"\"\n               data-image-slug=\"dsc_0017-1\"\n               class=\"ngg-simplelightbox\" rel=\"91ffb6fe4f47480e12fb97c4ab2a1533\">\n                <img\n                    title=\"DSC_0017\"\n                    alt=\"DSC_0017\"\n                    src=\"https:\/\/old.atletikaolomouc.cz\/wp-content\/gallery\/2-kolo-kp-druzstev-pripravek\/thumbs\/thumbs_DSC_0017.jpg\"\n                    width=\"240\"\n                    height=\"160\"\n                    style=\"max-width:100%;\"\n                \/>\n            <\/a>\n        <\/div>\n\t\t\t\t\t\t\t<\/div> \n\t\t\t\n\t\t\t\t<div id=\"ngg-image-12\" class=\"ngg-gallery-thumbnail-box \" >\n\t\t\t\t        <div class=\"ngg-gallery-thumbnail\">\n            <a href=\"https:\/\/old.atletikaolomouc.cz\/wp-content\/gallery\/2-kolo-kp-druzstev-pripravek\/DSC_0018.jpg\"\n               title=\"\"\n               data-src=\"https:\/\/old.atletikaolomouc.cz\/wp-content\/gallery\/2-kolo-kp-druzstev-pripravek\/DSC_0018.jpg\"\n               data-thumbnail=\"https:\/\/old.atletikaolomouc.cz\/wp-content\/gallery\/2-kolo-kp-druzstev-pripravek\/thumbs\/thumbs_DSC_0018.jpg\"\n               data-image-id=\"15244\"\n               data-title=\"DSC_0018\"\n               data-description=\"\"\n               data-image-slug=\"dsc_0018\"\n               class=\"ngg-simplelightbox\" rel=\"91ffb6fe4f47480e12fb97c4ab2a1533\">\n                <img\n                    title=\"DSC_0018\"\n                    alt=\"DSC_0018\"\n                    src=\"https:\/\/old.atletikaolomouc.cz\/wp-content\/gallery\/2-kolo-kp-druzstev-pripravek\/thumbs\/thumbs_DSC_0018.jpg\"\n                    width=\"240\"\n                    height=\"160\"\n                    style=\"max-width:100%;\"\n                \/>\n            <\/a>\n        <\/div>\n\t\t\t\t\t\t\t<\/div> \n\t\t\t\n\t\t\t\t<div id=\"ngg-image-13\" class=\"ngg-gallery-thumbnail-box \" >\n\t\t\t\t        <div class=\"ngg-gallery-thumbnail\">\n            <a href=\"https:\/\/old.atletikaolomouc.cz\/wp-content\/gallery\/2-kolo-kp-druzstev-pripravek\/DSC_0019.jpg\"\n               title=\"\"\n               data-src=\"https:\/\/old.atletikaolomouc.cz\/wp-content\/gallery\/2-kolo-kp-druzstev-pripravek\/DSC_0019.jpg\"\n               data-thumbnail=\"https:\/\/old.atletikaolomouc.cz\/wp-content\/gallery\/2-kolo-kp-druzstev-pripravek\/thumbs\/thumbs_DSC_0019.jpg\"\n               data-image-id=\"15245\"\n               data-title=\"DSC_0019\"\n               data-description=\"\"\n               data-image-slug=\"dsc_0019-2\"\n               class=\"ngg-simplelightbox\" rel=\"91ffb6fe4f47480e12fb97c4ab2a1533\">\n                <img\n                    title=\"DSC_0019\"\n                    alt=\"DSC_0019\"\n                    src=\"https:\/\/old.atletikaolomouc.cz\/wp-content\/gallery\/2-kolo-kp-druzstev-pripravek\/thumbs\/thumbs_DSC_0019.jpg\"\n                    width=\"240\"\n                    height=\"160\"\n                    style=\"max-width:100%;\"\n                \/>\n            <\/a>\n        <\/div>\n\t\t\t\t\t\t\t<\/div> \n\t\t\t\n\t\t\t\t<div id=\"ngg-image-14\" class=\"ngg-gallery-thumbnail-box \" >\n\t\t\t\t        <div class=\"ngg-gallery-thumbnail\">\n            <a href=\"https:\/\/old.atletikaolomouc.cz\/wp-content\/gallery\/2-kolo-kp-druzstev-pripravek\/DSC_0020.jpg\"\n               title=\"\"\n               data-src=\"https:\/\/old.atletikaolomouc.cz\/wp-content\/gallery\/2-kolo-kp-druzstev-pripravek\/DSC_0020.jpg\"\n               data-thumbnail=\"https:\/\/old.atletikaolomouc.cz\/wp-content\/gallery\/2-kolo-kp-druzstev-pripravek\/thumbs\/thumbs_DSC_0020.jpg\"\n               data-image-id=\"15246\"\n               data-title=\"DSC_0020\"\n               data-description=\"\"\n               data-image-slug=\"dsc_0020\"\n               class=\"ngg-simplelightbox\" rel=\"91ffb6fe4f47480e12fb97c4ab2a1533\">\n                <img\n                    title=\"DSC_0020\"\n                    alt=\"DSC_0020\"\n                    src=\"https:\/\/old.atletikaolomouc.cz\/wp-content\/gallery\/2-kolo-kp-druzstev-pripravek\/thumbs\/thumbs_DSC_0020.jpg\"\n                    width=\"240\"\n                    height=\"160\"\n                    style=\"max-width:100%;\"\n                \/>\n            <\/a>\n        <\/div>\n\t\t\t\t\t\t\t<\/div> \n\t\t\t\n\t\t\t\t<div id=\"ngg-image-15\" class=\"ngg-gallery-thumbnail-box \" >\n\t\t\t\t        <div class=\"ngg-gallery-thumbnail\">\n            <a href=\"https:\/\/old.atletikaolomouc.cz\/wp-content\/gallery\/2-kolo-kp-druzstev-pripravek\/DSC_0021.jpg\"\n               title=\"\"\n               data-src=\"https:\/\/old.atletikaolomouc.cz\/wp-content\/gallery\/2-kolo-kp-druzstev-pripravek\/DSC_0021.jpg\"\n               data-thumbnail=\"https:\/\/old.atletikaolomouc.cz\/wp-content\/gallery\/2-kolo-kp-druzstev-pripravek\/thumbs\/thumbs_DSC_0021.jpg\"\n               data-image-id=\"15247\"\n               data-title=\"DSC_0021\"\n               data-description=\"\"\n               data-image-slug=\"dsc_0021\"\n               class=\"ngg-simplelightbox\" rel=\"91ffb6fe4f47480e12fb97c4ab2a1533\">\n                <img\n                    title=\"DSC_0021\"\n                    alt=\"DSC_0021\"\n                    src=\"https:\/\/old.atletikaolomouc.cz\/wp-content\/gallery\/2-kolo-kp-druzstev-pripravek\/thumbs\/thumbs_DSC_0021.jpg\"\n                    width=\"240\"\n                    height=\"160\"\n                    style=\"max-width:100%;\"\n                \/>\n            <\/a>\n        <\/div>\n\t\t\t\t\t\t\t<\/div> \n\t\t\t\n\t\t\t\t<div id=\"ngg-image-16\" class=\"ngg-gallery-thumbnail-box \" >\n\t\t\t\t        <div class=\"ngg-gallery-thumbnail\">\n            <a href=\"https:\/\/old.atletikaolomouc.cz\/wp-content\/gallery\/2-kolo-kp-druzstev-pripravek\/DSC_0022.jpg\"\n               title=\"\"\n               data-src=\"https:\/\/old.atletikaolomouc.cz\/wp-content\/gallery\/2-kolo-kp-druzstev-pripravek\/DSC_0022.jpg\"\n               data-thumbnail=\"https:\/\/old.atletikaolomouc.cz\/wp-content\/gallery\/2-kolo-kp-druzstev-pripravek\/thumbs\/thumbs_DSC_0022.jpg\"\n               data-image-id=\"15248\"\n               data-title=\"DSC_0022\"\n               data-description=\"\"\n               data-image-slug=\"dsc_0022-3\"\n               class=\"ngg-simplelightbox\" rel=\"91ffb6fe4f47480e12fb97c4ab2a1533\">\n                <img\n                    title=\"DSC_0022\"\n                    alt=\"DSC_0022\"\n                    src=\"https:\/\/old.atletikaolomouc.cz\/wp-content\/gallery\/2-kolo-kp-druzstev-pripravek\/thumbs\/thumbs_DSC_0022.jpg\"\n                    width=\"240\"\n                    height=\"160\"\n                    style=\"max-width:100%;\"\n                \/>\n            <\/a>\n        <\/div>\n\t\t\t\t\t\t\t<\/div> \n\t\t\t\n\t\t\t\t<div id=\"ngg-image-17\" class=\"ngg-gallery-thumbnail-box \" >\n\t\t\t\t        <div class=\"ngg-gallery-thumbnail\">\n            <a href=\"https:\/\/old.atletikaolomouc.cz\/wp-content\/gallery\/2-kolo-kp-druzstev-pripravek\/DSC_0023.jpg\"\n               title=\"\"\n               data-src=\"https:\/\/old.atletikaolomouc.cz\/wp-content\/gallery\/2-kolo-kp-druzstev-pripravek\/DSC_0023.jpg\"\n               data-thumbnail=\"https:\/\/old.atletikaolomouc.cz\/wp-content\/gallery\/2-kolo-kp-druzstev-pripravek\/thumbs\/thumbs_DSC_0023.jpg\"\n               data-image-id=\"15249\"\n               data-title=\"DSC_0023\"\n               data-description=\"\"\n               data-image-slug=\"dsc_0023\"\n               class=\"ngg-simplelightbox\" rel=\"91ffb6fe4f47480e12fb97c4ab2a1533\">\n                <img\n                    title=\"DSC_0023\"\n                    alt=\"DSC_0023\"\n                    src=\"https:\/\/old.atletikaolomouc.cz\/wp-content\/gallery\/2-kolo-kp-druzstev-pripravek\/thumbs\/thumbs_DSC_0023.jpg\"\n                    width=\"240\"\n                    height=\"160\"\n                    style=\"max-width:100%;\"\n                \/>\n            <\/a>\n        <\/div>\n\t\t\t\t\t\t\t<\/div> \n\t\t\t\n\t\t\t\t<div id=\"ngg-image-18\" class=\"ngg-gallery-thumbnail-box \" >\n\t\t\t\t        <div class=\"ngg-gallery-thumbnail\">\n            <a href=\"https:\/\/old.atletikaolomouc.cz\/wp-content\/gallery\/2-kolo-kp-druzstev-pripravek\/DSC_0024.jpg\"\n               title=\"\"\n               data-src=\"https:\/\/old.atletikaolomouc.cz\/wp-content\/gallery\/2-kolo-kp-druzstev-pripravek\/DSC_0024.jpg\"\n               data-thumbnail=\"https:\/\/old.atletikaolomouc.cz\/wp-content\/gallery\/2-kolo-kp-druzstev-pripravek\/thumbs\/thumbs_DSC_0024.jpg\"\n               data-image-id=\"15250\"\n               data-title=\"DSC_0024\"\n               data-description=\"\"\n               data-image-slug=\"dsc_0024\"\n               class=\"ngg-simplelightbox\" rel=\"91ffb6fe4f47480e12fb97c4ab2a1533\">\n                <img\n                    title=\"DSC_0024\"\n                    alt=\"DSC_0024\"\n                    src=\"https:\/\/old.atletikaolomouc.cz\/wp-content\/gallery\/2-kolo-kp-druzstev-pripravek\/thumbs\/thumbs_DSC_0024.jpg\"\n                    width=\"240\"\n                    height=\"160\"\n                    style=\"max-width:100%;\"\n                \/>\n            <\/a>\n        <\/div>\n\t\t\t\t\t\t\t<\/div> \n\t\t\t\n\t\t\t\t<div id=\"ngg-image-19\" class=\"ngg-gallery-thumbnail-box \" >\n\t\t\t\t        <div class=\"ngg-gallery-thumbnail\">\n            <a href=\"https:\/\/old.atletikaolomouc.cz\/wp-content\/gallery\/2-kolo-kp-druzstev-pripravek\/DSC_0025.jpg\"\n               title=\"\"\n               data-src=\"https:\/\/old.atletikaolomouc.cz\/wp-content\/gallery\/2-kolo-kp-druzstev-pripravek\/DSC_0025.jpg\"\n               data-thumbnail=\"https:\/\/old.atletikaolomouc.cz\/wp-content\/gallery\/2-kolo-kp-druzstev-pripravek\/thumbs\/thumbs_DSC_0025.jpg\"\n               data-image-id=\"15251\"\n               data-title=\"DSC_0025\"\n               data-description=\"\"\n               data-image-slug=\"dsc_0025-2\"\n               class=\"ngg-simplelightbox\" rel=\"91ffb6fe4f47480e12fb97c4ab2a1533\">\n                <img\n                    title=\"DSC_0025\"\n                    alt=\"DSC_0025\"\n                    src=\"https:\/\/old.atletikaolomouc.cz\/wp-content\/gallery\/2-kolo-kp-druzstev-pripravek\/thumbs\/thumbs_DSC_0025.jpg\"\n                    width=\"240\"\n                    height=\"160\"\n                    style=\"max-width:100%;\"\n                \/>\n            <\/a>\n        <\/div>\n\t\t\t\t\t\t\t<\/div> \n\t\t\t\n\t\t\t\t<div id=\"ngg-image-20\" class=\"ngg-gallery-thumbnail-box \" >\n\t\t\t\t        <div class=\"ngg-gallery-thumbnail\">\n            <a href=\"https:\/\/old.atletikaolomouc.cz\/wp-content\/gallery\/2-kolo-kp-druzstev-pripravek\/DSC_0026.jpg\"\n               title=\"\"\n               data-src=\"https:\/\/old.atletikaolomouc.cz\/wp-content\/gallery\/2-kolo-kp-druzstev-pripravek\/DSC_0026.jpg\"\n               data-thumbnail=\"https:\/\/old.atletikaolomouc.cz\/wp-content\/gallery\/2-kolo-kp-druzstev-pripravek\/thumbs\/thumbs_DSC_0026.jpg\"\n               data-image-id=\"15252\"\n               data-title=\"DSC_0026\"\n               data-description=\"\"\n               data-image-slug=\"dsc_0026-1\"\n               class=\"ngg-simplelightbox\" rel=\"91ffb6fe4f47480e12fb97c4ab2a1533\">\n                <img\n                    title=\"DSC_0026\"\n                    alt=\"DSC_0026\"\n                    src=\"https:\/\/old.atletikaolomouc.cz\/wp-content\/gallery\/2-kolo-kp-druzstev-pripravek\/thumbs\/thumbs_DSC_0026.jpg\"\n                    width=\"240\"\n                    height=\"160\"\n                    style=\"max-width:100%;\"\n                \/>\n            <\/a>\n        <\/div>\n\t\t\t\t\t\t\t<\/div> \n\t\t\t\n\t\t\t\t<div id=\"ngg-image-21\" class=\"ngg-gallery-thumbnail-box \" >\n\t\t\t\t        <div class=\"ngg-gallery-thumbnail\">\n            <a href=\"https:\/\/old.atletikaolomouc.cz\/wp-content\/gallery\/2-kolo-kp-druzstev-pripravek\/DSC_0028.jpg\"\n               title=\"\"\n               data-src=\"https:\/\/old.atletikaolomouc.cz\/wp-content\/gallery\/2-kolo-kp-druzstev-pripravek\/DSC_0028.jpg\"\n               data-thumbnail=\"https:\/\/old.atletikaolomouc.cz\/wp-content\/gallery\/2-kolo-kp-druzstev-pripravek\/thumbs\/thumbs_DSC_0028.jpg\"\n               data-image-id=\"15253\"\n               data-title=\"DSC_0028\"\n               data-description=\"\"\n               data-image-slug=\"dsc_0028-1\"\n               class=\"ngg-simplelightbox\" rel=\"91ffb6fe4f47480e12fb97c4ab2a1533\">\n                <img\n                    title=\"DSC_0028\"\n                    alt=\"DSC_0028\"\n                    src=\"https:\/\/old.atletikaolomouc.cz\/wp-content\/gallery\/2-kolo-kp-druzstev-pripravek\/thumbs\/thumbs_DSC_0028.jpg\"\n                    width=\"240\"\n                    height=\"160\"\n                    style=\"max-width:100%;\"\n                \/>\n            <\/a>\n        <\/div>\n\t\t\t\t\t\t\t<\/div> \n\t\t\t\n\t\t\t\t<div id=\"ngg-image-22\" class=\"ngg-gallery-thumbnail-box \" >\n\t\t\t\t        <div class=\"ngg-gallery-thumbnail\">\n            <a href=\"https:\/\/old.atletikaolomouc.cz\/wp-content\/gallery\/2-kolo-kp-druzstev-pripravek\/DSC_0030.jpg\"\n               title=\"\"\n               data-src=\"https:\/\/old.atletikaolomouc.cz\/wp-content\/gallery\/2-kolo-kp-druzstev-pripravek\/DSC_0030.jpg\"\n               data-thumbnail=\"https:\/\/old.atletikaolomouc.cz\/wp-content\/gallery\/2-kolo-kp-druzstev-pripravek\/thumbs\/thumbs_DSC_0030.jpg\"\n               data-image-id=\"15254\"\n               data-title=\"DSC_0030\"\n               data-description=\"\"\n               data-image-slug=\"dsc_0030-1\"\n               class=\"ngg-simplelightbox\" rel=\"91ffb6fe4f47480e12fb97c4ab2a1533\">\n                <img\n                    title=\"DSC_0030\"\n                    alt=\"DSC_0030\"\n                    src=\"https:\/\/old.atletikaolomouc.cz\/wp-content\/gallery\/2-kolo-kp-druzstev-pripravek\/thumbs\/thumbs_DSC_0030.jpg\"\n                    width=\"240\"\n                    height=\"160\"\n                    style=\"max-width:100%;\"\n                \/>\n            <\/a>\n        <\/div>\n\t\t\t\t\t\t\t<\/div> \n\t\t\t\n\t\t\t\t<div id=\"ngg-image-23\" class=\"ngg-gallery-thumbnail-box \" >\n\t\t\t\t        <div class=\"ngg-gallery-thumbnail\">\n            <a href=\"https:\/\/old.atletikaolomouc.cz\/wp-content\/gallery\/2-kolo-kp-druzstev-pripravek\/DSC_0031.jpg\"\n               title=\"\"\n               data-src=\"https:\/\/old.atletikaolomouc.cz\/wp-content\/gallery\/2-kolo-kp-druzstev-pripravek\/DSC_0031.jpg\"\n               data-thumbnail=\"https:\/\/old.atletikaolomouc.cz\/wp-content\/gallery\/2-kolo-kp-druzstev-pripravek\/thumbs\/thumbs_DSC_0031.jpg\"\n               data-image-id=\"15255\"\n               data-title=\"DSC_0031\"\n               data-description=\"\"\n               data-image-slug=\"dsc_0031-1\"\n               class=\"ngg-simplelightbox\" rel=\"91ffb6fe4f47480e12fb97c4ab2a1533\">\n                <img\n                    title=\"DSC_0031\"\n                    alt=\"DSC_0031\"\n                    src=\"https:\/\/old.atletikaolomouc.cz\/wp-content\/gallery\/2-kolo-kp-druzstev-pripravek\/thumbs\/thumbs_DSC_0031.jpg\"\n                    width=\"240\"\n                    height=\"160\"\n                    style=\"max-width:100%;\"\n                \/>\n            <\/a>\n        <\/div>\n\t\t\t\t\t\t\t<\/div> \n\t\t\t\n\t\n\t<br style=\"clear: both\" \/>\n\n\t\n\t\t<!-- Pagination -->\n\t<div class='ngg-navigation'><span class='current'>1<\/span>\n<a class='page-numbers' data-pageid='2' href='https:\/\/old.atletikaolomouc.cz\/index.php\/nggallery\/page\/2?p=30996'>2<\/a>\n<span class='ellipsis'>...<\/span>\n<a class='page-numbers' data-pageid='8' href='https:\/\/old.atletikaolomouc.cz\/index.php\/nggallery\/page\/8?p=30996'>8<\/a>\n<a class='prev' href='https:\/\/old.atletikaolomouc.cz\/index.php\/nggallery\/page\/2?p=30996' data-pageid=2>&#9658;<\/a><\/div>\t<\/div>\n\n","protected":false},"excerpt":{"rendered":"<p>Ve \u010dtvrtek 17. \u010dervna prob\u011bhlo v Prost\u011bjov\u011b 2. kolo Krajsk\u00e9ho p\u0159eboru dru\u017estev atletick\u00fdch p\u0159\u00edpravek. Olomouck\u00e9 dru\u017estvo d\u00edvek v celkov\u00e9m hodnocen\u00ed zv\u00edt\u011bzilo a chlapci skon\u010dili na 3. m\u00edst\u011b.<\/p>\n","protected":false},"author":14,"featured_media":0,"comment_status":"closed","ping_status":"closed","sticky":false,"template":"","format":"standard","meta":{"ngg_post_thumbnail":0},"categories":[6,65,19],"tags":[],"_links":{"self":[{"href":"https:\/\/old.atletikaolomouc.cz\/index.php?rest_route=\/wp\/v2\/posts\/30996"}],"collection":[{"href":"https:\/\/old.atletikaolomouc.cz\/index.php?rest_route=\/wp\/v2\/posts"}],"about":[{"href":"https:\/\/old.atletikaolomouc.cz\/index.php?rest_route=\/wp\/v2\/types\/post"}],"author":[{"embeddable":true,"href":"https:\/\/old.atletikaolomouc.cz\/index.php?rest_route=\/wp\/v2\/users\/14"}],"replies":[{"embeddable":true,"href":"https:\/\/old.atletikaolomouc.cz\/index.php?rest_route=%2Fwp%2Fv2%2Fcomments&post=30996"}],"version-history":[{"count":1,"href":"https:\/\/old.atletikaolomouc.cz\/index.php?rest_route=\/wp\/v2\/posts\/30996\/revisions"}],"predecessor-version":[{"id":30998,"href":"https:\/\/old.atletikaolomouc.cz\/index.php?rest_route=\/wp\/v2\/posts\/30996\/revisions\/30998"}],"wp:attachment":[{"href":"https:\/\/old.atletikaolomouc.cz\/index.php?rest_route=%2Fwp%2Fv2%2Fmedia&parent=30996"}],"wp:term":[{"taxonomy":"category","embeddable":true,"href":"https:\/\/old.atletikaolomouc.cz\/index.php?rest_route=%2Fwp%2Fv2%2Fcategories&post=30996"},{"taxonomy":"post_tag","embeddable":true,"href":"https:\/\/old.atletikaolomouc.cz\/index.php?rest_route=%2Fwp%2Fv2%2Ftags&post=30996"}],"curies":[{"name":"wp","href":"https:\/\/api.w.org\/{rel}","templated":true}]}}