{"id":31052,"date":"2021-06-28T10:58:08","date_gmt":"2021-06-28T08:58:08","guid":{"rendered":"https:\/\/www.atletikaolomouc.cz\/?p=31052"},"modified":"2021-06-28T10:59:55","modified_gmt":"2021-06-28T08:59:55","slug":"mistrovstvi-cr-muzu-a-zen-bronz-pro-lucku-micunkovou-a-stafetu-zen","status":"publish","type":"post","link":"https:\/\/old.atletikaolomouc.cz\/?p=31052","title":{"rendered":"Mistrovstv\u00ed \u010cR mu\u017e\u016f a \u017een &#8211; bronz pro Lucku Mi\u010dunkovou a \u0161tafetu \u017een"},"content":{"rendered":"<p style=\"text-align: justify;\">Se dv\u011bma bronzov\u00fdmi medailemi se vr\u00e1tila v\u00fdprava atletick\u00e9ho klubu Olomouc z Mistrovstv\u00ed \u010cesk\u00e9 republiky mu\u017e\u016f a \u017een, kter\u00e9 se uskute\u010dnilo 26. a 27. \u010dervna ve Zl\u00edn\u011b.<!--more--><\/p>\n<p style=\"text-align: justify;\">Na leto\u0161n\u00ed vrchol dom\u00e1c\u00ed sez\u00f3ny na dr\u00e1ze, M\u010cR dosp\u011bl\u00fdch, odcestovala v\u00fdprava 12 atlet\u016f a atletek na\u0161eho klubu v\u010dele s limit\u00e1\u0159i na Mistrovstv\u00ed Evropy U20 a U23 <strong>Jakubem H\u00e9\u017eou<\/strong> a<strong> Luci\u00ed Mi\u010dunkovou.<\/strong><\/p>\n<p style=\"text-align: justify;\">Aktu\u00e1ln\u00ed juniorsk\u00e1 mistryn\u011b \u010cR <strong>Lucie Mi\u010dunkov\u00e1<\/strong> dok\u00e1zala vybojovat svou prvn\u00ed individu\u00e1ln\u00ed medaili na seniorsk\u00e9m \u0161ampion\u00e1tu. V b\u011bhu na 100 metr\u016f c\u00edlovala na t\u0159et\u00edm m\u00edst\u011b a z\u00edskala bronzovou medaili za v\u00fdkon 11,84 s.<\/p>\n<div id=\"attachment_31056\" style=\"width: 593px\" class=\"wp-caption aligncenter\"><a href=\"https:\/\/www.atletikaolomouc.cz\/wp-content\/uploads\/2021\/06\/Photo-26.06.2021-20-00-19.jpg\"><img aria-describedby=\"caption-attachment-31056\" decoding=\"async\" loading=\"lazy\" class=\"size-large wp-image-31056\" src=\"https:\/\/www.atletikaolomouc.cz\/wp-content\/uploads\/2021\/06\/Photo-26.06.2021-20-00-19-583x600.jpg\" alt=\"\" width=\"583\" height=\"600\" srcset=\"https:\/\/old.atletikaolomouc.cz\/wp-content\/uploads\/2021\/06\/Photo-26.06.2021-20-00-19-583x600.jpg 583w, https:\/\/old.atletikaolomouc.cz\/wp-content\/uploads\/2021\/06\/Photo-26.06.2021-20-00-19-291x300.jpg 291w, https:\/\/old.atletikaolomouc.cz\/wp-content\/uploads\/2021\/06\/Photo-26.06.2021-20-00-19-768x791.jpg 768w\" sizes=\"(max-width: 583px) 100vw, 583px\" \/><\/a><p id=\"caption-attachment-31056\" class=\"wp-caption-text\">Lucie Mi\u010dunkov\u00e1 s tren\u00e9rem Robertem Novotn\u00fdm<\/p><\/div>\n<p style=\"text-align: justify;\">Lucka byla tak\u00e9 fini\u0161menkou \u0161tafety na 4&#215;100 metr\u016f. \u0160tafeta ve slo\u017een\u00ed <strong>Michaela Gieselov\u00e1<\/strong> &#8211; <strong>Barbora Zatloukalov\u00e1<\/strong> &#8211; <strong>Katrin S\u00e1sov\u00e1<\/strong> a <strong>Lucka Mi\u010dunkov\u00e1<\/strong> b\u011b\u017eela opravdu skv\u011ble, v\u00fdrazn\u011b vylep\u0161ila odd\u00edlov\u00fd rekord na sou\u010dasn\u00fdch 46,31 s. a zaslou\u017een\u011b brala bronzov\u00e9 medaile.<\/p>\n<p><strong>Jakub H\u00e9\u017ea<\/strong> bojoval ve vrhu koul\u00ed mu\u017e\u016f. V siln\u011b obsazen\u00e9 sout\u011b\u017ei, kde nechyb\u011bl nikdo z \u010desk\u00e9 \u0161pi\u010dky, obsadil Kuba p\u011bkn\u00e9 5. m\u00edsto za v\u00fdkon 16,91 metr\u016f.<\/p>\n<p style=\"text-align: justify;\">V\u00fdborn\u011b z\u00e1vodila v\u011bkem teprve dorostenka <strong>Alena Levkov\u00e1<\/strong>. Ve vyrovnan\u00e9 sout\u011b\u017ei ve skoku do v\u00fd\u0161ky obsadila za v\u00fdkon 171 cm sedm\u00e9 m\u00edsto.<\/p>\n<p style=\"text-align: justify;\">V\u00edceboja\u0159ky <strong>Barbora Zatloukalov\u00e1<\/strong> a <strong>Michaela Gieselov\u00e1<\/strong> se mimo \u00fasp\u011b\u0161nou \u0161tafetu p\u0159edstavily tak\u00e9 v dal\u0161\u00edch discipl\u00edn\u00e1ch. Bar\u010da vybojovala ve skoku do d\u00e1lky 8. m\u00edsto za v\u00fdkon 579 cm a p\u0159idala 13. m\u00edsto v b\u011bhu na 100 metr\u016f p\u0159ek\u00e1\u017eek za 14,29 s. M\u00ed\u0161a si vytvo\u0159ila v b\u011bhu na 100 metr\u016f p\u0159ek\u00e1\u017eek osobn\u00ed rekord 14,25 s. a brala 11. m\u00edsto, v ned\u011bli si pak vyrovnala osobn\u00ed rekord v b\u011bhu na 200 metr\u016f a v\u00fdkonem 24,98 s. skon\u010dila na 14. p\u0159\u00ed\u010dce.<\/p>\n<p style=\"text-align: justify;\">Osobn\u00edm rekordem se na republikov\u00e9m \u0161ampion\u00e1tu prezentovala tak\u00e9 <strong>Katrin S\u00e1sov\u00e1<\/strong>. V b\u011bhu na 400 metr\u016f p\u0159ek\u00e1\u017eek ji jen t\u011bsn\u011b unikla fin\u00e1lov\u00e1 \u00fa\u010dast. Ze Zl\u00edna si Katrin odvezla v\u00fdkon 62,35 s.<\/p>\n<p><strong>Ji\u0159\u00ed Novotn\u00fd<\/strong> z\u00edskal cenn\u00e9 zku\u0161enosti v souboji s dom\u00e1c\u00ed elitou ve skoku o ty\u010di. Jirka zapsal v\u00fdborn\u00fd v\u00fdkon 470 cm a skon\u010dil na 11. m\u00edst\u011b.<\/p>\n<p>Vylep\u0161en\u00edm osobn\u00edho rekordu v b\u011bhu na 1500 metr\u016f na sou\u010dasn\u00fdch 3:54,53 min. se um\u00edstil na 12. p\u0159\u00ed\u010dce mezi nejlep\u0161\u00edmi m\u00edla\u0159i \u010cR<strong> Michal Hroch.<\/strong><\/p>\n<p>V\u00edceboja\u0159 <strong>Jon\u00e1\u0161 Posp\u00ed\u0161il<\/strong> se p\u0159edstavil ve sv\u00e9 vynikaj\u00edc\u00ed discipl\u00edn\u011b skoku do v\u00fd\u0161ky. Ve Zl\u00edn\u011b sko\u010dil 195 cm a bral 13. m\u00edsto mezi specialisty v\u00fd\u0161ka\u0159i.<\/p>\n<p>Na M\u010cR se p\u0159edstavily tak\u00e9 p\u0159ek\u00e1\u017ek\u00e1\u0159sk\u00e9 legendy na\u0161eho klubu a dlouholet\u00e9 opory ligov\u00e9ho dru\u017estva <strong>Martin Pokorn\u00fd<\/strong> a <strong>Jind\u0159ich Ve\u010de\u0159a<\/strong>.<\/p>\n<p>V\u00fdsledky atlet\u016f AK Olomouc na M\u010cR dosp\u011bl\u00fdch:<\/p>\n<table style=\"width: 476px;\" width=\"497\">\n<tbody>\n<tr>\n<td style=\"width: 78.4px;\"><strong>3. m\u00edsto<\/strong><\/td>\n<td style=\"width: 192px;\"><strong>Lucie Mi\u010dunkov\u00e1<\/strong><\/td>\n<td style=\"width: 80px;\"><strong>100 m<\/strong><\/td>\n<td style=\"width: 100px;\"><strong>11,84 s.<\/strong><\/td>\n<\/tr>\n<tr>\n<td style=\"width: 78.4px;\"><strong>3. m\u00edsto<\/strong><\/td>\n<td style=\"width: 192px;\"><strong>Gieselov\u00e1, Zatloukalov\u00e1, S\u00e1sov\u00e1, Mi\u010dunkov\u00e1<\/strong><\/td>\n<td style=\"width: 80px;\"><strong>4&#215;100 m<\/strong><\/td>\n<td style=\"width: 100px;\"><strong>46,31 s.<\/strong><\/td>\n<\/tr>\n<tr>\n<td style=\"width: 78.4px;\">5. m\u00edsto<\/td>\n<td style=\"width: 192px;\">Jakub H\u00e9\u017ea<\/td>\n<td style=\"width: 80px;\">vrh koul\u00ed<\/td>\n<td style=\"width: 100px;\">16,91 m.<\/td>\n<\/tr>\n<tr>\n<td style=\"width: 78.4px;\">7. m\u00edsto<\/td>\n<td style=\"width: 192px;\">Alena Levkov\u00e1<\/td>\n<td style=\"width: 80px;\">skok do v\u00fd\u0161ky<\/td>\n<td style=\"width: 100px;\">171 cm.<\/td>\n<\/tr>\n<tr>\n<td style=\"width: 78.4px;\">8. m\u00edsto<\/td>\n<td style=\"width: 192px;\">Barbora Zatloukalov\u00e1<\/td>\n<td style=\"width: 80px;\">skok do d\u00e1lky<\/td>\n<td style=\"width: 100px;\">579 cm.<\/td>\n<\/tr>\n<tr>\n<td style=\"width: 78.4px;\">10. m\u00edsto<\/td>\n<td style=\"width: 192px;\">Katrin S\u00e1sov\u00e1<\/td>\n<td style=\"width: 80px;\">400 m p\u0159.<\/td>\n<td style=\"width: 100px;\">62,35 s.<\/td>\n<\/tr>\n<tr>\n<td style=\"width: 78.4px;\">11. m\u00edsto<\/td>\n<td style=\"width: 192px;\">Michaela Gieselov\u00e1<\/td>\n<td style=\"width: 80px;\">100 m p\u0159.<\/td>\n<td style=\"width: 100px;\">14,25 s.<\/td>\n<\/tr>\n<tr>\n<td style=\"width: 78.4px;\">11. m\u00edsto<\/td>\n<td style=\"width: 192px;\">Ji\u0159\u00ed Novotn\u00fd<\/td>\n<td style=\"width: 80px;\">skok o ty\u010di<\/td>\n<td style=\"width: 100px;\">470 cm.<\/td>\n<\/tr>\n<tr>\n<td style=\"width: 78.4px;\">12. m\u00edsto<\/td>\n<td style=\"width: 192px;\">Michal Hroch<\/td>\n<td style=\"width: 80px;\">1500 m<\/td>\n<td style=\"width: 100px;\">3:54,53 min.<\/td>\n<\/tr>\n<tr>\n<td style=\"width: 78.4px;\">13. m\u00edsto<\/td>\n<td style=\"width: 192px;\">Barbora Zatloukalov\u00e1<\/td>\n<td style=\"width: 80px;\">100 m p\u0159.<\/td>\n<td style=\"width: 100px;\">14,29 s.<\/td>\n<\/tr>\n<tr>\n<td style=\"width: 78.4px;\">13. m\u00edsto<\/td>\n<td style=\"width: 192px;\">Jon\u00e1\u0161 Posp\u00ed\u0161il<\/td>\n<td style=\"width: 80px;\">skok do v\u00fd\u0161ky<\/td>\n<td style=\"width: 100px;\">195 cm.<\/td>\n<\/tr>\n<tr>\n<td style=\"width: 78.4px;\">14. m\u00edsto<\/td>\n<td style=\"width: 192px;\">Michaela Gieselov\u00e1<\/td>\n<td style=\"width: 80px;\">200 m<\/td>\n<td style=\"width: 100px;\">24,98 s.<\/td>\n<\/tr>\n<tr>\n<td style=\"width: 78.4px;\">20. m\u00edsto<\/td>\n<td style=\"width: 192px;\">Martin Pokorn\u00fd<\/td>\n<td style=\"width: 80px;\">110 m p\u0159.<\/td>\n<td style=\"width: 100px;\">15,74 s.<\/td>\n<\/tr>\n<tr>\n<td style=\"width: 78.4px;\">24. m\u00edsto<\/td>\n<td style=\"width: 192px;\">Jind\u0159ich Ve\u010de\u0159a<\/td>\n<td style=\"width: 80px;\">110 m p\u0159.<\/td>\n<td style=\"width: 100px;\">16,28 s.<\/td>\n<\/tr>\n<\/tbody>\n<\/table>\n<p>D\u011bkujeme v\u0161em za vynikaj\u00edc\u00ed reprezentaci AK Olomouc.<\/p>\n","protected":false},"excerpt":{"rendered":"<p>Se dv\u011bma bronzov\u00fdmi medailemi se vr\u00e1tila v\u00fdprava atletick\u00e9ho klubu Olomouc z Mistrovstv\u00ed \u010cesk\u00e9 republiky mu\u017e\u016f a \u017een, kter\u00e9 se uskute\u010dnilo 26. a 27. \u010dervna ve Zl\u00edn\u011b.<\/p>\n","protected":false},"author":10,"featured_media":31053,"comment_status":"closed","ping_status":"closed","sticky":false,"template":"","format":"standard","meta":{"ngg_post_thumbnail":0},"categories":[5,6,37],"tags":[],"_links":{"self":[{"href":"https:\/\/old.atletikaolomouc.cz\/index.php?rest_route=\/wp\/v2\/posts\/31052"}],"collection":[{"href":"https:\/\/old.atletikaolomouc.cz\/index.php?rest_route=\/wp\/v2\/posts"}],"about":[{"href":"https:\/\/old.atletikaolomouc.cz\/index.php?rest_route=\/wp\/v2\/types\/post"}],"author":[{"embeddable":true,"href":"https:\/\/old.atletikaolomouc.cz\/index.php?rest_route=\/wp\/v2\/users\/10"}],"replies":[{"embeddable":true,"href":"https:\/\/old.atletikaolomouc.cz\/index.php?rest_route=%2Fwp%2Fv2%2Fcomments&post=31052"}],"version-history":[{"count":3,"href":"https:\/\/old.atletikaolomouc.cz\/index.php?rest_route=\/wp\/v2\/posts\/31052\/revisions"}],"predecessor-version":[{"id":31061,"href":"https:\/\/old.atletikaolomouc.cz\/index.php?rest_route=\/wp\/v2\/posts\/31052\/revisions\/31061"}],"wp:featuredmedia":[{"embeddable":true,"href":"https:\/\/old.atletikaolomouc.cz\/index.php?rest_route=\/wp\/v2\/media\/31053"}],"wp:attachment":[{"href":"https:\/\/old.atletikaolomouc.cz\/index.php?rest_route=%2Fwp%2Fv2%2Fmedia&parent=31052"}],"wp:term":[{"taxonomy":"category","embeddable":true,"href":"https:\/\/old.atletikaolomouc.cz\/index.php?rest_route=%2Fwp%2Fv2%2Fcategories&post=31052"},{"taxonomy":"post_tag","embeddable":true,"href":"https:\/\/old.atletikaolomouc.cz\/index.php?rest_route=%2Fwp%2Fv2%2Ftags&post=31052"}],"curies":[{"name":"wp","href":"https:\/\/api.w.org\/{rel}","templated":true}]}}