{"id":31058,"date":"2021-06-28T11:00:49","date_gmt":"2021-06-28T09:00:49","guid":{"rendered":"https:\/\/www.atletikaolomouc.cz\/?p=31058"},"modified":"2021-06-28T11:01:59","modified_gmt":"2021-06-28T09:01:59","slug":"31058","status":"publish","type":"post","link":"https:\/\/old.atletikaolomouc.cz\/?p=31058","title":{"rendered":"3. kolo KPD p\u0159\u00edpravek &#8211; foto"},"content":{"rendered":"<p><a href=\"https:\/\/www.atletikaolomouc.cz\/wp-content\/uploads\/2021\/06\/IMG_4310.jpg\"><img decoding=\"async\" loading=\"lazy\" class=\"alignleft size-thumbnail wp-image-31062\" src=\"https:\/\/www.atletikaolomouc.cz\/wp-content\/uploads\/2021\/06\/IMG_4310-150x150.jpg\" alt=\"\" width=\"150\" height=\"150\" srcset=\"https:\/\/old.atletikaolomouc.cz\/wp-content\/uploads\/2021\/06\/IMG_4310-150x150.jpg 150w, https:\/\/old.atletikaolomouc.cz\/wp-content\/uploads\/2021\/06\/IMG_4310-144x144.jpg 144w\" sizes=\"(max-width: 150px) 100vw, 150px\" \/><\/a>Ve st\u0159edu 23. \u010dervna prob\u011bhlo na Olomouck\u00e9m stadionu t\u0159et\u00ed fin\u00e1lov\u00e9 kolo Krajsk\u00e9ho p\u0159eboru dru\u017estev atletick\u00fdch p\u0159\u00edpravek. Ob\u011b dru\u017estva Atletick\u00e9ho klubu Olomouc nenechala nic n\u00e1hod\u011b a na dom\u00e1c\u00edm stadionu zv\u00edt\u011bzila v&nbsp;sou\u010dtu bod\u016f cel\u00e9 Krajsk\u00e9 sout\u011b\u017ee!<!--more--><\/p>\n<!-- default-view.php -->\n<div\n\tclass=\"ngg-galleryoverview default-view \"\n\tid=\"ngg-gallery-722769d9f9251031b245538e4c4e2529-1\">\n\n\t\t<!-- Thumbnails -->\n\t\t\t\t<div id=\"ngg-image-0\" class=\"ngg-gallery-thumbnail-box \" >\n\t\t\t\t        <div class=\"ngg-gallery-thumbnail\">\n            <a href=\"https:\/\/old.atletikaolomouc.cz\/wp-content\/gallery\/finale-kp-druzstev-pripravek\/PHOTO-2021-06-24-17-11-07-1.jpg\"\n               title=\"\"\n               data-src=\"https:\/\/old.atletikaolomouc.cz\/wp-content\/gallery\/finale-kp-druzstev-pripravek\/PHOTO-2021-06-24-17-11-07-1.jpg\"\n               data-thumbnail=\"https:\/\/old.atletikaolomouc.cz\/wp-content\/gallery\/finale-kp-druzstev-pripravek\/thumbs\/thumbs_PHOTO-2021-06-24-17-11-07-1.jpg\"\n               data-image-id=\"15424\"\n               data-title=\"PHOTO-2021-06-24-17-11-07-1\"\n               data-description=\"\"\n               data-image-slug=\"photo-2021-06-24-17-11-07-1\"\n               class=\"ngg-simplelightbox\" rel=\"722769d9f9251031b245538e4c4e2529\">\n                <img\n                    title=\"PHOTO-2021-06-24-17-11-07-1\"\n                    alt=\"PHOTO-2021-06-24-17-11-07-1\"\n                    src=\"https:\/\/old.atletikaolomouc.cz\/wp-content\/gallery\/finale-kp-druzstev-pripravek\/thumbs\/thumbs_PHOTO-2021-06-24-17-11-07-1.jpg\"\n                    width=\"240\"\n                    height=\"160\"\n                    style=\"max-width:100%;\"\n                \/>\n            <\/a>\n        <\/div>\n\t\t\t\t\t\t\t<\/div> \n\t\t\t\n\t\t\t\t<div id=\"ngg-image-1\" class=\"ngg-gallery-thumbnail-box \" >\n\t\t\t\t        <div class=\"ngg-gallery-thumbnail\">\n            <a href=\"https:\/\/old.atletikaolomouc.cz\/wp-content\/gallery\/finale-kp-druzstev-pripravek\/PHOTO-2021-06-24-17-11-07.jpg\"\n               title=\"\"\n               data-src=\"https:\/\/old.atletikaolomouc.cz\/wp-content\/gallery\/finale-kp-druzstev-pripravek\/PHOTO-2021-06-24-17-11-07.jpg\"\n               data-thumbnail=\"https:\/\/old.atletikaolomouc.cz\/wp-content\/gallery\/finale-kp-druzstev-pripravek\/thumbs\/thumbs_PHOTO-2021-06-24-17-11-07.jpg\"\n               data-image-id=\"15425\"\n               data-title=\"PHOTO-2021-06-24-17-11-07\"\n               data-description=\"\"\n               data-image-slug=\"photo-2021-06-24-17-11-07-2\"\n               class=\"ngg-simplelightbox\" rel=\"722769d9f9251031b245538e4c4e2529\">\n                <img\n                    title=\"PHOTO-2021-06-24-17-11-07\"\n                    alt=\"PHOTO-2021-06-24-17-11-07\"\n                    src=\"https:\/\/old.atletikaolomouc.cz\/wp-content\/gallery\/finale-kp-druzstev-pripravek\/thumbs\/thumbs_PHOTO-2021-06-24-17-11-07.jpg\"\n                    width=\"240\"\n                    height=\"160\"\n                    style=\"max-width:100%;\"\n                \/>\n            <\/a>\n        <\/div>\n\t\t\t\t\t\t\t<\/div> \n\t\t\t\n\t\t\t\t<div id=\"ngg-image-2\" class=\"ngg-gallery-thumbnail-box \" >\n\t\t\t\t        <div class=\"ngg-gallery-thumbnail\">\n            <a href=\"https:\/\/old.atletikaolomouc.cz\/wp-content\/gallery\/finale-kp-druzstev-pripravek\/PHOTO-2021-06-24-17-11-08.jpg\"\n               title=\"\"\n               data-src=\"https:\/\/old.atletikaolomouc.cz\/wp-content\/gallery\/finale-kp-druzstev-pripravek\/PHOTO-2021-06-24-17-11-08.jpg\"\n               data-thumbnail=\"https:\/\/old.atletikaolomouc.cz\/wp-content\/gallery\/finale-kp-druzstev-pripravek\/thumbs\/thumbs_PHOTO-2021-06-24-17-11-08.jpg\"\n               data-image-id=\"15426\"\n               data-title=\"PHOTO-2021-06-24-17-11-08\"\n               data-description=\"\"\n               data-image-slug=\"photo-2021-06-24-17-11-08\"\n               class=\"ngg-simplelightbox\" rel=\"722769d9f9251031b245538e4c4e2529\">\n                <img\n                    title=\"PHOTO-2021-06-24-17-11-08\"\n                    alt=\"PHOTO-2021-06-24-17-11-08\"\n                    src=\"https:\/\/old.atletikaolomouc.cz\/wp-content\/gallery\/finale-kp-druzstev-pripravek\/thumbs\/thumbs_PHOTO-2021-06-24-17-11-08.jpg\"\n                    width=\"240\"\n                    height=\"160\"\n                    style=\"max-width:100%;\"\n                \/>\n            <\/a>\n        <\/div>\n\t\t\t\t\t\t\t<\/div> \n\t\t\t\n\t\t\t\t<div id=\"ngg-image-3\" class=\"ngg-gallery-thumbnail-box \" >\n\t\t\t\t        <div class=\"ngg-gallery-thumbnail\">\n            <a href=\"https:\/\/old.atletikaolomouc.cz\/wp-content\/gallery\/finale-kp-druzstev-pripravek\/PHOTO-2021-06-24-17-11-09-1.jpg\"\n               title=\"\"\n               data-src=\"https:\/\/old.atletikaolomouc.cz\/wp-content\/gallery\/finale-kp-druzstev-pripravek\/PHOTO-2021-06-24-17-11-09-1.jpg\"\n               data-thumbnail=\"https:\/\/old.atletikaolomouc.cz\/wp-content\/gallery\/finale-kp-druzstev-pripravek\/thumbs\/thumbs_PHOTO-2021-06-24-17-11-09-1.jpg\"\n               data-image-id=\"15427\"\n               data-title=\"PHOTO-2021-06-24-17-11-09-1\"\n               data-description=\"\"\n               data-image-slug=\"photo-2021-06-24-17-11-09-1\"\n               class=\"ngg-simplelightbox\" rel=\"722769d9f9251031b245538e4c4e2529\">\n                <img\n                    title=\"PHOTO-2021-06-24-17-11-09-1\"\n                    alt=\"PHOTO-2021-06-24-17-11-09-1\"\n                    src=\"https:\/\/old.atletikaolomouc.cz\/wp-content\/gallery\/finale-kp-druzstev-pripravek\/thumbs\/thumbs_PHOTO-2021-06-24-17-11-09-1.jpg\"\n                    width=\"240\"\n                    height=\"160\"\n                    style=\"max-width:100%;\"\n                \/>\n            <\/a>\n        <\/div>\n\t\t\t\t\t\t\t<\/div> \n\t\t\t\n\t\t\t\t<div id=\"ngg-image-4\" class=\"ngg-gallery-thumbnail-box \" >\n\t\t\t\t        <div class=\"ngg-gallery-thumbnail\">\n            <a href=\"https:\/\/old.atletikaolomouc.cz\/wp-content\/gallery\/finale-kp-druzstev-pripravek\/PHOTO-2021-06-24-17-11-09.jpg\"\n               title=\"\"\n               data-src=\"https:\/\/old.atletikaolomouc.cz\/wp-content\/gallery\/finale-kp-druzstev-pripravek\/PHOTO-2021-06-24-17-11-09.jpg\"\n               data-thumbnail=\"https:\/\/old.atletikaolomouc.cz\/wp-content\/gallery\/finale-kp-druzstev-pripravek\/thumbs\/thumbs_PHOTO-2021-06-24-17-11-09.jpg\"\n               data-image-id=\"15428\"\n               data-title=\"PHOTO-2021-06-24-17-11-09\"\n               data-description=\"\"\n               data-image-slug=\"photo-2021-06-24-17-11-09-2\"\n               class=\"ngg-simplelightbox\" rel=\"722769d9f9251031b245538e4c4e2529\">\n                <img\n                    title=\"PHOTO-2021-06-24-17-11-09\"\n                    alt=\"PHOTO-2021-06-24-17-11-09\"\n                    src=\"https:\/\/old.atletikaolomouc.cz\/wp-content\/gallery\/finale-kp-druzstev-pripravek\/thumbs\/thumbs_PHOTO-2021-06-24-17-11-09.jpg\"\n                    width=\"240\"\n                    height=\"160\"\n                    style=\"max-width:100%;\"\n                \/>\n            <\/a>\n        <\/div>\n\t\t\t\t\t\t\t<\/div> \n\t\t\t\n\t\t\t\t<div id=\"ngg-image-5\" class=\"ngg-gallery-thumbnail-box \" >\n\t\t\t\t        <div class=\"ngg-gallery-thumbnail\">\n            <a href=\"https:\/\/old.atletikaolomouc.cz\/wp-content\/gallery\/finale-kp-druzstev-pripravek\/PHOTO-2021-06-24-17-11-10.jpg\"\n               title=\"\"\n               data-src=\"https:\/\/old.atletikaolomouc.cz\/wp-content\/gallery\/finale-kp-druzstev-pripravek\/PHOTO-2021-06-24-17-11-10.jpg\"\n               data-thumbnail=\"https:\/\/old.atletikaolomouc.cz\/wp-content\/gallery\/finale-kp-druzstev-pripravek\/thumbs\/thumbs_PHOTO-2021-06-24-17-11-10.jpg\"\n               data-image-id=\"15429\"\n               data-title=\"PHOTO-2021-06-24-17-11-10\"\n               data-description=\"\"\n               data-image-slug=\"photo-2021-06-24-17-11-10\"\n               class=\"ngg-simplelightbox\" rel=\"722769d9f9251031b245538e4c4e2529\">\n                <img\n                    title=\"PHOTO-2021-06-24-17-11-10\"\n                    alt=\"PHOTO-2021-06-24-17-11-10\"\n                    src=\"https:\/\/old.atletikaolomouc.cz\/wp-content\/gallery\/finale-kp-druzstev-pripravek\/thumbs\/thumbs_PHOTO-2021-06-24-17-11-10.jpg\"\n                    width=\"240\"\n                    height=\"160\"\n                    style=\"max-width:100%;\"\n                \/>\n            <\/a>\n        <\/div>\n\t\t\t\t\t\t\t<\/div> \n\t\t\t\n\t\t\t\t<div id=\"ngg-image-6\" class=\"ngg-gallery-thumbnail-box \" >\n\t\t\t\t        <div class=\"ngg-gallery-thumbnail\">\n            <a href=\"https:\/\/old.atletikaolomouc.cz\/wp-content\/gallery\/finale-kp-druzstev-pripravek\/PHOTO-2021-06-24-17-11-11.jpg\"\n               title=\"\"\n               data-src=\"https:\/\/old.atletikaolomouc.cz\/wp-content\/gallery\/finale-kp-druzstev-pripravek\/PHOTO-2021-06-24-17-11-11.jpg\"\n               data-thumbnail=\"https:\/\/old.atletikaolomouc.cz\/wp-content\/gallery\/finale-kp-druzstev-pripravek\/thumbs\/thumbs_PHOTO-2021-06-24-17-11-11.jpg\"\n               data-image-id=\"15430\"\n               data-title=\"PHOTO-2021-06-24-17-11-11\"\n               data-description=\"\"\n               data-image-slug=\"photo-2021-06-24-17-11-11\"\n               class=\"ngg-simplelightbox\" rel=\"722769d9f9251031b245538e4c4e2529\">\n                <img\n                    title=\"PHOTO-2021-06-24-17-11-11\"\n                    alt=\"PHOTO-2021-06-24-17-11-11\"\n                    src=\"https:\/\/old.atletikaolomouc.cz\/wp-content\/gallery\/finale-kp-druzstev-pripravek\/thumbs\/thumbs_PHOTO-2021-06-24-17-11-11.jpg\"\n                    width=\"240\"\n                    height=\"160\"\n                    style=\"max-width:100%;\"\n                \/>\n            <\/a>\n        <\/div>\n\t\t\t\t\t\t\t<\/div> \n\t\t\t\n\t\t\t\t<div id=\"ngg-image-7\" class=\"ngg-gallery-thumbnail-box \" >\n\t\t\t\t        <div class=\"ngg-gallery-thumbnail\">\n            <a href=\"https:\/\/old.atletikaolomouc.cz\/wp-content\/gallery\/finale-kp-druzstev-pripravek\/PHOTO-2021-06-25-12-45-15-1.jpg\"\n               title=\"\"\n               data-src=\"https:\/\/old.atletikaolomouc.cz\/wp-content\/gallery\/finale-kp-druzstev-pripravek\/PHOTO-2021-06-25-12-45-15-1.jpg\"\n               data-thumbnail=\"https:\/\/old.atletikaolomouc.cz\/wp-content\/gallery\/finale-kp-druzstev-pripravek\/thumbs\/thumbs_PHOTO-2021-06-25-12-45-15-1.jpg\"\n               data-image-id=\"15431\"\n               data-title=\"PHOTO-2021-06-25-12-45-15-1\"\n               data-description=\"\"\n               data-image-slug=\"photo-2021-06-25-12-45-15-1\"\n               class=\"ngg-simplelightbox\" rel=\"722769d9f9251031b245538e4c4e2529\">\n                <img\n                    title=\"PHOTO-2021-06-25-12-45-15-1\"\n                    alt=\"PHOTO-2021-06-25-12-45-15-1\"\n                    src=\"https:\/\/old.atletikaolomouc.cz\/wp-content\/gallery\/finale-kp-druzstev-pripravek\/thumbs\/thumbs_PHOTO-2021-06-25-12-45-15-1.jpg\"\n                    width=\"240\"\n                    height=\"160\"\n                    style=\"max-width:100%;\"\n                \/>\n            <\/a>\n        <\/div>\n\t\t\t\t\t\t\t<\/div> \n\t\t\t\n\t\t\t\t<div id=\"ngg-image-8\" class=\"ngg-gallery-thumbnail-box \" >\n\t\t\t\t        <div class=\"ngg-gallery-thumbnail\">\n            <a href=\"https:\/\/old.atletikaolomouc.cz\/wp-content\/gallery\/finale-kp-druzstev-pripravek\/PHOTO-2021-06-25-12-45-15.jpg\"\n               title=\"\"\n               data-src=\"https:\/\/old.atletikaolomouc.cz\/wp-content\/gallery\/finale-kp-druzstev-pripravek\/PHOTO-2021-06-25-12-45-15.jpg\"\n               data-thumbnail=\"https:\/\/old.atletikaolomouc.cz\/wp-content\/gallery\/finale-kp-druzstev-pripravek\/thumbs\/thumbs_PHOTO-2021-06-25-12-45-15.jpg\"\n               data-image-id=\"15432\"\n               data-title=\"PHOTO-2021-06-25-12-45-15\"\n               data-description=\"\"\n               data-image-slug=\"photo-2021-06-25-12-45-15-2\"\n               class=\"ngg-simplelightbox\" rel=\"722769d9f9251031b245538e4c4e2529\">\n                <img\n                    title=\"PHOTO-2021-06-25-12-45-15\"\n                    alt=\"PHOTO-2021-06-25-12-45-15\"\n                    src=\"https:\/\/old.atletikaolomouc.cz\/wp-content\/gallery\/finale-kp-druzstev-pripravek\/thumbs\/thumbs_PHOTO-2021-06-25-12-45-15.jpg\"\n                    width=\"240\"\n                    height=\"160\"\n                    style=\"max-width:100%;\"\n                \/>\n            <\/a>\n        <\/div>\n\t\t\t\t\t\t\t<\/div> \n\t\t\t\n\t\t\t\t<div id=\"ngg-image-9\" class=\"ngg-gallery-thumbnail-box \" >\n\t\t\t\t        <div class=\"ngg-gallery-thumbnail\">\n            <a href=\"https:\/\/old.atletikaolomouc.cz\/wp-content\/gallery\/finale-kp-druzstev-pripravek\/PHOTO-2021-06-25-12-45-16.jpg\"\n               title=\"\"\n               data-src=\"https:\/\/old.atletikaolomouc.cz\/wp-content\/gallery\/finale-kp-druzstev-pripravek\/PHOTO-2021-06-25-12-45-16.jpg\"\n               data-thumbnail=\"https:\/\/old.atletikaolomouc.cz\/wp-content\/gallery\/finale-kp-druzstev-pripravek\/thumbs\/thumbs_PHOTO-2021-06-25-12-45-16.jpg\"\n               data-image-id=\"15433\"\n               data-title=\"PHOTO-2021-06-25-12-45-16\"\n               data-description=\"\"\n               data-image-slug=\"photo-2021-06-25-12-45-16\"\n               class=\"ngg-simplelightbox\" rel=\"722769d9f9251031b245538e4c4e2529\">\n                <img\n                    title=\"PHOTO-2021-06-25-12-45-16\"\n                    alt=\"PHOTO-2021-06-25-12-45-16\"\n                    src=\"https:\/\/old.atletikaolomouc.cz\/wp-content\/gallery\/finale-kp-druzstev-pripravek\/thumbs\/thumbs_PHOTO-2021-06-25-12-45-16.jpg\"\n                    width=\"240\"\n                    height=\"160\"\n                    style=\"max-width:100%;\"\n                \/>\n            <\/a>\n        <\/div>\n\t\t\t\t\t\t\t<\/div> \n\t\t\t\n\t\t\t\t<div id=\"ngg-image-10\" class=\"ngg-gallery-thumbnail-box \" >\n\t\t\t\t        <div class=\"ngg-gallery-thumbnail\">\n            <a href=\"https:\/\/old.atletikaolomouc.cz\/wp-content\/gallery\/finale-kp-druzstev-pripravek\/PHOTO-2021-06-25-12-45-17-1.jpg\"\n               title=\"\"\n               data-src=\"https:\/\/old.atletikaolomouc.cz\/wp-content\/gallery\/finale-kp-druzstev-pripravek\/PHOTO-2021-06-25-12-45-17-1.jpg\"\n               data-thumbnail=\"https:\/\/old.atletikaolomouc.cz\/wp-content\/gallery\/finale-kp-druzstev-pripravek\/thumbs\/thumbs_PHOTO-2021-06-25-12-45-17-1.jpg\"\n               data-image-id=\"15434\"\n               data-title=\"PHOTO-2021-06-25-12-45-17-1\"\n               data-description=\"\"\n               data-image-slug=\"photo-2021-06-25-12-45-17-1\"\n               class=\"ngg-simplelightbox\" rel=\"722769d9f9251031b245538e4c4e2529\">\n                <img\n                    title=\"PHOTO-2021-06-25-12-45-17-1\"\n                    alt=\"PHOTO-2021-06-25-12-45-17-1\"\n                    src=\"https:\/\/old.atletikaolomouc.cz\/wp-content\/gallery\/finale-kp-druzstev-pripravek\/thumbs\/thumbs_PHOTO-2021-06-25-12-45-17-1.jpg\"\n                    width=\"240\"\n                    height=\"160\"\n                    style=\"max-width:100%;\"\n                \/>\n            <\/a>\n        <\/div>\n\t\t\t\t\t\t\t<\/div> \n\t\t\t\n\t\t\t\t<div id=\"ngg-image-11\" class=\"ngg-gallery-thumbnail-box \" >\n\t\t\t\t        <div class=\"ngg-gallery-thumbnail\">\n            <a href=\"https:\/\/old.atletikaolomouc.cz\/wp-content\/gallery\/finale-kp-druzstev-pripravek\/PHOTO-2021-06-25-12-45-17.jpg\"\n               title=\"\"\n               data-src=\"https:\/\/old.atletikaolomouc.cz\/wp-content\/gallery\/finale-kp-druzstev-pripravek\/PHOTO-2021-06-25-12-45-17.jpg\"\n               data-thumbnail=\"https:\/\/old.atletikaolomouc.cz\/wp-content\/gallery\/finale-kp-druzstev-pripravek\/thumbs\/thumbs_PHOTO-2021-06-25-12-45-17.jpg\"\n               data-image-id=\"15435\"\n               data-title=\"PHOTO-2021-06-25-12-45-17\"\n               data-description=\"\"\n               data-image-slug=\"photo-2021-06-25-12-45-17-2\"\n               class=\"ngg-simplelightbox\" rel=\"722769d9f9251031b245538e4c4e2529\">\n                <img\n                    title=\"PHOTO-2021-06-25-12-45-17\"\n                    alt=\"PHOTO-2021-06-25-12-45-17\"\n                    src=\"https:\/\/old.atletikaolomouc.cz\/wp-content\/gallery\/finale-kp-druzstev-pripravek\/thumbs\/thumbs_PHOTO-2021-06-25-12-45-17.jpg\"\n                    width=\"240\"\n                    height=\"160\"\n                    style=\"max-width:100%;\"\n                \/>\n            <\/a>\n        <\/div>\n\t\t\t\t\t\t\t<\/div> \n\t\t\t\n\t\t\t\t<div id=\"ngg-image-12\" class=\"ngg-gallery-thumbnail-box \" >\n\t\t\t\t        <div class=\"ngg-gallery-thumbnail\">\n            <a href=\"https:\/\/old.atletikaolomouc.cz\/wp-content\/gallery\/finale-kp-druzstev-pripravek\/PHOTO-2021-06-25-12-45-18.jpg\"\n               title=\"\"\n               data-src=\"https:\/\/old.atletikaolomouc.cz\/wp-content\/gallery\/finale-kp-druzstev-pripravek\/PHOTO-2021-06-25-12-45-18.jpg\"\n               data-thumbnail=\"https:\/\/old.atletikaolomouc.cz\/wp-content\/gallery\/finale-kp-druzstev-pripravek\/thumbs\/thumbs_PHOTO-2021-06-25-12-45-18.jpg\"\n               data-image-id=\"15436\"\n               data-title=\"PHOTO-2021-06-25-12-45-18\"\n               data-description=\"\"\n               data-image-slug=\"photo-2021-06-25-12-45-18\"\n               class=\"ngg-simplelightbox\" rel=\"722769d9f9251031b245538e4c4e2529\">\n                <img\n                    title=\"PHOTO-2021-06-25-12-45-18\"\n                    alt=\"PHOTO-2021-06-25-12-45-18\"\n                    src=\"https:\/\/old.atletikaolomouc.cz\/wp-content\/gallery\/finale-kp-druzstev-pripravek\/thumbs\/thumbs_PHOTO-2021-06-25-12-45-18.jpg\"\n                    width=\"240\"\n                    height=\"160\"\n                    style=\"max-width:100%;\"\n                \/>\n            <\/a>\n        <\/div>\n\t\t\t\t\t\t\t<\/div> \n\t\t\t\n\t\t\t\t<div id=\"ngg-image-13\" class=\"ngg-gallery-thumbnail-box \" >\n\t\t\t\t        <div class=\"ngg-gallery-thumbnail\">\n            <a href=\"https:\/\/old.atletikaolomouc.cz\/wp-content\/gallery\/finale-kp-druzstev-pripravek\/PHOTO-2021-06-25-12-45-19-1.jpg\"\n               title=\"\"\n               data-src=\"https:\/\/old.atletikaolomouc.cz\/wp-content\/gallery\/finale-kp-druzstev-pripravek\/PHOTO-2021-06-25-12-45-19-1.jpg\"\n               data-thumbnail=\"https:\/\/old.atletikaolomouc.cz\/wp-content\/gallery\/finale-kp-druzstev-pripravek\/thumbs\/thumbs_PHOTO-2021-06-25-12-45-19-1.jpg\"\n               data-image-id=\"15437\"\n               data-title=\"PHOTO-2021-06-25-12-45-19-1\"\n               data-description=\"\"\n               data-image-slug=\"photo-2021-06-25-12-45-19-1\"\n               class=\"ngg-simplelightbox\" rel=\"722769d9f9251031b245538e4c4e2529\">\n                <img\n                    title=\"PHOTO-2021-06-25-12-45-19-1\"\n                    alt=\"PHOTO-2021-06-25-12-45-19-1\"\n                    src=\"https:\/\/old.atletikaolomouc.cz\/wp-content\/gallery\/finale-kp-druzstev-pripravek\/thumbs\/thumbs_PHOTO-2021-06-25-12-45-19-1.jpg\"\n                    width=\"240\"\n                    height=\"160\"\n                    style=\"max-width:100%;\"\n                \/>\n            <\/a>\n        <\/div>\n\t\t\t\t\t\t\t<\/div> \n\t\t\t\n\t\t\t\t<div id=\"ngg-image-14\" class=\"ngg-gallery-thumbnail-box \" >\n\t\t\t\t        <div class=\"ngg-gallery-thumbnail\">\n            <a href=\"https:\/\/old.atletikaolomouc.cz\/wp-content\/gallery\/finale-kp-druzstev-pripravek\/PHOTO-2021-06-25-12-45-19-2.jpg\"\n               title=\"\"\n               data-src=\"https:\/\/old.atletikaolomouc.cz\/wp-content\/gallery\/finale-kp-druzstev-pripravek\/PHOTO-2021-06-25-12-45-19-2.jpg\"\n               data-thumbnail=\"https:\/\/old.atletikaolomouc.cz\/wp-content\/gallery\/finale-kp-druzstev-pripravek\/thumbs\/thumbs_PHOTO-2021-06-25-12-45-19-2.jpg\"\n               data-image-id=\"15438\"\n               data-title=\"PHOTO-2021-06-25-12-45-19-2\"\n               data-description=\"\"\n               data-image-slug=\"photo-2021-06-25-12-45-19-2\"\n               class=\"ngg-simplelightbox\" rel=\"722769d9f9251031b245538e4c4e2529\">\n                <img\n                    title=\"PHOTO-2021-06-25-12-45-19-2\"\n                    alt=\"PHOTO-2021-06-25-12-45-19-2\"\n                    src=\"https:\/\/old.atletikaolomouc.cz\/wp-content\/gallery\/finale-kp-druzstev-pripravek\/thumbs\/thumbs_PHOTO-2021-06-25-12-45-19-2.jpg\"\n                    width=\"240\"\n                    height=\"160\"\n                    style=\"max-width:100%;\"\n                \/>\n            <\/a>\n        <\/div>\n\t\t\t\t\t\t\t<\/div> \n\t\t\t\n\t\t\t\t<div id=\"ngg-image-15\" class=\"ngg-gallery-thumbnail-box \" >\n\t\t\t\t        <div class=\"ngg-gallery-thumbnail\">\n            <a href=\"https:\/\/old.atletikaolomouc.cz\/wp-content\/gallery\/finale-kp-druzstev-pripravek\/PHOTO-2021-06-25-12-45-19.jpg\"\n               title=\"\"\n               data-src=\"https:\/\/old.atletikaolomouc.cz\/wp-content\/gallery\/finale-kp-druzstev-pripravek\/PHOTO-2021-06-25-12-45-19.jpg\"\n               data-thumbnail=\"https:\/\/old.atletikaolomouc.cz\/wp-content\/gallery\/finale-kp-druzstev-pripravek\/thumbs\/thumbs_PHOTO-2021-06-25-12-45-19.jpg\"\n               data-image-id=\"15439\"\n               data-title=\"PHOTO-2021-06-25-12-45-19\"\n               data-description=\"\"\n               data-image-slug=\"photo-2021-06-25-12-45-19-3\"\n               class=\"ngg-simplelightbox\" rel=\"722769d9f9251031b245538e4c4e2529\">\n                <img\n                    title=\"PHOTO-2021-06-25-12-45-19\"\n                    alt=\"PHOTO-2021-06-25-12-45-19\"\n                    src=\"https:\/\/old.atletikaolomouc.cz\/wp-content\/gallery\/finale-kp-druzstev-pripravek\/thumbs\/thumbs_PHOTO-2021-06-25-12-45-19.jpg\"\n                    width=\"240\"\n                    height=\"160\"\n                    style=\"max-width:100%;\"\n                \/>\n            <\/a>\n        <\/div>\n\t\t\t\t\t\t\t<\/div> \n\t\t\t\n\t\t\t\t<div id=\"ngg-image-16\" class=\"ngg-gallery-thumbnail-box \" >\n\t\t\t\t        <div class=\"ngg-gallery-thumbnail\">\n            <a href=\"https:\/\/old.atletikaolomouc.cz\/wp-content\/gallery\/finale-kp-druzstev-pripravek\/PHOTO-2021-06-25-12-45-20-1.jpg\"\n               title=\"\"\n               data-src=\"https:\/\/old.atletikaolomouc.cz\/wp-content\/gallery\/finale-kp-druzstev-pripravek\/PHOTO-2021-06-25-12-45-20-1.jpg\"\n               data-thumbnail=\"https:\/\/old.atletikaolomouc.cz\/wp-content\/gallery\/finale-kp-druzstev-pripravek\/thumbs\/thumbs_PHOTO-2021-06-25-12-45-20-1.jpg\"\n               data-image-id=\"15440\"\n               data-title=\"PHOTO-2021-06-25-12-45-20-1\"\n               data-description=\"\"\n               data-image-slug=\"photo-2021-06-25-12-45-20-1\"\n               class=\"ngg-simplelightbox\" rel=\"722769d9f9251031b245538e4c4e2529\">\n                <img\n                    title=\"PHOTO-2021-06-25-12-45-20-1\"\n                    alt=\"PHOTO-2021-06-25-12-45-20-1\"\n                    src=\"https:\/\/old.atletikaolomouc.cz\/wp-content\/gallery\/finale-kp-druzstev-pripravek\/thumbs\/thumbs_PHOTO-2021-06-25-12-45-20-1.jpg\"\n                    width=\"240\"\n                    height=\"160\"\n                    style=\"max-width:100%;\"\n                \/>\n            <\/a>\n        <\/div>\n\t\t\t\t\t\t\t<\/div> \n\t\t\t\n\t\t\t\t<div id=\"ngg-image-17\" class=\"ngg-gallery-thumbnail-box \" >\n\t\t\t\t        <div class=\"ngg-gallery-thumbnail\">\n            <a href=\"https:\/\/old.atletikaolomouc.cz\/wp-content\/gallery\/finale-kp-druzstev-pripravek\/PHOTO-2021-06-25-12-45-20.jpg\"\n               title=\"\"\n               data-src=\"https:\/\/old.atletikaolomouc.cz\/wp-content\/gallery\/finale-kp-druzstev-pripravek\/PHOTO-2021-06-25-12-45-20.jpg\"\n               data-thumbnail=\"https:\/\/old.atletikaolomouc.cz\/wp-content\/gallery\/finale-kp-druzstev-pripravek\/thumbs\/thumbs_PHOTO-2021-06-25-12-45-20.jpg\"\n               data-image-id=\"15441\"\n               data-title=\"PHOTO-2021-06-25-12-45-20\"\n               data-description=\"\"\n               data-image-slug=\"photo-2021-06-25-12-45-20-2\"\n               class=\"ngg-simplelightbox\" rel=\"722769d9f9251031b245538e4c4e2529\">\n                <img\n                    title=\"PHOTO-2021-06-25-12-45-20\"\n                    alt=\"PHOTO-2021-06-25-12-45-20\"\n                    src=\"https:\/\/old.atletikaolomouc.cz\/wp-content\/gallery\/finale-kp-druzstev-pripravek\/thumbs\/thumbs_PHOTO-2021-06-25-12-45-20.jpg\"\n                    width=\"240\"\n                    height=\"160\"\n                    style=\"max-width:100%;\"\n                \/>\n            <\/a>\n        <\/div>\n\t\t\t\t\t\t\t<\/div> \n\t\t\t\n\t\t\t\t<div id=\"ngg-image-18\" class=\"ngg-gallery-thumbnail-box \" >\n\t\t\t\t        <div class=\"ngg-gallery-thumbnail\">\n            <a href=\"https:\/\/old.atletikaolomouc.cz\/wp-content\/gallery\/finale-kp-druzstev-pripravek\/PHOTO-2021-06-25-12-45-21-1.jpg\"\n               title=\"\"\n               data-src=\"https:\/\/old.atletikaolomouc.cz\/wp-content\/gallery\/finale-kp-druzstev-pripravek\/PHOTO-2021-06-25-12-45-21-1.jpg\"\n               data-thumbnail=\"https:\/\/old.atletikaolomouc.cz\/wp-content\/gallery\/finale-kp-druzstev-pripravek\/thumbs\/thumbs_PHOTO-2021-06-25-12-45-21-1.jpg\"\n               data-image-id=\"15442\"\n               data-title=\"PHOTO-2021-06-25-12-45-21-1\"\n               data-description=\"\"\n               data-image-slug=\"photo-2021-06-25-12-45-21-1\"\n               class=\"ngg-simplelightbox\" rel=\"722769d9f9251031b245538e4c4e2529\">\n                <img\n                    title=\"PHOTO-2021-06-25-12-45-21-1\"\n                    alt=\"PHOTO-2021-06-25-12-45-21-1\"\n                    src=\"https:\/\/old.atletikaolomouc.cz\/wp-content\/gallery\/finale-kp-druzstev-pripravek\/thumbs\/thumbs_PHOTO-2021-06-25-12-45-21-1.jpg\"\n                    width=\"240\"\n                    height=\"160\"\n                    style=\"max-width:100%;\"\n                \/>\n            <\/a>\n        <\/div>\n\t\t\t\t\t\t\t<\/div> \n\t\t\t\n\t\t\t\t<div id=\"ngg-image-19\" class=\"ngg-gallery-thumbnail-box \" >\n\t\t\t\t        <div class=\"ngg-gallery-thumbnail\">\n            <a href=\"https:\/\/old.atletikaolomouc.cz\/wp-content\/gallery\/finale-kp-druzstev-pripravek\/PHOTO-2021-06-25-12-45-21.jpg\"\n               title=\"\"\n               data-src=\"https:\/\/old.atletikaolomouc.cz\/wp-content\/gallery\/finale-kp-druzstev-pripravek\/PHOTO-2021-06-25-12-45-21.jpg\"\n               data-thumbnail=\"https:\/\/old.atletikaolomouc.cz\/wp-content\/gallery\/finale-kp-druzstev-pripravek\/thumbs\/thumbs_PHOTO-2021-06-25-12-45-21.jpg\"\n               data-image-id=\"15443\"\n               data-title=\"PHOTO-2021-06-25-12-45-21\"\n               data-description=\"\"\n               data-image-slug=\"photo-2021-06-25-12-45-21-2\"\n               class=\"ngg-simplelightbox\" rel=\"722769d9f9251031b245538e4c4e2529\">\n                <img\n                    title=\"PHOTO-2021-06-25-12-45-21\"\n                    alt=\"PHOTO-2021-06-25-12-45-21\"\n                    src=\"https:\/\/old.atletikaolomouc.cz\/wp-content\/gallery\/finale-kp-druzstev-pripravek\/thumbs\/thumbs_PHOTO-2021-06-25-12-45-21.jpg\"\n                    width=\"240\"\n                    height=\"160\"\n                    style=\"max-width:100%;\"\n                \/>\n            <\/a>\n        <\/div>\n\t\t\t\t\t\t\t<\/div> \n\t\t\t\n\t\t\t\t<div id=\"ngg-image-20\" class=\"ngg-gallery-thumbnail-box \" >\n\t\t\t\t        <div class=\"ngg-gallery-thumbnail\">\n            <a href=\"https:\/\/old.atletikaolomouc.cz\/wp-content\/gallery\/finale-kp-druzstev-pripravek\/PHOTO-2021-06-25-12-45-22.jpg\"\n               title=\"\"\n               data-src=\"https:\/\/old.atletikaolomouc.cz\/wp-content\/gallery\/finale-kp-druzstev-pripravek\/PHOTO-2021-06-25-12-45-22.jpg\"\n               data-thumbnail=\"https:\/\/old.atletikaolomouc.cz\/wp-content\/gallery\/finale-kp-druzstev-pripravek\/thumbs\/thumbs_PHOTO-2021-06-25-12-45-22.jpg\"\n               data-image-id=\"15444\"\n               data-title=\"PHOTO-2021-06-25-12-45-22\"\n               data-description=\"\"\n               data-image-slug=\"photo-2021-06-25-12-45-22\"\n               class=\"ngg-simplelightbox\" rel=\"722769d9f9251031b245538e4c4e2529\">\n                <img\n                    title=\"PHOTO-2021-06-25-12-45-22\"\n                    alt=\"PHOTO-2021-06-25-12-45-22\"\n                    src=\"https:\/\/old.atletikaolomouc.cz\/wp-content\/gallery\/finale-kp-druzstev-pripravek\/thumbs\/thumbs_PHOTO-2021-06-25-12-45-22.jpg\"\n                    width=\"240\"\n                    height=\"160\"\n                    style=\"max-width:100%;\"\n                \/>\n            <\/a>\n        <\/div>\n\t\t\t\t\t\t\t<\/div> \n\t\t\t\n\t\t\t\t<div id=\"ngg-image-21\" class=\"ngg-gallery-thumbnail-box \" >\n\t\t\t\t        <div class=\"ngg-gallery-thumbnail\">\n            <a href=\"https:\/\/old.atletikaolomouc.cz\/wp-content\/gallery\/finale-kp-druzstev-pripravek\/PHOTO-2021-06-25-12-45-23-1.jpg\"\n               title=\"\"\n               data-src=\"https:\/\/old.atletikaolomouc.cz\/wp-content\/gallery\/finale-kp-druzstev-pripravek\/PHOTO-2021-06-25-12-45-23-1.jpg\"\n               data-thumbnail=\"https:\/\/old.atletikaolomouc.cz\/wp-content\/gallery\/finale-kp-druzstev-pripravek\/thumbs\/thumbs_PHOTO-2021-06-25-12-45-23-1.jpg\"\n               data-image-id=\"15445\"\n               data-title=\"PHOTO-2021-06-25-12-45-23-1\"\n               data-description=\"\"\n               data-image-slug=\"photo-2021-06-25-12-45-23-1\"\n               class=\"ngg-simplelightbox\" rel=\"722769d9f9251031b245538e4c4e2529\">\n                <img\n                    title=\"PHOTO-2021-06-25-12-45-23-1\"\n                    alt=\"PHOTO-2021-06-25-12-45-23-1\"\n                    src=\"https:\/\/old.atletikaolomouc.cz\/wp-content\/gallery\/finale-kp-druzstev-pripravek\/thumbs\/thumbs_PHOTO-2021-06-25-12-45-23-1.jpg\"\n                    width=\"240\"\n                    height=\"160\"\n                    style=\"max-width:100%;\"\n                \/>\n            <\/a>\n        <\/div>\n\t\t\t\t\t\t\t<\/div> \n\t\t\t\n\t\t\t\t<div id=\"ngg-image-22\" class=\"ngg-gallery-thumbnail-box \" >\n\t\t\t\t        <div class=\"ngg-gallery-thumbnail\">\n            <a href=\"https:\/\/old.atletikaolomouc.cz\/wp-content\/gallery\/finale-kp-druzstev-pripravek\/PHOTO-2021-06-25-12-45-23.jpg\"\n               title=\"\"\n               data-src=\"https:\/\/old.atletikaolomouc.cz\/wp-content\/gallery\/finale-kp-druzstev-pripravek\/PHOTO-2021-06-25-12-45-23.jpg\"\n               data-thumbnail=\"https:\/\/old.atletikaolomouc.cz\/wp-content\/gallery\/finale-kp-druzstev-pripravek\/thumbs\/thumbs_PHOTO-2021-06-25-12-45-23.jpg\"\n               data-image-id=\"15446\"\n               data-title=\"PHOTO-2021-06-25-12-45-23\"\n               data-description=\"\"\n               data-image-slug=\"photo-2021-06-25-12-45-23-2\"\n               class=\"ngg-simplelightbox\" rel=\"722769d9f9251031b245538e4c4e2529\">\n                <img\n                    title=\"PHOTO-2021-06-25-12-45-23\"\n                    alt=\"PHOTO-2021-06-25-12-45-23\"\n                    src=\"https:\/\/old.atletikaolomouc.cz\/wp-content\/gallery\/finale-kp-druzstev-pripravek\/thumbs\/thumbs_PHOTO-2021-06-25-12-45-23.jpg\"\n                    width=\"240\"\n                    height=\"160\"\n                    style=\"max-width:100%;\"\n                \/>\n            <\/a>\n        <\/div>\n\t\t\t\t\t\t\t<\/div> \n\t\t\t\n\t\t\t\t<div id=\"ngg-image-23\" class=\"ngg-gallery-thumbnail-box \" >\n\t\t\t\t        <div class=\"ngg-gallery-thumbnail\">\n            <a href=\"https:\/\/old.atletikaolomouc.cz\/wp-content\/gallery\/finale-kp-druzstev-pripravek\/IMG_4262.jpg\"\n               title=\"\"\n               data-src=\"https:\/\/old.atletikaolomouc.cz\/wp-content\/gallery\/finale-kp-druzstev-pripravek\/IMG_4262.jpg\"\n               data-thumbnail=\"https:\/\/old.atletikaolomouc.cz\/wp-content\/gallery\/finale-kp-druzstev-pripravek\/thumbs\/thumbs_IMG_4262.jpg\"\n               data-image-id=\"15447\"\n               data-title=\"IMG_4262\"\n               data-description=\"\"\n               data-image-slug=\"img_4262-1\"\n               class=\"ngg-simplelightbox\" rel=\"722769d9f9251031b245538e4c4e2529\">\n                <img\n                    title=\"IMG_4262\"\n                    alt=\"IMG_4262\"\n                    src=\"https:\/\/old.atletikaolomouc.cz\/wp-content\/gallery\/finale-kp-druzstev-pripravek\/thumbs\/thumbs_IMG_4262.jpg\"\n                    width=\"240\"\n                    height=\"160\"\n                    style=\"max-width:100%;\"\n                \/>\n            <\/a>\n        <\/div>\n\t\t\t\t\t\t\t<\/div> \n\t\t\t\n\t\n\t<br style=\"clear: both\" \/>\n\n\t\n\t\t<!-- Pagination -->\n\t<div class='ngg-navigation'><span class='current'>1<\/span>\n<a class='page-numbers' data-pageid='2' href='https:\/\/old.atletikaolomouc.cz\/index.php\/nggallery\/page\/2?p=31058'>2<\/a>\n<a class='prev' href='https:\/\/old.atletikaolomouc.cz\/index.php\/nggallery\/page\/2?p=31058' data-pageid=2>&#9658;<\/a><\/div>\t<\/div>\n\n","protected":false},"excerpt":{"rendered":"<p>Ve st\u0159edu 23. \u010dervna prob\u011bhlo na Olomouck\u00e9m stadionu t\u0159et\u00ed fin\u00e1lov\u00e9 kolo Krajsk\u00e9ho p\u0159eboru dru\u017estev atletick\u00fdch p\u0159\u00edpravek. Ob\u011b dru\u017estva Atletick\u00e9ho klubu Olomouc nenechala nic n\u00e1hod\u011b a na dom\u00e1c\u00edm stadionu zv\u00edt\u011bzila v&nbsp;sou\u010dtu bod\u016f cel\u00e9 Krajsk\u00e9 sout\u011b\u017ee!<\/p>\n","protected":false},"author":14,"featured_media":0,"comment_status":"closed","ping_status":"closed","sticky":false,"template":"","format":"standard","meta":{"ngg_post_thumbnail":0},"categories":[6,65,19],"tags":[],"_links":{"self":[{"href":"https:\/\/old.atletikaolomouc.cz\/index.php?rest_route=\/wp\/v2\/posts\/31058"}],"collection":[{"href":"https:\/\/old.atletikaolomouc.cz\/index.php?rest_route=\/wp\/v2\/posts"}],"about":[{"href":"https:\/\/old.atletikaolomouc.cz\/index.php?rest_route=\/wp\/v2\/types\/post"}],"author":[{"embeddable":true,"href":"https:\/\/old.atletikaolomouc.cz\/index.php?rest_route=\/wp\/v2\/users\/14"}],"replies":[{"embeddable":true,"href":"https:\/\/old.atletikaolomouc.cz\/index.php?rest_route=%2Fwp%2Fv2%2Fcomments&post=31058"}],"version-history":[{"count":2,"href":"https:\/\/old.atletikaolomouc.cz\/index.php?rest_route=\/wp\/v2\/posts\/31058\/revisions"}],"predecessor-version":[{"id":31064,"href":"https:\/\/old.atletikaolomouc.cz\/index.php?rest_route=\/wp\/v2\/posts\/31058\/revisions\/31064"}],"wp:attachment":[{"href":"https:\/\/old.atletikaolomouc.cz\/index.php?rest_route=%2Fwp%2Fv2%2Fmedia&parent=31058"}],"wp:term":[{"taxonomy":"category","embeddable":true,"href":"https:\/\/old.atletikaolomouc.cz\/index.php?rest_route=%2Fwp%2Fv2%2Fcategories&post=31058"},{"taxonomy":"post_tag","embeddable":true,"href":"https:\/\/old.atletikaolomouc.cz\/index.php?rest_route=%2Fwp%2Fv2%2Ftags&post=31058"}],"curies":[{"name":"wp","href":"https:\/\/api.w.org\/{rel}","templated":true}]}}