{"id":31599,"date":"2021-07-19T16:53:53","date_gmt":"2021-07-19T14:53:53","guid":{"rendered":"https:\/\/www.atletikaolomouc.cz\/?p=31599"},"modified":"2021-07-19T16:53:53","modified_gmt":"2021-07-19T14:53:53","slug":"4-misto-a-narodni-rekord-z-mistrovstvi-evropy-u20","status":"publish","type":"post","link":"https:\/\/old.atletikaolomouc.cz\/?p=31599","title":{"rendered":"4. m\u00edsto a n\u00e1rodn\u00ed rekord z Mistrovstv\u00ed Evropy U20"},"content":{"rendered":"<p style=\"text-align: justify;\">V\u00fdborn\u00fd v\u00fdsledek v podob\u011b 4. m\u00edsta a juniorsk\u00e9ho n\u00e1rodn\u00edho rekordu se \u0161tafetou na 4&#215;100 metr\u016f p\u0159ivezly olomouck\u00e9 sprinterky Eva Kub\u00ed\u010dkov\u00e1 a Lucie Mi\u010dunkov\u00e1 z Mistrovstv\u00ed Evropy U20.<!--more--><\/p>\n<p style=\"text-align: justify;\">V term\u00ednu 15. &#8211; 18. 7. 2021 se v estonsk\u00e9m Tallinu uskute\u010dnilo Mistrovstv\u00ed Evropy kategorie do 20 let. Ve v\u00fdprav\u011b v\u00edce ne\u017e pades\u00e1ti atlet\u016f z \u010cesk\u00e9 republiky nechyb\u011bly ani na\u0161e sprinterky <strong>Eva Kub\u00ed\u010dkov\u00e1<\/strong> a <strong>Lucie Mi\u010dunkov\u00e1<\/strong>, kter\u00e9 se p\u0159edstavily v individu\u00e1ln\u00edch b\u011bz\u00edch na 100 metr\u016f a ve \u0161tafet\u011b na 4&#215;100 metr\u016f.<\/p>\n<p style=\"text-align: justify;\">\u0160tafeta juniorek \u010cesk\u00e9 republiky v sestav\u011b<strong> Eva Kub\u00ed\u010dkov\u00e1&nbsp;<\/strong>&#8211; Tereza Lama\u010dov\u00e1 &#8211; Barbora \u0160plechtnov\u00e1 &#8211;&nbsp;<strong>Lucie Mi\u010dunkov\u00e1&nbsp;<\/strong>pod taktovkou reprezenta\u010dn\u00edho tren\u00e9ra \u0161tafety Luk\u00e1\u0161e Dejdara se postarala ji\u017e v rozb\u011bhu o senza\u010dn\u00ed v\u00fdsledek. Po v\u00fdborn\u00e9m b\u011b\u017eeck\u00e9m v\u00fdkonu s drobn\u00fdmi rezervami na p\u0159ed\u00e1vk\u00e1ch dok\u00e1zala p\u0159ekonat o 0,31s. \u010desk\u00fd rekord a vynikaj\u00edc\u00edm \u010dasem 44,94 s. postoupila do fin\u00e1le Mistrovstv\u00ed Evropy. Ve fin\u00e1lov\u00e9m z\u00e1vod\u011b nechyb\u011blo mnoho a&nbsp; mohli jsme se radovat dokonce ze zisku cenn\u00e9ho kovu. Nakonec \u0161tafeta \u010cR dob\u011bhla na 4. m\u00edst\u011b v \u010dase 45,11 s. I p\u0159esto v\u00fdkon z fin\u00e1lov\u00e9ho b\u011bhu byl lep\u0161\u00ed ne\u017e byla hodnota nyn\u00ed ji\u017e b\u00fdval\u00e9ho rekordn\u00edho z\u00e1pisu. Nav\u00edc se na\u0161e sprinterky mohou t\u011b\u0161it na dal\u0161\u00ed vrchol sez\u00f3ny. <strong>T\u00edmto v\u00fdkonem pohodln\u011b splnily limit pro \u00fa\u010dast na Mistrovstv\u00ed sv\u011bta U20, kter\u00e9 se kon\u00e1 v srpnu v Nairobi.<\/strong><\/p>\n<p style=\"text-align: justify;\">Ob\u011b olomouck\u00e9 sprinterky tak vylep\u0161ily svou reputaci po nep\u0159\u00edli\u0161 poveden\u00e9m p\u0159edstaven\u00ed v individu\u00e1ln\u00edch startech na 100 metr\u016f.<\/p>\n<p style=\"text-align: justify;\"><strong>Eva Kub\u00ed\u010dkov\u00e1<\/strong> po velmi dobr\u00e9 p\u0159\u00edprav\u011b se bohu\u017eel ve sv\u00e9m prvn\u00edm startu sez\u00f3ny v kv\u011btnu na Zlat\u00e9 Tret\u0159e v Ostrav\u011b zranila a byl v\u016fbec mal\u00fd z\u00e1zrak, \u017ee na vrchol sez\u00f3ny odcestovala. V Tallinu se p\u0159edstavila v rozb\u011bhu na 100 metr\u016f, kde dos\u00e1hla na sv\u00e9 pom\u011bry podpr\u016fm\u011brn\u00e9ho \u010dasu 12,17s. Bohu\u017eel se tr\u00e9ninkov\u00e9 manko v z\u00e1v\u011bre\u010dn\u00e9 \u010d\u00e1sti trati projevilo.<\/p>\n<p><a href=\"https:\/\/www.atletikaolomouc.cz\/wp-content\/uploads\/2021\/07\/Photo-15.07.2021-9-23-36.jpg\"><img decoding=\"async\" loading=\"lazy\" class=\"aligncenter size-large wp-image-31601\" src=\"https:\/\/www.atletikaolomouc.cz\/wp-content\/uploads\/2021\/07\/Photo-15.07.2021-9-23-36-800x533.jpg\" alt=\"\" width=\"660\" height=\"440\" srcset=\"https:\/\/old.atletikaolomouc.cz\/wp-content\/uploads\/2021\/07\/Photo-15.07.2021-9-23-36-800x533.jpg 800w, https:\/\/old.atletikaolomouc.cz\/wp-content\/uploads\/2021\/07\/Photo-15.07.2021-9-23-36-300x200.jpg 300w, https:\/\/old.atletikaolomouc.cz\/wp-content\/uploads\/2021\/07\/Photo-15.07.2021-9-23-36-768x512.jpg 768w, https:\/\/old.atletikaolomouc.cz\/wp-content\/uploads\/2021\/07\/Photo-15.07.2021-9-23-36-385x258.jpg 385w\" sizes=\"(max-width: 660px) 100vw, 660px\" \/><\/a><\/p>\n<p style=\"text-align: justify;\"><strong>Lucce Mi\u010dunkov\u00e9<\/strong>&nbsp;ve sv\u00e9m prvn\u00edm \u017eivotn\u00edm startu na mezin\u00e1rodn\u00ed akci chyb\u011blo tro\u0161ku \u0161t\u011bst\u00ed\u010dka. Luc\u010din rozb\u011bh na 100 metr\u016f byl ovlivn\u011bn protiv\u011btrem o s\u00edle -1,4 m\/s. A\u010dkoliv se aktu\u00e1ln\u00ed juniorsk\u00e1 mistryn\u011b \u010cR prala se\u010d ji s\u00edly sta\u010dily, nepoda\u0159ilo se ji proniknout mezi t\u0159i p\u0159\u00edmo postupuj\u00edc\u00ed z rozb\u011bhu do semifin\u00e1le. V rozb\u011bhu tak po v\u00fdkonu 11,96s. obsadila 4. p\u0159\u00ed\u010dku a k postupu do semifin\u00e1le ji chyb\u011bly pouh\u00e9 0,02s.<\/p>\n<div id=\"attachment_31602\" style=\"width: 670px\" class=\"wp-caption aligncenter\"><a href=\"https:\/\/www.atletikaolomouc.cz\/wp-content\/uploads\/2021\/07\/Photo-15.07.2021-9-28-04.jpg\"><img aria-describedby=\"caption-attachment-31602\" decoding=\"async\" loading=\"lazy\" class=\"size-large wp-image-31602\" src=\"https:\/\/www.atletikaolomouc.cz\/wp-content\/uploads\/2021\/07\/Photo-15.07.2021-9-28-04-800x533.jpg\" alt=\"\" width=\"660\" height=\"440\" srcset=\"https:\/\/old.atletikaolomouc.cz\/wp-content\/uploads\/2021\/07\/Photo-15.07.2021-9-28-04-800x533.jpg 800w, https:\/\/old.atletikaolomouc.cz\/wp-content\/uploads\/2021\/07\/Photo-15.07.2021-9-28-04-300x200.jpg 300w, https:\/\/old.atletikaolomouc.cz\/wp-content\/uploads\/2021\/07\/Photo-15.07.2021-9-28-04-768x512.jpg 768w, https:\/\/old.atletikaolomouc.cz\/wp-content\/uploads\/2021\/07\/Photo-15.07.2021-9-28-04-385x258.jpg 385w\" sizes=\"(max-width: 660px) 100vw, 660px\" \/><\/a><p id=\"caption-attachment-31602\" class=\"wp-caption-text\">Lucie Mi\u010dunkov\u00e1 v rozb\u011bhu na 100 metr\u016f<\/p><\/div>\n<p style=\"text-align: justify;\">D\u011bkujeme ob\u011bma sprinterk\u00e1m za vynikaj\u00edc\u00ed reprezentaci klubu a \u010cesk\u00e9 republiky a moc gratulujeme!<\/p>\n<p>Foto: \u010cAS.<\/p>\n","protected":false},"excerpt":{"rendered":"<p>V\u00fdborn\u00fd v\u00fdsledek v podob\u011b 4. m\u00edsta a juniorsk\u00e9ho n\u00e1rodn\u00edho rekordu se \u0161tafetou na 4&#215;100 metr\u016f p\u0159ivezly olomouck\u00e9 sprinterky Eva Kub\u00ed\u010dkov\u00e1 a Lucie Mi\u010dunkov\u00e1 z Mistrovstv\u00ed Evropy U20.<\/p>\n","protected":false},"author":10,"featured_media":31600,"comment_status":"closed","ping_status":"closed","sticky":false,"template":"","format":"standard","meta":{"ngg_post_thumbnail":0},"categories":[5,6,37],"tags":[],"_links":{"self":[{"href":"https:\/\/old.atletikaolomouc.cz\/index.php?rest_route=\/wp\/v2\/posts\/31599"}],"collection":[{"href":"https:\/\/old.atletikaolomouc.cz\/index.php?rest_route=\/wp\/v2\/posts"}],"about":[{"href":"https:\/\/old.atletikaolomouc.cz\/index.php?rest_route=\/wp\/v2\/types\/post"}],"author":[{"embeddable":true,"href":"https:\/\/old.atletikaolomouc.cz\/index.php?rest_route=\/wp\/v2\/users\/10"}],"replies":[{"embeddable":true,"href":"https:\/\/old.atletikaolomouc.cz\/index.php?rest_route=%2Fwp%2Fv2%2Fcomments&post=31599"}],"version-history":[{"count":1,"href":"https:\/\/old.atletikaolomouc.cz\/index.php?rest_route=\/wp\/v2\/posts\/31599\/revisions"}],"predecessor-version":[{"id":31603,"href":"https:\/\/old.atletikaolomouc.cz\/index.php?rest_route=\/wp\/v2\/posts\/31599\/revisions\/31603"}],"wp:featuredmedia":[{"embeddable":true,"href":"https:\/\/old.atletikaolomouc.cz\/index.php?rest_route=\/wp\/v2\/media\/31600"}],"wp:attachment":[{"href":"https:\/\/old.atletikaolomouc.cz\/index.php?rest_route=%2Fwp%2Fv2%2Fmedia&parent=31599"}],"wp:term":[{"taxonomy":"category","embeddable":true,"href":"https:\/\/old.atletikaolomouc.cz\/index.php?rest_route=%2Fwp%2Fv2%2Fcategories&post=31599"},{"taxonomy":"post_tag","embeddable":true,"href":"https:\/\/old.atletikaolomouc.cz\/index.php?rest_route=%2Fwp%2Fv2%2Ftags&post=31599"}],"curies":[{"name":"wp","href":"https:\/\/api.w.org\/{rel}","templated":true}]}}