{"id":31604,"date":"2021-07-22T14:10:17","date_gmt":"2021-07-22T12:10:17","guid":{"rendered":"https:\/\/www.atletikaolomouc.cz\/?p=31604"},"modified":"2021-07-22T14:10:17","modified_gmt":"2021-07-22T12:10:17","slug":"cesky-pohar-v-atletice-vozickaru-nove-mesto-nad-metuji-18-7-2021","status":"publish","type":"post","link":"https:\/\/old.atletikaolomouc.cz\/?p=31604","title":{"rendered":"\u010cesk\u00fd poh\u00e1r v atletice voz\u00ed\u010dk\u00e1\u0159u Nov\u00e9 M\u011bsto nad Metuj\u00ed 18.7.2021"},"content":{"rendered":"<p>Druh\u00e9 kolo \u010cesk\u00e9ho poh\u00e1ru se konalo v ned\u011bli 18.7. v Nov\u00e9m M\u011bst\u011b nad Metuj\u00ed.<!--more--><\/p>\n<p>Po poveden\u00e9m M\u010cR v Olomouci se n\u011bkte\u0159\u00ed na\u0161i sportovci z\u00fa\u010dastnili \u010cesk\u00e9ho poh\u00e1ru v Nov\u00e9m M\u011bst\u011b nad Metuj\u00ed.<br \/>\nEva Kvapilov\u00e1 v hodu diskem i v hodu ku\u017eelkou vyh\u00e1zela osm\u00e9 m\u00edsto. Ad\u00e9la Sekyrov\u00e1 za v\u00fdkon v disku i v ku\u017eelce z\u00edskala \u0161est\u00e9 m\u00edsto. Eva Kacanu ve vrhu koul\u00ed obsadila m\u00edsto t\u0159et\u00ed.<\/p>\n<div id=\"attachment_31606\" style=\"width: 840px\" class=\"wp-caption aligncenter\"><a href=\"https:\/\/www.atletikaolomouc.cz\/wp-content\/uploads\/2021\/07\/A\u010fa-Du\u0161an-Evi\u010dka-NMNM.jpg\"><img aria-describedby=\"caption-attachment-31606\" decoding=\"async\" loading=\"lazy\" class=\"wp-image-31606 size-full\" src=\"https:\/\/www.atletikaolomouc.cz\/wp-content\/uploads\/2021\/07\/A\u010fa-Du\u0161an-Evi\u010dka-NMNM-e1626955669932.jpg\" alt=\"\" width=\"830\" height=\"427\" srcset=\"https:\/\/old.atletikaolomouc.cz\/wp-content\/uploads\/2021\/07\/A\u010fa-Du\u0161an-Evi\u010dka-NMNM-e1626955669932.jpg 830w, https:\/\/old.atletikaolomouc.cz\/wp-content\/uploads\/2021\/07\/A\u010fa-Du\u0161an-Evi\u010dka-NMNM-e1626955669932-300x154.jpg 300w, https:\/\/old.atletikaolomouc.cz\/wp-content\/uploads\/2021\/07\/A\u010fa-Du\u0161an-Evi\u010dka-NMNM-e1626955669932-768x395.jpg 768w, https:\/\/old.atletikaolomouc.cz\/wp-content\/uploads\/2021\/07\/A\u010fa-Du\u0161an-Evi\u010dka-NMNM-e1626955669932-800x412.jpg 800w\" sizes=\"(max-width: 830px) 100vw, 830px\" \/><\/a><p id=\"caption-attachment-31606\" class=\"wp-caption-text\">Ad\u00e9la Sekyrov\u00e1, Du\u0161an \u0160\u010dambura, Eva Kvapilov\u00e1<\/p><\/div>\n<p>Michal Rotter&nbsp; v disku a o\u0161t\u011bpu skon\u010dil na t\u0159in\u00e1ct\u00e9m m\u00edst\u011b. Du\u0161an \u0160\u010dambura ve vrhu koul\u00ed a hodu diskem vybojoval dev\u00e1t\u00e9 m\u00edsto.<\/p>\n<p>V\u00fdsledky \u017een z druh\u00e9ho kola \u010cP naleznete <a href=\"https:\/\/www.atletikaolomouc.cz\/wp-content\/uploads\/2021\/07\/v\u00fdsledky-\u010dp-NMNM-\u017eeny.pdf\">zde.<\/a><br \/>\nV\u00fdsledky mu\u017e\u016f z druh\u00e9ho kola \u010cP naleznete <a href=\"https:\/\/www.atletikaolomouc.cz\/wp-content\/uploads\/2021\/07\/v\u00fdsledky-\u010dp-NMNM-mu\u017ei.pdf\">zde.<\/a><\/p>\n<p>V pr\u016fb\u011b\u017en\u00e9m bodov\u00e9m hodnocen\u00ed \u017een v \u010cesk\u00e9m poh\u00e1ru je Eva Kacanu na druh\u00e9m m\u00edst\u011b, Ad\u00e9la Sekyrov\u00e1 na \u010dtvrt\u00e9m m\u00edst\u011b a Eva Kvapilov\u00e1 na m\u00edst\u011b osm\u00e9m.<br \/>\nV pr\u016fb\u011b\u017en\u00e9m bodov\u00e9m hodnocen\u00ed mu\u017e\u016f v \u010cesk\u00e9m poh\u00e1ru je Michal Rotter jeden\u00e1ct\u00fd, Du\u0161an \u0160\u010dambura \u010dtvrt\u00fd.<\/p>\n<p>&nbsp;<\/p>\n","protected":false},"excerpt":{"rendered":"<p>Druh\u00e9 kolo \u010cesk\u00e9ho poh\u00e1ru se konalo v ned\u011bli 18.7. v Nov\u00e9m M\u011bst\u011b nad Metuj\u00ed.<\/p>\n","protected":false},"author":17,"featured_media":0,"comment_status":"closed","ping_status":"closed","sticky":false,"template":"","format":"standard","meta":{"ngg_post_thumbnail":0},"categories":[5,48],"tags":[],"_links":{"self":[{"href":"https:\/\/old.atletikaolomouc.cz\/index.php?rest_route=\/wp\/v2\/posts\/31604"}],"collection":[{"href":"https:\/\/old.atletikaolomouc.cz\/index.php?rest_route=\/wp\/v2\/posts"}],"about":[{"href":"https:\/\/old.atletikaolomouc.cz\/index.php?rest_route=\/wp\/v2\/types\/post"}],"author":[{"embeddable":true,"href":"https:\/\/old.atletikaolomouc.cz\/index.php?rest_route=\/wp\/v2\/users\/17"}],"replies":[{"embeddable":true,"href":"https:\/\/old.atletikaolomouc.cz\/index.php?rest_route=%2Fwp%2Fv2%2Fcomments&post=31604"}],"version-history":[{"count":1,"href":"https:\/\/old.atletikaolomouc.cz\/index.php?rest_route=\/wp\/v2\/posts\/31604\/revisions"}],"predecessor-version":[{"id":31610,"href":"https:\/\/old.atletikaolomouc.cz\/index.php?rest_route=\/wp\/v2\/posts\/31604\/revisions\/31610"}],"wp:attachment":[{"href":"https:\/\/old.atletikaolomouc.cz\/index.php?rest_route=%2Fwp%2Fv2%2Fmedia&parent=31604"}],"wp:term":[{"taxonomy":"category","embeddable":true,"href":"https:\/\/old.atletikaolomouc.cz\/index.php?rest_route=%2Fwp%2Fv2%2Fcategories&post=31604"},{"taxonomy":"post_tag","embeddable":true,"href":"https:\/\/old.atletikaolomouc.cz\/index.php?rest_route=%2Fwp%2Fv2%2Ftags&post=31604"}],"curies":[{"name":"wp","href":"https:\/\/api.w.org\/{rel}","templated":true}]}}