{"id":31605,"date":"2021-08-03T08:52:17","date_gmt":"2021-08-03T06:52:17","guid":{"rendered":"https:\/\/www.atletikaolomouc.cz\/?p=31605"},"modified":"2021-08-03T08:54:13","modified_gmt":"2021-08-03T06:54:13","slug":"olomoucti-rozhodci-na-mistrovstvi-evropy-v-talinu","status":"publish","type":"post","link":"https:\/\/old.atletikaolomouc.cz\/?p=31605","title":{"rendered":"Olomou\u010dt\u00ed rozhod\u010d\u00ed na Mistrovstv\u00ed Evropy v Tallinnu"},"content":{"rendered":"<p style=\"text-align: justify;\">15. &#8211; 18. 7. 2021 prob\u011bhlo v estonsk\u00e9m hlavn\u00edm m\u011bst\u011b Tallinnu pod z\u00e1\u0161titou Evropsk\u00e9 atletiky Mistrovstv\u00ed Evropy v atletice U23 &amp; U20.<!--more--><\/p>\n<p style=\"text-align: justify;\">Krom\u011b olomouck\u00fdch atlet\u016f, kte\u0159\u00ed se Mistrovstv\u00ed Evropy z\u00fa\u010dastnili, byli p\u0159\u00edtomni tak\u00e9 na\u0161i rozhod\u010d\u00ed Iva Machov\u00e1 a Jan Navr\u00e1til. Honza byl u c\u00edlov\u00e9 kamery a staral se tak o kvalitn\u011b a hlavn\u011b spr\u00e1vn\u011b zm\u011b\u0159en\u00e9 c\u00edlov\u00e9 \u010dasy v\u0161ech b\u011bh\u016f. D\u011bkujeme i za tuto reprezentaci na\u0161eho klubu.<\/p>\n","protected":false},"excerpt":{"rendered":"<p>15. &#8211; 18. 7. 2021 prob\u011bhlo v estonsk\u00e9m hlavn\u00edm m\u011bst\u011b Tallinnu pod z\u00e1\u0161titou Evropsk\u00e9 atletiky Mistrovstv\u00ed Evropy v atletice U23 &amp; U20.<\/p>\n","protected":false},"author":17,"featured_media":31620,"comment_status":"closed","ping_status":"closed","sticky":false,"template":"","format":"standard","meta":{"ngg_post_thumbnail":0},"categories":[5,6],"tags":[],"_links":{"self":[{"href":"https:\/\/old.atletikaolomouc.cz\/index.php?rest_route=\/wp\/v2\/posts\/31605"}],"collection":[{"href":"https:\/\/old.atletikaolomouc.cz\/index.php?rest_route=\/wp\/v2\/posts"}],"about":[{"href":"https:\/\/old.atletikaolomouc.cz\/index.php?rest_route=\/wp\/v2\/types\/post"}],"author":[{"embeddable":true,"href":"https:\/\/old.atletikaolomouc.cz\/index.php?rest_route=\/wp\/v2\/users\/17"}],"replies":[{"embeddable":true,"href":"https:\/\/old.atletikaolomouc.cz\/index.php?rest_route=%2Fwp%2Fv2%2Fcomments&post=31605"}],"version-history":[{"count":4,"href":"https:\/\/old.atletikaolomouc.cz\/index.php?rest_route=\/wp\/v2\/posts\/31605\/revisions"}],"predecessor-version":[{"id":31622,"href":"https:\/\/old.atletikaolomouc.cz\/index.php?rest_route=\/wp\/v2\/posts\/31605\/revisions\/31622"}],"wp:featuredmedia":[{"embeddable":true,"href":"https:\/\/old.atletikaolomouc.cz\/index.php?rest_route=\/wp\/v2\/media\/31620"}],"wp:attachment":[{"href":"https:\/\/old.atletikaolomouc.cz\/index.php?rest_route=%2Fwp%2Fv2%2Fmedia&parent=31605"}],"wp:term":[{"taxonomy":"category","embeddable":true,"href":"https:\/\/old.atletikaolomouc.cz\/index.php?rest_route=%2Fwp%2Fv2%2Fcategories&post=31605"},{"taxonomy":"post_tag","embeddable":true,"href":"https:\/\/old.atletikaolomouc.cz\/index.php?rest_route=%2Fwp%2Fv2%2Ftags&post=31605"}],"curies":[{"name":"wp","href":"https:\/\/api.w.org\/{rel}","templated":true}]}}