{"id":31623,"date":"2021-08-04T10:53:55","date_gmt":"2021-08-04T08:53:55","guid":{"rendered":"https:\/\/www.atletikaolomouc.cz\/?p=31623"},"modified":"2021-08-04T10:53:55","modified_gmt":"2021-08-04T08:53:55","slug":"sprinterky-kubickova-a-micunkova-v-nominaci-na-mistrovstvi-sveta-u20","status":"publish","type":"post","link":"https:\/\/old.atletikaolomouc.cz\/?p=31623","title":{"rendered":"Sprinterky Kub\u00ed\u010dkov\u00e1 a Mi\u010dunkov\u00e1 v nominaci na Mistrovstv\u00ed sv\u011bta U20"},"content":{"rendered":"<p style=\"text-align: justify;\">Olomouck\u00e9 sprinterky Eva Kub\u00ed\u010dkov\u00e1 a Lucie Mi\u010dunkov\u00e1 budou reprezentovat \u010cR na Mistrovstv\u00ed sv\u011bta junior\u016f, kter\u00e9 se uskute\u010dn\u00ed 17. &#8211; 22. 8. 2021 v ke\u0148sk\u00e9m Nairobi.<!--more--><\/p>\n<p style=\"text-align: justify;\">Z d\u016fvodu odlo\u017een\u00ed vrcholn\u00fdch mezin\u00e1rodn\u00edch atletick\u00fdch akc\u00ed roku 2020 je leto\u0161n\u00ed atletick\u00e1 sez\u00f3na opravdu dlouh\u00e1 a nabit\u00e1. Nejlep\u0161\u00ed juniory a juniorky je\u0161t\u011b \u010dek\u00e1 vrchol sez\u00f3ny v podob\u011b Mistrovstv\u00ed sv\u011bta U20.<\/p>\n<p style=\"text-align: justify;\">Na leto\u0161n\u00edm Mistrovstv\u00ed Evropy junior\u016f skon\u010dily na\u0161e sprinterky Eva Kub\u00ed\u010dkov\u00e1 a Lucie Mi\u010dunkov\u00e1 se \u0161tafetou na 4&#215;100 metr\u016f na senza\u010dn\u00edm 4. m\u00edst\u011b v nov\u00e9m \u010desk\u00e9m rekordu 44,94 s. D\u00edky tomuto v\u00fdkonu splnily tak\u00e9 nomina\u010dn\u00ed krit\u00e9rium pro start na Mistrovstv\u00ed sv\u011bta.<\/p>\n<div id=\"attachment_31625\" style=\"width: 569px\" class=\"wp-caption aligncenter\"><a href=\"https:\/\/www.atletikaolomouc.cz\/wp-content\/uploads\/2021\/08\/Photo-18.07.2021-9-33-13.jpg\"><img aria-describedby=\"caption-attachment-31625\" decoding=\"async\" loading=\"lazy\" class=\"size-large wp-image-31625\" src=\"https:\/\/www.atletikaolomouc.cz\/wp-content\/uploads\/2021\/08\/Photo-18.07.2021-9-33-13-559x600.jpg\" alt=\"\" width=\"559\" height=\"600\" srcset=\"https:\/\/old.atletikaolomouc.cz\/wp-content\/uploads\/2021\/08\/Photo-18.07.2021-9-33-13-559x600.jpg 559w, https:\/\/old.atletikaolomouc.cz\/wp-content\/uploads\/2021\/08\/Photo-18.07.2021-9-33-13-279x300.jpg 279w, https:\/\/old.atletikaolomouc.cz\/wp-content\/uploads\/2021\/08\/Photo-18.07.2021-9-33-13-768x825.jpg 768w\" sizes=\"(max-width: 559px) 100vw, 559px\" \/><\/a><p id=\"caption-attachment-31625\" class=\"wp-caption-text\">Lucie Mi\u010dunkov\u00e1 a Eva Kub\u00ed\u010dkov\u00e1 na ME v Tallinnu 2021<\/p><\/div>\n<p style=\"text-align: justify;\">Na MS v Keni se ob\u011b sprinterky, sv\u011b\u0159enkyn\u011b tren\u00e9ra Roberta Novotn\u00e9ho, p\u0159edstav\u00ed mimo ji\u017e zm\u00edn\u011bnou \u0161tafetu tak\u00e9 v individu\u00e1ln\u00edm b\u011bhu na 100 metr\u016f.<\/p>\n<p><a href=\"https:\/\/www.worldathletics.org\/competitions\/world-athletics-u20-championships\/nairobi21\">Ofici\u00e1ln\u00ed str\u00e1nky Mistrovstv\u00ed sv\u011bta U20.<\/a><\/p>\n<p>Dr\u017e\u00edme na\u0161im holk\u00e1m palce!<\/p>\n","protected":false},"excerpt":{"rendered":"<p>Olomouck\u00e9 sprinterky Eva Kub\u00ed\u010dkov\u00e1 a Lucie Mi\u010dunkov\u00e1 budou reprezentovat \u010cR na Mistrovstv\u00ed sv\u011bta junior\u016f, kter\u00e9 se uskute\u010dn\u00ed 17. &#8211; 22. 8. 2021 v ke\u0148sk\u00e9m Nairobi.<\/p>\n","protected":false},"author":10,"featured_media":31624,"comment_status":"closed","ping_status":"closed","sticky":false,"template":"","format":"standard","meta":{"ngg_post_thumbnail":0},"categories":[5,6,37],"tags":[],"_links":{"self":[{"href":"https:\/\/old.atletikaolomouc.cz\/index.php?rest_route=\/wp\/v2\/posts\/31623"}],"collection":[{"href":"https:\/\/old.atletikaolomouc.cz\/index.php?rest_route=\/wp\/v2\/posts"}],"about":[{"href":"https:\/\/old.atletikaolomouc.cz\/index.php?rest_route=\/wp\/v2\/types\/post"}],"author":[{"embeddable":true,"href":"https:\/\/old.atletikaolomouc.cz\/index.php?rest_route=\/wp\/v2\/users\/10"}],"replies":[{"embeddable":true,"href":"https:\/\/old.atletikaolomouc.cz\/index.php?rest_route=%2Fwp%2Fv2%2Fcomments&post=31623"}],"version-history":[{"count":1,"href":"https:\/\/old.atletikaolomouc.cz\/index.php?rest_route=\/wp\/v2\/posts\/31623\/revisions"}],"predecessor-version":[{"id":31626,"href":"https:\/\/old.atletikaolomouc.cz\/index.php?rest_route=\/wp\/v2\/posts\/31623\/revisions\/31626"}],"wp:featuredmedia":[{"embeddable":true,"href":"https:\/\/old.atletikaolomouc.cz\/index.php?rest_route=\/wp\/v2\/media\/31624"}],"wp:attachment":[{"href":"https:\/\/old.atletikaolomouc.cz\/index.php?rest_route=%2Fwp%2Fv2%2Fmedia&parent=31623"}],"wp:term":[{"taxonomy":"category","embeddable":true,"href":"https:\/\/old.atletikaolomouc.cz\/index.php?rest_route=%2Fwp%2Fv2%2Fcategories&post=31623"},{"taxonomy":"post_tag","embeddable":true,"href":"https:\/\/old.atletikaolomouc.cz\/index.php?rest_route=%2Fwp%2Fv2%2Ftags&post=31623"}],"curies":[{"name":"wp","href":"https:\/\/api.w.org\/{rel}","templated":true}]}}