{"id":31627,"date":"2021-08-11T12:54:01","date_gmt":"2021-08-11T10:54:01","guid":{"rendered":"https:\/\/www.atletikaolomouc.cz\/?p=31627"},"modified":"2021-08-11T12:54:31","modified_gmt":"2021-08-11T10:54:31","slug":"velka-cena-pardubic-handicapovanych-atletu","status":"publish","type":"post","link":"https:\/\/old.atletikaolomouc.cz\/?p=31627","title":{"rendered":"Velk\u00e1 cena Pardubic handicapovan\u00fdch atlet\u016f"},"content":{"rendered":"<p style=\"text-align: justify;\">Ned\u011ble 8.8.2021 pat\u0159ila Velk\u00e9 cen\u011b m\u011bsta Pardubic v z\u00e1vod\u011b handicapovan\u00fdch atlet\u016f.<!--more--><\/p>\n<p style=\"text-align: justify;\"><strong>2x&nbsp; &nbsp;zlato<\/strong><br \/>\n<strong>2x&nbsp; &nbsp;st\u0159\u00edbro<\/strong><br \/>\n<strong>3x&nbsp; &nbsp;bronz<br \/>\n<\/strong>Toto je v\u00fd\u010det medail\u00ed na\u0161ich p\u011bti sportovc\u016f, kte\u0159\u00ed z\u00e1vodili na ned\u011bln\u00edch z\u00e1vodech v Pardubic\u00edch!<\/p>\n<div id=\"attachment_31640\" style=\"width: 412px\" class=\"wp-caption aligncenter\"><a href=\"https:\/\/www.atletikaolomouc.cz\/wp-content\/uploads\/2021\/08\/IMG-20210808-WA0010.jpg\"><img aria-describedby=\"caption-attachment-31640\" decoding=\"async\" loading=\"lazy\" class=\"wp-image-31640\" src=\"https:\/\/www.atletikaolomouc.cz\/wp-content\/uploads\/2021\/08\/IMG-20210808-WA0010.jpg\" alt=\"\" width=\"402\" height=\"226\" srcset=\"https:\/\/old.atletikaolomouc.cz\/wp-content\/uploads\/2021\/08\/IMG-20210808-WA0010.jpg 1600w, https:\/\/old.atletikaolomouc.cz\/wp-content\/uploads\/2021\/08\/IMG-20210808-WA0010-300x169.jpg 300w, https:\/\/old.atletikaolomouc.cz\/wp-content\/uploads\/2021\/08\/IMG-20210808-WA0010-768x432.jpg 768w, https:\/\/old.atletikaolomouc.cz\/wp-content\/uploads\/2021\/08\/IMG-20210808-WA0010-800x450.jpg 800w\" sizes=\"(max-width: 402px) 100vw, 402px\" \/><\/a><p id=\"caption-attachment-31640\" class=\"wp-caption-text\">Josef \u0160tiak NMNM, Du\u0161an \u0160\u010dambura, Michal Rotter<\/p><\/div>\n<div id=\"attachment_31642\" style=\"width: 266px\" class=\"wp-caption aligncenter\"><a href=\"https:\/\/www.atletikaolomouc.cz\/wp-content\/uploads\/2021\/08\/IMG-20210810-WA0001.jpg\"><img aria-describedby=\"caption-attachment-31642\" decoding=\"async\" loading=\"lazy\" class=\"wp-image-31642\" src=\"https:\/\/www.atletikaolomouc.cz\/wp-content\/uploads\/2021\/08\/IMG-20210810-WA0001.jpg\" alt=\"\" width=\"256\" height=\"465\" srcset=\"https:\/\/old.atletikaolomouc.cz\/wp-content\/uploads\/2021\/08\/IMG-20210810-WA0001.jpg 528w, https:\/\/old.atletikaolomouc.cz\/wp-content\/uploads\/2021\/08\/IMG-20210810-WA0001-165x300.jpg 165w, https:\/\/old.atletikaolomouc.cz\/wp-content\/uploads\/2021\/08\/IMG-20210810-WA0001-330x600.jpg 330w\" sizes=\"(max-width: 256px) 100vw, 256px\" \/><\/a><p id=\"caption-attachment-31642\" class=\"wp-caption-text\">Kate\u0159ina Korgerov\u00e1 SSK V\u00edtkovice a Jaroslav Str\u00e1nsk\u00fd<\/p><\/div>\n<p style=\"text-align: justify;\">Olomouck\u00fd klub ZP reprezentovali za mu\u017ee Jaroslav Str\u00e1nsk\u00fd nov\u00fd \u010dlen na\u0161eho klubu z\u00e1vod\u00edc\u00ed ve skupin\u011b T12, kter\u00fd sout\u011b\u017eil v b\u011bhu na 100m a vrhu koul\u00ed. Du\u0161an \u0160\u010dambura v hodu o\u0161t\u011bpem a diskem (ve kter\u00e9m si vylep\u0161il osobn\u00ed rekord &#8211; gratulace!). Michal Rotter z\u00e1vodil tak\u00e9 v hodu o\u0161t\u011bpem a diskem. Martin Kukla vrhal koul\u00ed a h\u00e1zel o\u0161t\u011bpem.<br \/>\nZa \u017eeny z\u00e1vodila jedin\u00e1 olomouck\u00e1 reprezentantka Lenka Hornov\u00e1, p\u0159edstavila se v hodu diskem, o\u0161t\u011bpem a ve vrhu koul\u00ed.<\/p>\n<p>Lenka Hornov\u00e1 &#8211; disk &#8211; 26,30 (bronz), koule &#8211; 8,87 (6.m\u00edsto), o\u0161t\u011bp &#8211; 28,24 (st\u0159\u00edbro)<br \/>\nJaroslav Str\u00e1nsk\u00fd &#8211; koule &#8211; 7,28 (8.m\u00edsto), 100m &#8211; 15,82 (5.m\u00edsto)<br \/>\nDu\u0161an \u0160\u010dambura &#8211; disk v nov\u00e9m osob\u00e1ku &#8211; 24,62 (zlato), o\u0161t\u011bp &#8211; 22,49 (st\u0159\u00edbro)<br \/>\nMichal Rotter &#8211; disk &#8211; 20,38 (bronz), o\u0161t\u011bp &#8211; 18,95 (bronz)<br \/>\nMartin Kukla &#8211; koule &#8211; 9,41 (4.m\u00edsto), o\u0161t\u011bp &#8211; 35,88 (zlato)<\/p>\n<p style=\"text-align: justify;\">V\u0161em na\u0161im atlet\u016fm gratulujeme!<br \/>\nKompletn\u00ed v\u00fdsledky naleznete <a href=\"https:\/\/www.atletikaolomouc.cz\/wp-content\/uploads\/2021\/08\/vysledky-VC21.pdf\">zde.<\/a><\/p>\n","protected":false},"excerpt":{"rendered":"<p>Ned\u011ble 8.8.2021 pat\u0159ila Velk\u00e9 cen\u011b m\u011bsta Pardubic v z\u00e1vod\u011b handicapovan\u00fdch atlet\u016f.<\/p>\n","protected":false},"author":17,"featured_media":0,"comment_status":"closed","ping_status":"closed","sticky":false,"template":"","format":"standard","meta":{"ngg_post_thumbnail":0},"categories":[5,48],"tags":[],"_links":{"self":[{"href":"https:\/\/old.atletikaolomouc.cz\/index.php?rest_route=\/wp\/v2\/posts\/31627"}],"collection":[{"href":"https:\/\/old.atletikaolomouc.cz\/index.php?rest_route=\/wp\/v2\/posts"}],"about":[{"href":"https:\/\/old.atletikaolomouc.cz\/index.php?rest_route=\/wp\/v2\/types\/post"}],"author":[{"embeddable":true,"href":"https:\/\/old.atletikaolomouc.cz\/index.php?rest_route=\/wp\/v2\/users\/17"}],"replies":[{"embeddable":true,"href":"https:\/\/old.atletikaolomouc.cz\/index.php?rest_route=%2Fwp%2Fv2%2Fcomments&post=31627"}],"version-history":[{"count":3,"href":"https:\/\/old.atletikaolomouc.cz\/index.php?rest_route=\/wp\/v2\/posts\/31627\/revisions"}],"predecessor-version":[{"id":31645,"href":"https:\/\/old.atletikaolomouc.cz\/index.php?rest_route=\/wp\/v2\/posts\/31627\/revisions\/31645"}],"wp:attachment":[{"href":"https:\/\/old.atletikaolomouc.cz\/index.php?rest_route=%2Fwp%2Fv2%2Fmedia&parent=31627"}],"wp:term":[{"taxonomy":"category","embeddable":true,"href":"https:\/\/old.atletikaolomouc.cz\/index.php?rest_route=%2Fwp%2Fv2%2Fcategories&post=31627"},{"taxonomy":"post_tag","embeddable":true,"href":"https:\/\/old.atletikaolomouc.cz\/index.php?rest_route=%2Fwp%2Fv2%2Ftags&post=31627"}],"curies":[{"name":"wp","href":"https:\/\/api.w.org\/{rel}","templated":true}]}}