{"id":31630,"date":"2021-08-10T10:15:06","date_gmt":"2021-08-10T08:15:06","guid":{"rendered":"https:\/\/www.atletikaolomouc.cz\/?p=31630"},"modified":"2021-08-10T10:52:00","modified_gmt":"2021-08-10T08:52:00","slug":"zavody-chorvatsko-velka-gorica-25-7-2021","status":"publish","type":"post","link":"https:\/\/old.atletikaolomouc.cz\/?p=31630","title":{"rendered":"Z\u00e1vody Chorvatsko &#8211; Velk\u00e1 Gorica 25.7.2021"},"content":{"rendered":"<p style=\"text-align: justify;\">V Chorvatsku ve Velk\u00e9 Gorici dne 25.7.2021 se konal &#8211; 7. Baca\u010dki miting u atletici za osobe s invaliditetom.<!--more--><\/p>\n<p style=\"text-align: justify;\">Z\u00e1vod\u016f se \u00fa\u010dastnili Michal Rotter a Eva Kacanu, oba z\u00e1vodili ve dvou discipl\u00edn\u00e1ch.<br \/>\nMichal ve vrhu koul\u00ed, kde v\u00fdkonem 6,33 bral p\u00e1t\u00e9 m\u00edsto. V hodu diskem se povedl hod dlouh\u00fd 19,07, kter\u00fdm si Michal zajistil zlatou medaili!<br \/>\nEva ve vrhu koul\u00ed obsadila druhou p\u0159\u00ed\u010dku, kterou vybojovala v\u00fdkonem 5,50. Disk stejn\u011b jako Michal ovl\u00e1dla a brala zlato za v\u00fdkon 10,80.<\/p>\n<div id=\"attachment_31632\" style=\"width: 388px\" class=\"wp-caption aligncenter\"><a href=\"https:\/\/www.atletikaolomouc.cz\/wp-content\/uploads\/2021\/08\/Chorvatsko-Eva-a-Michal.jpg\"><img aria-describedby=\"caption-attachment-31632\" decoding=\"async\" loading=\"lazy\" class=\"wp-image-31632\" src=\"https:\/\/www.atletikaolomouc.cz\/wp-content\/uploads\/2021\/08\/Chorvatsko-Eva-a-Michal.jpg\" alt=\"\" width=\"378\" height=\"283\" srcset=\"https:\/\/old.atletikaolomouc.cz\/wp-content\/uploads\/2021\/08\/Chorvatsko-Eva-a-Michal.jpg 1440w, https:\/\/old.atletikaolomouc.cz\/wp-content\/uploads\/2021\/08\/Chorvatsko-Eva-a-Michal-300x225.jpg 300w, https:\/\/old.atletikaolomouc.cz\/wp-content\/uploads\/2021\/08\/Chorvatsko-Eva-a-Michal-768x576.jpg 768w, https:\/\/old.atletikaolomouc.cz\/wp-content\/uploads\/2021\/08\/Chorvatsko-Eva-a-Michal-800x600.jpg 800w\" sizes=\"(max-width: 378px) 100vw, 378px\" \/><\/a><p id=\"caption-attachment-31632\" class=\"wp-caption-text\">Eva Kacanu, Michal Rotter, cel\u00e1 v\u00fdprava<\/p><\/div>\n<p style=\"text-align: justify;\">K v\u00fdkon\u016fm ob\u011bma gratulujeme.<\/p>\n<p style=\"text-align: justify;\">Kompletn\u00ed v\u00fdsledky <a href=\"https:\/\/www.atletikaolomouc.cz\/wp-content\/uploads\/2021\/08\/Velika-Gorica-CRO_2021_07_25.pdf\">zde.<\/a><\/p>\n","protected":false},"excerpt":{"rendered":"<p>V Chorvatsku ve Velk\u00e9 Gorici dne 25.7.2021 se konal &#8211; 7. Baca\u010dki miting u atletici za osobe s invaliditetom.<\/p>\n","protected":false},"author":17,"featured_media":0,"comment_status":"closed","ping_status":"closed","sticky":false,"template":"","format":"standard","meta":{"ngg_post_thumbnail":0},"categories":[5,48],"tags":[],"_links":{"self":[{"href":"https:\/\/old.atletikaolomouc.cz\/index.php?rest_route=\/wp\/v2\/posts\/31630"}],"collection":[{"href":"https:\/\/old.atletikaolomouc.cz\/index.php?rest_route=\/wp\/v2\/posts"}],"about":[{"href":"https:\/\/old.atletikaolomouc.cz\/index.php?rest_route=\/wp\/v2\/types\/post"}],"author":[{"embeddable":true,"href":"https:\/\/old.atletikaolomouc.cz\/index.php?rest_route=\/wp\/v2\/users\/17"}],"replies":[{"embeddable":true,"href":"https:\/\/old.atletikaolomouc.cz\/index.php?rest_route=%2Fwp%2Fv2%2Fcomments&post=31630"}],"version-history":[{"count":1,"href":"https:\/\/old.atletikaolomouc.cz\/index.php?rest_route=\/wp\/v2\/posts\/31630\/revisions"}],"predecessor-version":[{"id":31633,"href":"https:\/\/old.atletikaolomouc.cz\/index.php?rest_route=\/wp\/v2\/posts\/31630\/revisions\/31633"}],"wp:attachment":[{"href":"https:\/\/old.atletikaolomouc.cz\/index.php?rest_route=%2Fwp%2Fv2%2Fmedia&parent=31630"}],"wp:term":[{"taxonomy":"category","embeddable":true,"href":"https:\/\/old.atletikaolomouc.cz\/index.php?rest_route=%2Fwp%2Fv2%2Fcategories&post=31630"},{"taxonomy":"post_tag","embeddable":true,"href":"https:\/\/old.atletikaolomouc.cz\/index.php?rest_route=%2Fwp%2Fv2%2Ftags&post=31630"}],"curies":[{"name":"wp","href":"https:\/\/api.w.org\/{rel}","templated":true}]}}