{"id":31634,"date":"2021-08-10T10:46:05","date_gmt":"2021-08-10T08:46:05","guid":{"rendered":"https:\/\/www.atletikaolomouc.cz\/?p=31634"},"modified":"2021-08-10T10:46:23","modified_gmt":"2021-08-10T08:46:23","slug":"grand-prix-polsko-sieradz","status":"publish","type":"post","link":"https:\/\/old.atletikaolomouc.cz\/?p=31634","title":{"rendered":"Grand prix Polsko &#8211; Sieradz"},"content":{"rendered":"<p style=\"text-align: justify;\">3.-4.8.2021 se v polsk\u00e9m m\u011bst\u011b Sieradz konalo&nbsp;Paralekkoatletycznego Grand prix.<!--more--><\/p>\n<p style=\"text-align: justify;\">Michal Rotter byl jedin\u00fdm \u00fa\u010dastn\u00edkem na\u0161eho klubu na tomto Grand prix. Sout\u011b\u017eil ve t\u0159ech discipl\u00edn\u00e1ch.<br \/>\nVrh koul\u00ed, 9.m\u00edsto, hod diskem 6. m\u00edsto s perfektn\u00edm v\u00fdkonem 21,56! O\u0161t\u011bp dolet\u011bl na metu 19,62, v\u00fdkon Michalovi p\u0159inesl odm\u011bnu, st\u0159\u00edbrnou medaili.<\/p>\n<div id=\"attachment_31636\" style=\"width: 344px\" class=\"wp-caption aligncenter\"><a href=\"https:\/\/www.atletikaolomouc.cz\/wp-content\/uploads\/2021\/08\/IMG-20210803-WA0063.jpg\"><img aria-describedby=\"caption-attachment-31636\" decoding=\"async\" loading=\"lazy\" class=\"wp-image-31636\" src=\"https:\/\/www.atletikaolomouc.cz\/wp-content\/uploads\/2021\/08\/IMG-20210803-WA0063.jpg\" alt=\"\" width=\"334\" height=\"188\" srcset=\"https:\/\/old.atletikaolomouc.cz\/wp-content\/uploads\/2021\/08\/IMG-20210803-WA0063.jpg 1600w, https:\/\/old.atletikaolomouc.cz\/wp-content\/uploads\/2021\/08\/IMG-20210803-WA0063-300x169.jpg 300w, https:\/\/old.atletikaolomouc.cz\/wp-content\/uploads\/2021\/08\/IMG-20210803-WA0063-768x432.jpg 768w, https:\/\/old.atletikaolomouc.cz\/wp-content\/uploads\/2021\/08\/IMG-20210803-WA0063-800x450.jpg 800w\" sizes=\"(max-width: 334px) 100vw, 334px\" \/><\/a><p id=\"caption-attachment-31636\" class=\"wp-caption-text\">Michal, jeho v\u00fdkon v hodu diskem<\/p><\/div>\n<p style=\"text-align: justify;\">M\u00ed\u0161ovi gratulujeme.<\/p>\n<p style=\"text-align: justify;\">Kompletn\u00ed v\u00fdsledky k nahl\u00e9dnut\u00ed <a href=\"https:\/\/www.atletikaolomouc.cz\/wp-content\/uploads\/2021\/08\/Sieradz-POL_2021_08_04.pdf\">zde.<\/a><\/p>\n","protected":false},"excerpt":{"rendered":"<p>3.-4.8.2021 se v polsk\u00e9m m\u011bst\u011b Sieradz konalo&nbsp;Paralekkoatletycznego Grand prix.<\/p>\n","protected":false},"author":17,"featured_media":0,"comment_status":"closed","ping_status":"closed","sticky":false,"template":"","format":"standard","meta":{"ngg_post_thumbnail":0},"categories":[5,48],"tags":[],"_links":{"self":[{"href":"https:\/\/old.atletikaolomouc.cz\/index.php?rest_route=\/wp\/v2\/posts\/31634"}],"collection":[{"href":"https:\/\/old.atletikaolomouc.cz\/index.php?rest_route=\/wp\/v2\/posts"}],"about":[{"href":"https:\/\/old.atletikaolomouc.cz\/index.php?rest_route=\/wp\/v2\/types\/post"}],"author":[{"embeddable":true,"href":"https:\/\/old.atletikaolomouc.cz\/index.php?rest_route=\/wp\/v2\/users\/17"}],"replies":[{"embeddable":true,"href":"https:\/\/old.atletikaolomouc.cz\/index.php?rest_route=%2Fwp%2Fv2%2Fcomments&post=31634"}],"version-history":[{"count":1,"href":"https:\/\/old.atletikaolomouc.cz\/index.php?rest_route=\/wp\/v2\/posts\/31634\/revisions"}],"predecessor-version":[{"id":31637,"href":"https:\/\/old.atletikaolomouc.cz\/index.php?rest_route=\/wp\/v2\/posts\/31634\/revisions\/31637"}],"wp:attachment":[{"href":"https:\/\/old.atletikaolomouc.cz\/index.php?rest_route=%2Fwp%2Fv2%2Fmedia&parent=31634"}],"wp:term":[{"taxonomy":"category","embeddable":true,"href":"https:\/\/old.atletikaolomouc.cz\/index.php?rest_route=%2Fwp%2Fv2%2Fcategories&post=31634"},{"taxonomy":"post_tag","embeddable":true,"href":"https:\/\/old.atletikaolomouc.cz\/index.php?rest_route=%2Fwp%2Fv2%2Ftags&post=31634"}],"curies":[{"name":"wp","href":"https:\/\/api.w.org\/{rel}","templated":true}]}}