{"id":31649,"date":"2021-08-16T09:36:48","date_gmt":"2021-08-16T07:36:48","guid":{"rendered":"https:\/\/www.atletikaolomouc.cz\/?p=31649"},"modified":"2021-08-16T09:38:24","modified_gmt":"2021-08-16T07:38:24","slug":"david-pelisek-paty-na-mcr-v-dlouhem-horskem-behu","status":"publish","type":"post","link":"https:\/\/old.atletikaolomouc.cz\/?p=31649","title":{"rendered":"David Pel\u00ed\u0161ek p\u00e1t\u00fd na M\u010cR v dlouh\u00e9m horsk\u00e9m b\u011bhu"},"content":{"rendered":"<p class=\"article-detail__annotation\" style=\"text-align: justify;\">Po ro\u010dn\u00edm odkladu se v Jansk\u00fdch L\u00e1zn\u00edch uskute\u010dnila premi\u00e9ra Sv\u011btov\u00e9ho poh\u00e1ru v dlouh\u00e9m horsk\u00e9m b\u011bhu. Z\u00e1rove\u0148 si to na svaz\u00edch \u010cern\u00e9 hory rozdali o mistrovsk\u00e9 tituly nejlep\u0161\u00ed \u010de\u0161t\u00ed vrcha\u0159i a vrcha\u0159ky a nechyb\u011bl u toho ani olomouck\u00fd <strong>David Pel\u00ed\u0161ek<\/strong>.<!--more--><\/p>\n<div class=\"article-detail__content\">\n<p style=\"text-align: justify;\">V\u0161ichni z\u00fa\u010dastn\u011bn\u00ed se museli poprat s&nbsp;trat\u00ed o d\u00e9lce 22.05 kilometr\u016f s&nbsp;p\u0159ev\u00fd\u0161en\u00edm 1050 metr\u016f, kter\u00e1 vedla z&nbsp;l\u00e1ze\u0148sk\u00e9 kolon\u00e1dy vzh\u016fru po jihov\u00fdchodn\u00edm svahu \u010cern\u00e9 hory a pot\u00e9 se vinula po z\u00e1padn\u00ed stran\u011b 1300metrov\u00e9ho vrcholu, aby se n\u00e1sledn\u011b b\u011b\u017eci a b\u011b\u017ekyn\u011b vr\u00e1tili zp\u011bt do J\u00e1nsk\u00fdch L\u00e1zn\u00ed.<\/p>\n<p style=\"text-align: justify;\">V r\u00e1mci Mistrovstv\u00ed \u010cesk\u00e9 republiky obsadil <strong>David Pel\u00ed\u0161ek v\u00fdbornou 5. p\u0159\u00ed\u010dku v \u010dase 1:39,31 hod.<\/strong><\/p>\n<p><a href=\"https:\/\/online.atletika.cz\/vysledky\/46941\">Kompletn\u00ed v\u00fdsledky M\u010cR.<\/a><\/p>\n<p>Gratulujeme!<\/p>\n<p>Foto: \u010cAS.<\/p>\n<\/div>\n","protected":false},"excerpt":{"rendered":"<p>Po ro\u010dn\u00edm odkladu se v Jansk\u00fdch L\u00e1zn\u00edch uskute\u010dnila premi\u00e9ra Sv\u011btov\u00e9ho poh\u00e1ru v dlouh\u00e9m horsk\u00e9m b\u011bhu. Z\u00e1rove\u0148 si to na svaz\u00edch \u010cern\u00e9 hory rozdali o mistrovsk\u00e9 tituly nejlep\u0161\u00ed \u010de\u0161t\u00ed vrcha\u0159i a vrcha\u0159ky a nechyb\u011bl u toho ani olomouck\u00fd David Pel\u00ed\u0161ek.<\/p>\n","protected":false},"author":10,"featured_media":31650,"comment_status":"closed","ping_status":"closed","sticky":false,"template":"","format":"standard","meta":{"ngg_post_thumbnail":0},"categories":[5,6,37],"tags":[],"_links":{"self":[{"href":"https:\/\/old.atletikaolomouc.cz\/index.php?rest_route=\/wp\/v2\/posts\/31649"}],"collection":[{"href":"https:\/\/old.atletikaolomouc.cz\/index.php?rest_route=\/wp\/v2\/posts"}],"about":[{"href":"https:\/\/old.atletikaolomouc.cz\/index.php?rest_route=\/wp\/v2\/types\/post"}],"author":[{"embeddable":true,"href":"https:\/\/old.atletikaolomouc.cz\/index.php?rest_route=\/wp\/v2\/users\/10"}],"replies":[{"embeddable":true,"href":"https:\/\/old.atletikaolomouc.cz\/index.php?rest_route=%2Fwp%2Fv2%2Fcomments&post=31649"}],"version-history":[{"count":3,"href":"https:\/\/old.atletikaolomouc.cz\/index.php?rest_route=\/wp\/v2\/posts\/31649\/revisions"}],"predecessor-version":[{"id":31654,"href":"https:\/\/old.atletikaolomouc.cz\/index.php?rest_route=\/wp\/v2\/posts\/31649\/revisions\/31654"}],"wp:featuredmedia":[{"embeddable":true,"href":"https:\/\/old.atletikaolomouc.cz\/index.php?rest_route=\/wp\/v2\/media\/31650"}],"wp:attachment":[{"href":"https:\/\/old.atletikaolomouc.cz\/index.php?rest_route=%2Fwp%2Fv2%2Fmedia&parent=31649"}],"wp:term":[{"taxonomy":"category","embeddable":true,"href":"https:\/\/old.atletikaolomouc.cz\/index.php?rest_route=%2Fwp%2Fv2%2Fcategories&post=31649"},{"taxonomy":"post_tag","embeddable":true,"href":"https:\/\/old.atletikaolomouc.cz\/index.php?rest_route=%2Fwp%2Fv2%2Ftags&post=31649"}],"curies":[{"name":"wp","href":"https:\/\/api.w.org\/{rel}","templated":true}]}}