{"id":31655,"date":"2021-08-16T09:47:01","date_gmt":"2021-08-16T07:47:01","guid":{"rendered":"https:\/\/www.atletikaolomouc.cz\/?p=31655"},"modified":"2021-08-16T09:47:44","modified_gmt":"2021-08-16T07:47:44","slug":"martina-mazurova-reprezentovala-cr-na-mezistatnim-utkani-u18","status":"publish","type":"post","link":"https:\/\/old.atletikaolomouc.cz\/?p=31655","title":{"rendered":"Martina Mazurov\u00e1 reprezentovala \u010cR na Mezist\u00e1tn\u00edm utk\u00e1n\u00ed U18"},"content":{"rendered":"<p style=\"text-align: justify;\">Olomouck\u00e1 vrha\u010dka Martina Mazurov\u00e1, aktu\u00e1ln\u00ed dorosteneck\u00e1 mistryn\u011b \u010cR ve vrhu koul\u00ed v hale i venku, reprezentovala \u010cR na Mezist\u00e1tn\u00edm utk\u00e1n\u00ed U18 v Brn\u011b.<!--more--><\/p>\n<p style=\"text-align: justify;\">Martina se p\u0159edstavila ve vrhu koul\u00ed, kde v\u00fdborn\u00fdm v\u00fdkonem 16,22 metr\u016f obsadila druh\u00e9 m\u00edsto. D\u00e1le tak\u00e9 h\u00e1zela diskem a hodem dlouh\u00fdm 38,96 metr\u016f vybojovala 5. p\u0159\u00ed\u010dku. Dru\u017estvo \u010cesk\u00e9 republiky skon\u010dilo v tomto utk\u00e1n\u00ed s t\u00fdmy Slovenska, Ma\u010farska a Polska na p\u011bkn\u00e9m druh\u00e9m m\u00edst\u011b.<\/p>\n<p><a href=\"https:\/\/www.atletikaolomouc.cz\/wp-content\/uploads\/2021\/08\/Photo-15.08.2021-12-37-50.jpg\"><img decoding=\"async\" loading=\"lazy\" class=\"aligncenter size-large wp-image-31657\" src=\"https:\/\/www.atletikaolomouc.cz\/wp-content\/uploads\/2021\/08\/Photo-15.08.2021-12-37-50-800x533.jpg\" alt=\"\" width=\"660\" height=\"440\" srcset=\"https:\/\/old.atletikaolomouc.cz\/wp-content\/uploads\/2021\/08\/Photo-15.08.2021-12-37-50-800x533.jpg 800w, https:\/\/old.atletikaolomouc.cz\/wp-content\/uploads\/2021\/08\/Photo-15.08.2021-12-37-50-300x200.jpg 300w, https:\/\/old.atletikaolomouc.cz\/wp-content\/uploads\/2021\/08\/Photo-15.08.2021-12-37-50-768x512.jpg 768w, https:\/\/old.atletikaolomouc.cz\/wp-content\/uploads\/2021\/08\/Photo-15.08.2021-12-37-50-385x258.jpg 385w, https:\/\/old.atletikaolomouc.cz\/wp-content\/uploads\/2021\/08\/Photo-15.08.2021-12-37-50.jpg 960w\" sizes=\"(max-width: 660px) 100vw, 660px\" \/><\/a><\/p>\n<p><a href=\"https:\/\/online.atletika.cz\/vysledky\/46939\">Kompletn\u00ed v\u00fdsledky MU U18.<\/a><\/p>\n<p>Gratulujeme a d\u011bkujeme za vzornou reprezentaci na\u0161eho klubu.<\/p>\n<p>Foto: \u010cAS.<\/p>\n","protected":false},"excerpt":{"rendered":"<p>Olomouck\u00e1 vrha\u010dka Martina Mazurov\u00e1, aktu\u00e1ln\u00ed dorosteneck\u00e1 mistryn\u011b \u010cR ve vrhu koul\u00ed v hale i venku, reprezentovala \u010cR na Mezist\u00e1tn\u00edm utk\u00e1n\u00ed U18 v Brn\u011b.<\/p>\n","protected":false},"author":10,"featured_media":31656,"comment_status":"closed","ping_status":"closed","sticky":false,"template":"","format":"standard","meta":{"ngg_post_thumbnail":0},"categories":[5,6,37],"tags":[],"_links":{"self":[{"href":"https:\/\/old.atletikaolomouc.cz\/index.php?rest_route=\/wp\/v2\/posts\/31655"}],"collection":[{"href":"https:\/\/old.atletikaolomouc.cz\/index.php?rest_route=\/wp\/v2\/posts"}],"about":[{"href":"https:\/\/old.atletikaolomouc.cz\/index.php?rest_route=\/wp\/v2\/types\/post"}],"author":[{"embeddable":true,"href":"https:\/\/old.atletikaolomouc.cz\/index.php?rest_route=\/wp\/v2\/users\/10"}],"replies":[{"embeddable":true,"href":"https:\/\/old.atletikaolomouc.cz\/index.php?rest_route=%2Fwp%2Fv2%2Fcomments&post=31655"}],"version-history":[{"count":1,"href":"https:\/\/old.atletikaolomouc.cz\/index.php?rest_route=\/wp\/v2\/posts\/31655\/revisions"}],"predecessor-version":[{"id":31658,"href":"https:\/\/old.atletikaolomouc.cz\/index.php?rest_route=\/wp\/v2\/posts\/31655\/revisions\/31658"}],"wp:featuredmedia":[{"embeddable":true,"href":"https:\/\/old.atletikaolomouc.cz\/index.php?rest_route=\/wp\/v2\/media\/31656"}],"wp:attachment":[{"href":"https:\/\/old.atletikaolomouc.cz\/index.php?rest_route=%2Fwp%2Fv2%2Fmedia&parent=31655"}],"wp:term":[{"taxonomy":"category","embeddable":true,"href":"https:\/\/old.atletikaolomouc.cz\/index.php?rest_route=%2Fwp%2Fv2%2Fcategories&post=31655"},{"taxonomy":"post_tag","embeddable":true,"href":"https:\/\/old.atletikaolomouc.cz\/index.php?rest_route=%2Fwp%2Fv2%2Ftags&post=31655"}],"curies":[{"name":"wp","href":"https:\/\/api.w.org\/{rel}","templated":true}]}}