{"id":31660,"date":"2021-08-20T12:37:49","date_gmt":"2021-08-20T10:37:49","guid":{"rendered":"https:\/\/www.atletikaolomouc.cz\/?p=31660"},"modified":"2021-08-20T12:37:49","modified_gmt":"2021-08-20T10:37:49","slug":"eva-kubickova-osma-na-svete","status":"publish","type":"post","link":"https:\/\/old.atletikaolomouc.cz\/?p=31660","title":{"rendered":"Eva Kub\u00ed\u010dkov\u00e1 osm\u00e1 na sv\u011bt\u011b"},"content":{"rendered":"<p style=\"text-align: justify;\">Olomouck\u00e1 sprinterka <strong>Eva Kub\u00ed\u010dkov\u00e1<\/strong> zaznamenala historick\u00fd \u00fasp\u011bch \u010desk\u00e9ho sprintu. Poprv\u00e9 v historii se dostala \u010desk\u00e1 sprinterka na 100 metr\u016f do fin\u00e1le Mistrovstv\u00ed sv\u011bta juniorek.&nbsp;<!--more--><strong>V ke\u0148sk\u00e9m Nairobi prob\u00edh\u00e1 ve dnech 18. &#8211; 22. 8. 2021 Mistrovstv\u00ed sv\u011bta U20.<\/strong> V nominaci \u010desk\u00e9ho t\u00fdmu byla pro b\u011bh na 100 metr\u016f tak\u00e9 na\u0161e Eva Kub\u00ed\u010dkov\u00e1. Eva odj\u00ed\u017ed\u011bla do Keni s nevelk\u00fdmi ambicemi. Po v\u00fdborn\u00e9 p\u0159\u00edprav\u011b se bohu\u017eel na prvn\u00edch z\u00e1vodech 19. 5. na Zlat\u00e9 Tret\u0159e Ostrava zranila a vypadalo to, \u017ee se v sez\u00f3n\u011b, kde ji \u010dekaly dva velk\u00e9 vrcholy v podob\u011b ME a MS, u\u017e v\u016fbec nep\u0159edstav\u00ed. K p\u0159ekvapen\u00ed v\u0161ech se v\u0161ak dok\u00e1zala rychle vr\u00e1tit a na obou akc\u00edch startovat.<\/p>\n<p style=\"text-align: justify;\">Na Mistrovstv\u00ed sv\u011bta v Keni nejprve \u00fasp\u011b\u0161n\u011b slo\u017eila repar\u00e1t po nepoveden\u00e9m individu\u00e1ln\u00edm vystoupen\u00ed na ME. V rozb\u011bhu na 100 metr\u016f hladce p\u0159\u00edmo postoupila do semifin\u00e1le ve sv\u00e9m nejlep\u0161\u00edm leto\u0161n\u00edm v\u00fdkonu <strong>11,75 s.<\/strong> V semifin\u00e1le pak p\u0159i\u0161la opravdov\u00e1 senzace. Evi\u010dka vyu\u017eila sv\u00e9 nejsiln\u011bj\u0161\u00ed str\u00e1nky &#8211; startu, kter\u00fd se ji exkluzivn\u011b vyda\u0159il a par\u00e1dn\u00edm zp\u016fsobem p\u0159\u00edmo postoupila do fin\u00e1lov\u00e9ho z\u00e1vodu Mistrovstv\u00ed sv\u011bta. Postup oko\u0159enila nav\u00edc vynikaj\u00edc\u00edm \u010dasem <strong>11,64 s.<\/strong> do m\u00edrn\u00e9ho protiv\u011btru.&nbsp;<\/p>\n<p style=\"text-align: justify;\">Ve fin\u00e1le, kter\u00e9 bylo jedn\u00edm z&nbsp;vrchol\u016f druh\u00e9ho odpoledn\u00edho programu mistrovstv\u00ed, zaklekla do blok\u016f v&nbsp;osm\u00e9 dr\u00e1ze.&nbsp;Tentokr\u00e1t j\u00ed start nevy\u0161el tak dob\u0159e jako v&nbsp;p\u0159ede\u0161l\u00fdch dvou b\u011bz\u00edch, a nakonec se do c\u00edle p\u0159edkl\u00e1n\u011bla jako osm\u00e1 v&nbsp;\u010dase <strong>11.76 s.<\/strong> Nicm\u00e9n\u011b se sv\u00fdm individu\u00e1ln\u00edm vystoupen\u00edm m\u016f\u017ee b\u00fdt jist\u011b spokojena. Sv\u011btov\u00e9 juniorsk\u00e9 fin\u00e1le se po\u010d\u00edt\u00e1 a nyn\u00ed se m\u016f\u017ee soust\u0159edit na \u0161tafetu, kde budou na\u0161e d\u011bv\u010data usilovat o postup do fin\u00e1le a vylep\u0161en\u00ed n\u00e1rodn\u00edho rekordu, kter\u00e9ho dos\u00e1hla p\u0159i ME v&nbsp;Tallinnu.<\/p>\n<p style=\"text-align: justify;\">Eva je nav\u00edc v kategorii juniorek teprve prvn\u00edm rokem a p\u0159\u00ed\u0161t\u00ed rok se kon\u00e1 dal\u0161\u00ed Mistrovstv\u00ed sv\u011bta U20 v Kolumbii.<\/p>\n<p>Ze srdce blahop\u0159ejeme Ev\u011b a jej\u00edmu tren\u00e9rovi Robertu Novotn\u00e9mu. D\u011bkujeme za vynikaj\u00edc\u00ed reprezentaci klubu a \u010cR.<\/p>\n<p><a href=\"https:\/\/www.worldathletics.org\/competitions\/world-athletics-u20-championships\/nairobi21\/timetable\">V\u00fdsledky.<\/a><\/p>\n","protected":false},"excerpt":{"rendered":"<p>Olomouck\u00e1 sprinterka Eva Kub\u00ed\u010dkov\u00e1 zaznamenala historick\u00fd \u00fasp\u011bch \u010desk\u00e9ho sprintu. Poprv\u00e9 v historii se dostala \u010desk\u00e1 sprinterka na 100 metr\u016f do fin\u00e1le Mistrovstv\u00ed sv\u011bta juniorek.&nbsp;<\/p>\n","protected":false},"author":10,"featured_media":31601,"comment_status":"closed","ping_status":"closed","sticky":false,"template":"","format":"standard","meta":{"ngg_post_thumbnail":0},"categories":[5,6,37],"tags":[],"_links":{"self":[{"href":"https:\/\/old.atletikaolomouc.cz\/index.php?rest_route=\/wp\/v2\/posts\/31660"}],"collection":[{"href":"https:\/\/old.atletikaolomouc.cz\/index.php?rest_route=\/wp\/v2\/posts"}],"about":[{"href":"https:\/\/old.atletikaolomouc.cz\/index.php?rest_route=\/wp\/v2\/types\/post"}],"author":[{"embeddable":true,"href":"https:\/\/old.atletikaolomouc.cz\/index.php?rest_route=\/wp\/v2\/users\/10"}],"replies":[{"embeddable":true,"href":"https:\/\/old.atletikaolomouc.cz\/index.php?rest_route=%2Fwp%2Fv2%2Fcomments&post=31660"}],"version-history":[{"count":2,"href":"https:\/\/old.atletikaolomouc.cz\/index.php?rest_route=\/wp\/v2\/posts\/31660\/revisions"}],"predecessor-version":[{"id":31670,"href":"https:\/\/old.atletikaolomouc.cz\/index.php?rest_route=\/wp\/v2\/posts\/31660\/revisions\/31670"}],"wp:featuredmedia":[{"embeddable":true,"href":"https:\/\/old.atletikaolomouc.cz\/index.php?rest_route=\/wp\/v2\/media\/31601"}],"wp:attachment":[{"href":"https:\/\/old.atletikaolomouc.cz\/index.php?rest_route=%2Fwp%2Fv2%2Fmedia&parent=31660"}],"wp:term":[{"taxonomy":"category","embeddable":true,"href":"https:\/\/old.atletikaolomouc.cz\/index.php?rest_route=%2Fwp%2Fv2%2Fcategories&post=31660"},{"taxonomy":"post_tag","embeddable":true,"href":"https:\/\/old.atletikaolomouc.cz\/index.php?rest_route=%2Fwp%2Fv2%2Ftags&post=31660"}],"curies":[{"name":"wp","href":"https:\/\/api.w.org\/{rel}","templated":true}]}}