{"id":31664,"date":"2021-08-20T12:37:33","date_gmt":"2021-08-20T10:37:33","guid":{"rendered":"https:\/\/www.atletikaolomouc.cz\/?p=31664"},"modified":"2021-08-20T12:37:33","modified_gmt":"2021-08-20T10:37:33","slug":"lucie-micunkova-semifinalistkou-mistrovstvi-sveta","status":"publish","type":"post","link":"https:\/\/old.atletikaolomouc.cz\/?p=31664","title":{"rendered":"Lucie Mi\u010dunkov\u00e1 semifinalistkou Mistrovstv\u00ed sv\u011bta"},"content":{"rendered":"<p style=\"text-align: justify;\">\u00dasp\u011b\u0161n\u00e9 vystoupen\u00ed na dal\u0161\u00ed leto\u0161n\u00ed vrcholn\u00e9 akci m\u00e1 za sebou olomouck\u00e1 sprinterka <strong>Lucie Mi\u010dunkov\u00e1.<\/strong> Na Mistrovstv\u00ed sv\u011bta juniorek, kter\u00e9 se kon\u00e1 18. &#8211; 22. 8. 2021 v ke\u0148sk\u00e9m Nairobi se dok\u00e1zala probojovat do semifin\u00e1le v b\u011bhu na 100 metr\u016f.<!--more--><\/p>\n<p style=\"text-align: justify;\">\u00da\u0159aduj\u00edc\u00ed mistryn\u011b \u010cR v b\u011bhu na 100 metr\u016f juniorek za\u017e\u00edv\u00e1 letos opravdu vyda\u0159enou sez\u00f3nu na dr\u00e1ze. Po nep\u0159\u00edjemn\u00e9m a v\u00e1\u017en\u00e9m zran\u011bn\u00ed zadn\u00edho stehenn\u00edho svalu na za\u010d\u00e1tku halov\u00e9 sez\u00f3ny 2021 se poctivou rehabilitac\u00ed dok\u00e1zala vr\u00e1tit do skv\u011bl\u00e9 formy jako p\u0159ed zran\u011bn\u00edm. Obh\u00e1jila dom\u00e1c\u00ed juniorsk\u00fd titul na 100 metr\u016f a z\u00fa\u010dastnila se ME i MS.<\/p>\n<p style=\"text-align: justify;\">Na srpnov\u00e9m Mistrovstv\u00ed sv\u011bta se stejn\u011b jako na \u010dervencov\u00e9m Mistrovstv\u00ed Evropy p\u0159edstavila v individu\u00e1ln\u00edm b\u011bhu na 100 metr\u016f. V Keni se Lucce da\u0159ilo o pozn\u00e1n\u00ed l\u00e9pe. Nejprve p\u0159\u00edmo postoupila z rozb\u011bhu na 100 metr\u016f v p\u011bkn\u00e9m \u010dase <strong>11,93 s.<\/strong> do protiv\u011btru o s\u00edle -0,9 m\/s. a probojovala se do sv\u00e9ho prvn\u00edho kari\u00e9rn\u00edho semifin\u00e1le na velk\u00e9 mezin\u00e1rodn\u00ed akci.<\/p>\n<p style=\"text-align: justify;\">V semifin\u00e1lov\u00e9m b\u011bhu si \u010dasov\u011b oproti rozb\u011bhu polep\u0161ila, konkr\u00e9tn\u011b o t\u0159i setiny. Jej\u00ed v\u00fdkon <strong>11.90 s.<\/strong> bohu\u017eel po velmi nevyda\u0159en\u00e9m startu na fin\u00e1le nesta\u010dil a z&nbsp;Keni si odveze celkov\u011b osmn\u00e1ct\u00e9 m\u00edsto.<\/p>\n<p style=\"text-align: justify;\">Semifin\u00e1le na Mistrovstv\u00ed sv\u011bta je v\u0161ak i tak vynikaj\u00edc\u00edm \u00fasp\u011bchem a nyn\u00ed se i Lucka m\u016f\u017ee soust\u0159edit na \u0161tafetu, kde budou na\u0161e d\u011bv\u010data usilovat o postup do fin\u00e1le a vylep\u0161en\u00ed n\u00e1rodn\u00edho rekordu, kter\u00e9ho dos\u00e1hla p\u0159i ME v&nbsp;Tallinnu.<\/p>\n<p>Blahop\u0159ejeme Lucce a jej\u00edmu tren\u00e9rovi Robertu Novotn\u00e9mu a d\u011bkujeme za vynikaj\u00edc\u00ed reprezentaci klubu a \u010cR.<\/p>\n<p><a href=\"https:\/\/www.worldathletics.org\/competitions\/world-athletics-u20-championships\/nairobi21\/timetable\">V\u00fdsledky.<\/a><\/p>\n","protected":false},"excerpt":{"rendered":"<p>\u00dasp\u011b\u0161n\u00e9 vystoupen\u00ed na dal\u0161\u00ed leto\u0161n\u00ed vrcholn\u00e9 akci m\u00e1 za sebou olomouck\u00e1 sprinterka Lucie Mi\u010dunkov\u00e1. Na Mistrovstv\u00ed sv\u011bta juniorek, kter\u00e9 se kon\u00e1 18. &#8211; 22. 8. 2021 v ke\u0148sk\u00e9m Nairobi se dok\u00e1zala probojovat do semifin\u00e1le v b\u011bhu na 100 metr\u016f.<\/p>\n","protected":false},"author":10,"featured_media":31602,"comment_status":"closed","ping_status":"closed","sticky":false,"template":"","format":"standard","meta":{"ngg_post_thumbnail":0},"categories":[5,6,37],"tags":[],"_links":{"self":[{"href":"https:\/\/old.atletikaolomouc.cz\/index.php?rest_route=\/wp\/v2\/posts\/31664"}],"collection":[{"href":"https:\/\/old.atletikaolomouc.cz\/index.php?rest_route=\/wp\/v2\/posts"}],"about":[{"href":"https:\/\/old.atletikaolomouc.cz\/index.php?rest_route=\/wp\/v2\/types\/post"}],"author":[{"embeddable":true,"href":"https:\/\/old.atletikaolomouc.cz\/index.php?rest_route=\/wp\/v2\/users\/10"}],"replies":[{"embeddable":true,"href":"https:\/\/old.atletikaolomouc.cz\/index.php?rest_route=%2Fwp%2Fv2%2Fcomments&post=31664"}],"version-history":[{"count":4,"href":"https:\/\/old.atletikaolomouc.cz\/index.php?rest_route=\/wp\/v2\/posts\/31664\/revisions"}],"predecessor-version":[{"id":31669,"href":"https:\/\/old.atletikaolomouc.cz\/index.php?rest_route=\/wp\/v2\/posts\/31664\/revisions\/31669"}],"wp:featuredmedia":[{"embeddable":true,"href":"https:\/\/old.atletikaolomouc.cz\/index.php?rest_route=\/wp\/v2\/media\/31602"}],"wp:attachment":[{"href":"https:\/\/old.atletikaolomouc.cz\/index.php?rest_route=%2Fwp%2Fv2%2Fmedia&parent=31664"}],"wp:term":[{"taxonomy":"category","embeddable":true,"href":"https:\/\/old.atletikaolomouc.cz\/index.php?rest_route=%2Fwp%2Fv2%2Fcategories&post=31664"},{"taxonomy":"post_tag","embeddable":true,"href":"https:\/\/old.atletikaolomouc.cz\/index.php?rest_route=%2Fwp%2Fv2%2Ftags&post=31664"}],"curies":[{"name":"wp","href":"https:\/\/api.w.org\/{rel}","templated":true}]}}