{"id":31682,"date":"2021-08-22T20:12:54","date_gmt":"2021-08-22T18:12:54","guid":{"rendered":"https:\/\/www.atletikaolomouc.cz\/?p=31682"},"modified":"2021-08-22T20:15:39","modified_gmt":"2021-08-22T18:15:39","slug":"5-misto-a-vylepseny-cesky-rekord-na-mistrovstvi-sveta","status":"publish","type":"post","link":"https:\/\/old.atletikaolomouc.cz\/?p=31682","title":{"rendered":"5. m\u00edsto a vylep\u0161en\u00fd \u010desk\u00fd rekord na Mistrovstv\u00ed sv\u011bta"},"content":{"rendered":"<p style=\"text-align: justify;\">V ke\u0148sk\u00e9m Nairobi v ned\u011bli 22. 8. 2021 vyvrcholilo Mistrovstv\u00ed sv\u011bta junior\u016f a juniorek. Olomouck\u00e9 sprinterky <strong>Eva Kub\u00ed\u010dkov\u00e1<\/strong> a <strong>Lucie Mi\u010dunkov\u00e1<\/strong> op\u011bt pat\u0159ily k opor\u00e1m \u010desk\u00e9 \u0161tafety na 4&#215;100 metr\u016f.<!--more--><\/p>\n<p style=\"text-align: justify;\">Skv\u011bl\u00fd v\u00fdsledek v podob\u011b 5. m\u00edsta a vylep\u0161en\u00e9ho vlastn\u00edho \u010desk\u00e9ho rekordu veze dom\u016f \u010desk\u00e1 \u0161tafeta na 4&#215;100 m \u017een ve slo\u017een\u00ed Eva&nbsp;<strong>Kub\u00ed\u010dkov\u00e1<\/strong> &#8211; Tereza Lama\u010dov\u00e1 &#8211; Barbora \u0160plechtnov\u00e1 &#8211; Lucie <strong>Mi\u010dunkov\u00e1<\/strong>. Po historick\u00e9m \u00fasp\u011bchu a um\u00edst\u011bn\u00ed na 4. p\u0159\u00ed\u010dce na Mistrovstv\u00ed Evropy v Tallinnu se \u010desk\u00e1 reprezenta\u010dn\u00ed \u0161tafeta p\u0159edstavila tak\u00e9 ve fin\u00e1lov\u00e9m z\u00e1vod\u011b na Mistrovstv\u00ed sv\u011bta U20 v Nairobi. <strong>Vynikaj\u00edc\u00edmi individu\u00e1ln\u00edmi b\u011b\u017eeck\u00fdmi v\u00fdkony podpo\u0159en\u00fdmi skv\u011ble zvl\u00e1dnut\u00fdmi p\u0159ed\u00e1vkami smazaly z vlastn\u00edho \u010desk\u00e9ho rekordu \u00factyhodn\u00fdch 59 setin sekundy a dob\u011bhly na 5. p\u0159\u00ed\u010dce v \u010dase 44,35 s.<\/strong><\/p>\n<div id=\"attachment_31684\" style=\"width: 726px\" class=\"wp-caption aligncenter\"><a href=\"https:\/\/www.atletikaolomouc.cz\/wp-content\/uploads\/2021\/08\/mezi\u010dasy.jpg\"><img aria-describedby=\"caption-attachment-31684\" decoding=\"async\" loading=\"lazy\" class=\"wp-image-31684 size-full\" src=\"https:\/\/www.atletikaolomouc.cz\/wp-content\/uploads\/2021\/08\/mezi\u010dasy.jpg\" alt=\"\" width=\"716\" height=\"421\" srcset=\"https:\/\/old.atletikaolomouc.cz\/wp-content\/uploads\/2021\/08\/mezi\u010dasy.jpg 716w, https:\/\/old.atletikaolomouc.cz\/wp-content\/uploads\/2021\/08\/mezi\u010dasy-300x176.jpg 300w\" sizes=\"(max-width: 716px) 100vw, 716px\" \/><\/a><p id=\"caption-attachment-31684\" class=\"wp-caption-text\">\u010casy po 100 metrech. Kub\u00ed\u010dkov\u00e1 LEG 1, Mi\u010dunkov\u00e1 LEG 4.<\/p><\/div>\n<p>D\u011bkujeme za vynikaj\u00edc\u00ed reprezentaci a gratulujeme k fam\u00f3zn\u00edmu v\u00fdsledku.<\/p>\n","protected":false},"excerpt":{"rendered":"<p>V ke\u0148sk\u00e9m Nairobi v ned\u011bli 22. 8. 2021 vyvrcholilo Mistrovstv\u00ed sv\u011bta junior\u016f a juniorek. Olomouck\u00e9 sprinterky Eva Kub\u00ed\u010dkov\u00e1 a Lucie Mi\u010dunkov\u00e1 op\u011bt pat\u0159ily k opor\u00e1m \u010desk\u00e9 \u0161tafety na 4&#215;100 metr\u016f.<\/p>\n","protected":false},"author":10,"featured_media":31686,"comment_status":"closed","ping_status":"closed","sticky":false,"template":"","format":"standard","meta":{"ngg_post_thumbnail":0},"categories":[5,6,37],"tags":[],"_links":{"self":[{"href":"https:\/\/old.atletikaolomouc.cz\/index.php?rest_route=\/wp\/v2\/posts\/31682"}],"collection":[{"href":"https:\/\/old.atletikaolomouc.cz\/index.php?rest_route=\/wp\/v2\/posts"}],"about":[{"href":"https:\/\/old.atletikaolomouc.cz\/index.php?rest_route=\/wp\/v2\/types\/post"}],"author":[{"embeddable":true,"href":"https:\/\/old.atletikaolomouc.cz\/index.php?rest_route=\/wp\/v2\/users\/10"}],"replies":[{"embeddable":true,"href":"https:\/\/old.atletikaolomouc.cz\/index.php?rest_route=%2Fwp%2Fv2%2Fcomments&post=31682"}],"version-history":[{"count":3,"href":"https:\/\/old.atletikaolomouc.cz\/index.php?rest_route=\/wp\/v2\/posts\/31682\/revisions"}],"predecessor-version":[{"id":31688,"href":"https:\/\/old.atletikaolomouc.cz\/index.php?rest_route=\/wp\/v2\/posts\/31682\/revisions\/31688"}],"wp:featuredmedia":[{"embeddable":true,"href":"https:\/\/old.atletikaolomouc.cz\/index.php?rest_route=\/wp\/v2\/media\/31686"}],"wp:attachment":[{"href":"https:\/\/old.atletikaolomouc.cz\/index.php?rest_route=%2Fwp%2Fv2%2Fmedia&parent=31682"}],"wp:term":[{"taxonomy":"category","embeddable":true,"href":"https:\/\/old.atletikaolomouc.cz\/index.php?rest_route=%2Fwp%2Fv2%2Fcategories&post=31682"},{"taxonomy":"post_tag","embeddable":true,"href":"https:\/\/old.atletikaolomouc.cz\/index.php?rest_route=%2Fwp%2Fv2%2Ftags&post=31682"}],"curies":[{"name":"wp","href":"https:\/\/api.w.org\/{rel}","templated":true}]}}