{"id":31712,"date":"2021-08-24T12:09:36","date_gmt":"2021-08-24T10:09:36","guid":{"rendered":"https:\/\/www.atletikaolomouc.cz\/?p=31712"},"modified":"2021-08-24T12:10:35","modified_gmt":"2021-08-24T10:10:35","slug":"zlinsky-mitink-21-8-2021","status":"publish","type":"post","link":"https:\/\/old.atletikaolomouc.cz\/?p=31712","title":{"rendered":"Zl\u00ednsk\u00fd m\u00edtink 21.8.2021"},"content":{"rendered":"<p style=\"text-align: justify;\">Ve Zl\u00edn\u011b prob\u011bhl prvn\u00ed ro\u010dn\u00edk paraatletick\u00e9ho m\u00edtinku<!--more--><\/p>\n<div id=\"attachment_31716\" style=\"width: 1442px\" class=\"wp-caption aligncenter\"><a href=\"https:\/\/www.atletikaolomouc.cz\/wp-content\/uploads\/2021\/08\/IMG-20210821-WA0015.jpg\"><img aria-describedby=\"caption-attachment-31716\" decoding=\"async\" loading=\"lazy\" class=\"wp-image-31716 size-full\" src=\"https:\/\/www.atletikaolomouc.cz\/wp-content\/uploads\/2021\/08\/IMG-20210821-WA0015.jpg\" alt=\"\" width=\"1432\" height=\"648\" srcset=\"https:\/\/old.atletikaolomouc.cz\/wp-content\/uploads\/2021\/08\/IMG-20210821-WA0015.jpg 1432w, https:\/\/old.atletikaolomouc.cz\/wp-content\/uploads\/2021\/08\/IMG-20210821-WA0015-300x136.jpg 300w, https:\/\/old.atletikaolomouc.cz\/wp-content\/uploads\/2021\/08\/IMG-20210821-WA0015-768x348.jpg 768w, https:\/\/old.atletikaolomouc.cz\/wp-content\/uploads\/2021\/08\/IMG-20210821-WA0015-800x362.jpg 800w\" sizes=\"(max-width: 1432px) 100vw, 1432px\" \/><\/a><p id=\"caption-attachment-31716\" class=\"wp-caption-text\">M\u00edtink Zl\u00edn 2021<\/p><\/div>\n<p style=\"text-align: justify;\">V sobotu 21.8.2021 se konal ve Zl\u00edn\u011b 1. ro\u010dn\u00edk paraatletick\u00e9ho m\u00edtinku.<br \/>\nFilip Varto\u0148 v hodu diskem st\u0159\u00edbro v\u00fdkonem 13,33.<br \/>\nMichal Rotter v hodu diskem bronz v\u00fdkonem 21,43, v hodu o\u0161t\u011bpem st\u0159\u00edbro v\u00fdkonem 20,19.<br \/>\nDu\u0161an \u0160\u010dambura v hodu diskem 4.m\u00edsto v\u00fdkonem 19,73, v hodu o\u0161t\u011bpem zlato v\u00fdkonem 21,95.<br \/>\nEva Kacanu ve vrhu koul\u00ed st\u0159\u00edbro v\u00fdkonem 5,2, zlato v hodu o\u0161t\u011bpem v\u00fdkonem 8, 95<br \/>\nAd\u00e9la Sekyrov\u00e1 bronz v hodu diskem v\u00fdkonem 2,84, zlato v hodu ku\u017eelkou v\u00fdkonem 10,19<br \/>\nEva Kvapilov\u00e1 st\u0159\u00edbro v hodu ku\u017eelkou v\u00fdkonem 2,88.<\/p>\n<p style=\"text-align: justify;\">V\u00fdsledky <a href=\"https:\/\/www.atletikaolomouc.cz\/wp-content\/uploads\/2021\/08\/M\u00edtink-Zl\u00edn-2021.pdf\">zde.<\/a><\/p>\n","protected":false},"excerpt":{"rendered":"<p>Ve Zl\u00edn\u011b prob\u011bhl prvn\u00ed ro\u010dn\u00edk paraatletick\u00e9ho m\u00edtinku<\/p>\n","protected":false},"author":17,"featured_media":0,"comment_status":"closed","ping_status":"closed","sticky":false,"template":"","format":"standard","meta":{"ngg_post_thumbnail":0},"categories":[48],"tags":[],"_links":{"self":[{"href":"https:\/\/old.atletikaolomouc.cz\/index.php?rest_route=\/wp\/v2\/posts\/31712"}],"collection":[{"href":"https:\/\/old.atletikaolomouc.cz\/index.php?rest_route=\/wp\/v2\/posts"}],"about":[{"href":"https:\/\/old.atletikaolomouc.cz\/index.php?rest_route=\/wp\/v2\/types\/post"}],"author":[{"embeddable":true,"href":"https:\/\/old.atletikaolomouc.cz\/index.php?rest_route=\/wp\/v2\/users\/17"}],"replies":[{"embeddable":true,"href":"https:\/\/old.atletikaolomouc.cz\/index.php?rest_route=%2Fwp%2Fv2%2Fcomments&post=31712"}],"version-history":[{"count":2,"href":"https:\/\/old.atletikaolomouc.cz\/index.php?rest_route=\/wp\/v2\/posts\/31712\/revisions"}],"predecessor-version":[{"id":31718,"href":"https:\/\/old.atletikaolomouc.cz\/index.php?rest_route=\/wp\/v2\/posts\/31712\/revisions\/31718"}],"wp:attachment":[{"href":"https:\/\/old.atletikaolomouc.cz\/index.php?rest_route=%2Fwp%2Fv2%2Fmedia&parent=31712"}],"wp:term":[{"taxonomy":"category","embeddable":true,"href":"https:\/\/old.atletikaolomouc.cz\/index.php?rest_route=%2Fwp%2Fv2%2Fcategories&post=31712"},{"taxonomy":"post_tag","embeddable":true,"href":"https:\/\/old.atletikaolomouc.cz\/index.php?rest_route=%2Fwp%2Fv2%2Ftags&post=31712"}],"curies":[{"name":"wp","href":"https:\/\/api.w.org\/{rel}","templated":true}]}}