{"id":32388,"date":"2021-09-10T13:52:35","date_gmt":"2021-09-10T11:52:35","guid":{"rendered":"https:\/\/www.atletikaolomouc.cz\/?p=32388"},"modified":"2021-09-10T13:52:35","modified_gmt":"2021-09-10T11:52:35","slug":"baraz-o-extraligu-foto","status":"publish","type":"post","link":"https:\/\/old.atletikaolomouc.cz\/?p=32388","title":{"rendered":"Bar\u00e1\u017e o extraligu &#8211; foto"},"content":{"rendered":"<p><a href=\"https:\/\/www.atletikaolomouc.cz\/wp-content\/uploads\/2021\/09\/DSC_8700_ikona.jpg\"><img decoding=\"async\" loading=\"lazy\" class=\"alignleft size-thumbnail wp-image-32461\" src=\"https:\/\/www.atletikaolomouc.cz\/wp-content\/uploads\/2021\/09\/DSC_8700_ikona-150x150.jpg\" alt=\"\" width=\"150\" height=\"150\" srcset=\"https:\/\/old.atletikaolomouc.cz\/wp-content\/uploads\/2021\/09\/DSC_8700_ikona-150x150.jpg 150w, https:\/\/old.atletikaolomouc.cz\/wp-content\/uploads\/2021\/09\/DSC_8700_ikona-300x300.jpg 300w, https:\/\/old.atletikaolomouc.cz\/wp-content\/uploads\/2021\/09\/DSC_8700_ikona-768x768.jpg 768w, https:\/\/old.atletikaolomouc.cz\/wp-content\/uploads\/2021\/09\/DSC_8700_ikona-600x600.jpg 600w, https:\/\/old.atletikaolomouc.cz\/wp-content\/uploads\/2021\/09\/DSC_8700_ikona-144x144.jpg 144w\" sizes=\"(max-width: 150px) 100vw, 150px\" \/><\/a>N\u011bkolik fotek z leto\u0161n\u00ed bar\u00e1\u017ee o extraligu dru\u017estev, kter\u00e1 se konala 4. z\u00e1\u0159\u00ed v Olomouci.<!--more--><\/p>\n<!-- default-view.php -->\n<div\n\tclass=\"ngg-galleryoverview default-view \"\n\tid=\"ngg-gallery-692f800f123865cea1e04a1eb49c5a28-1\">\n\n\t\t<!-- Thumbnails -->\n\t\t\t\t<div id=\"ngg-image-0\" class=\"ngg-gallery-thumbnail-box \" >\n\t\t\t\t        <div class=\"ngg-gallery-thumbnail\">\n            <a href=\"https:\/\/old.atletikaolomouc.cz\/wp-content\/gallery\/baraz-o-extraligu-2021\/DSC_86881.jpg\"\n               title=\"\"\n               data-src=\"https:\/\/old.atletikaolomouc.cz\/wp-content\/gallery\/baraz-o-extraligu-2021\/DSC_86881.jpg\"\n               data-thumbnail=\"https:\/\/old.atletikaolomouc.cz\/wp-content\/gallery\/baraz-o-extraligu-2021\/thumbs\/thumbs_DSC_86881.jpg\"\n               data-image-id=\"16448\"\n               data-title=\"DSC_86881\"\n               data-description=\"\"\n               data-image-slug=\"dsc_86881\"\n               class=\"ngg-simplelightbox\" rel=\"692f800f123865cea1e04a1eb49c5a28\">\n                <img\n                    title=\"DSC_86881\"\n                    alt=\"DSC_86881\"\n                    src=\"https:\/\/old.atletikaolomouc.cz\/wp-content\/gallery\/baraz-o-extraligu-2021\/thumbs\/thumbs_DSC_86881.jpg\"\n                    width=\"240\"\n                    height=\"160\"\n                    style=\"max-width:100%;\"\n                \/>\n            <\/a>\n        <\/div>\n\t\t\t\t\t\t\t<\/div> \n\t\t\t\n\t\t\t\t<div id=\"ngg-image-1\" class=\"ngg-gallery-thumbnail-box \" >\n\t\t\t\t        <div class=\"ngg-gallery-thumbnail\">\n            <a href=\"https:\/\/old.atletikaolomouc.cz\/wp-content\/gallery\/baraz-o-extraligu-2021\/DSC_86891.jpg\"\n               title=\"\"\n               data-src=\"https:\/\/old.atletikaolomouc.cz\/wp-content\/gallery\/baraz-o-extraligu-2021\/DSC_86891.jpg\"\n               data-thumbnail=\"https:\/\/old.atletikaolomouc.cz\/wp-content\/gallery\/baraz-o-extraligu-2021\/thumbs\/thumbs_DSC_86891.jpg\"\n               data-image-id=\"16449\"\n               data-title=\"DSC_86891\"\n               data-description=\"\"\n               data-image-slug=\"dsc_86891\"\n               class=\"ngg-simplelightbox\" rel=\"692f800f123865cea1e04a1eb49c5a28\">\n                <img\n                    title=\"DSC_86891\"\n                    alt=\"DSC_86891\"\n                    src=\"https:\/\/old.atletikaolomouc.cz\/wp-content\/gallery\/baraz-o-extraligu-2021\/thumbs\/thumbs_DSC_86891.jpg\"\n                    width=\"240\"\n                    height=\"160\"\n                    style=\"max-width:100%;\"\n                \/>\n            <\/a>\n        <\/div>\n\t\t\t\t\t\t\t<\/div> \n\t\t\t\n\t\t\t\t<div id=\"ngg-image-2\" class=\"ngg-gallery-thumbnail-box \" >\n\t\t\t\t        <div class=\"ngg-gallery-thumbnail\">\n            <a href=\"https:\/\/old.atletikaolomouc.cz\/wp-content\/gallery\/baraz-o-extraligu-2021\/DSC_86901.jpg\"\n               title=\"\"\n               data-src=\"https:\/\/old.atletikaolomouc.cz\/wp-content\/gallery\/baraz-o-extraligu-2021\/DSC_86901.jpg\"\n               data-thumbnail=\"https:\/\/old.atletikaolomouc.cz\/wp-content\/gallery\/baraz-o-extraligu-2021\/thumbs\/thumbs_DSC_86901.jpg\"\n               data-image-id=\"16450\"\n               data-title=\"DSC_86901\"\n               data-description=\"\"\n               data-image-slug=\"dsc_86901\"\n               class=\"ngg-simplelightbox\" rel=\"692f800f123865cea1e04a1eb49c5a28\">\n                <img\n                    title=\"DSC_86901\"\n                    alt=\"DSC_86901\"\n                    src=\"https:\/\/old.atletikaolomouc.cz\/wp-content\/gallery\/baraz-o-extraligu-2021\/thumbs\/thumbs_DSC_86901.jpg\"\n                    width=\"240\"\n                    height=\"160\"\n                    style=\"max-width:100%;\"\n                \/>\n            <\/a>\n        <\/div>\n\t\t\t\t\t\t\t<\/div> \n\t\t\t\n\t\t\t\t<div id=\"ngg-image-3\" class=\"ngg-gallery-thumbnail-box \" >\n\t\t\t\t        <div class=\"ngg-gallery-thumbnail\">\n            <a href=\"https:\/\/old.atletikaolomouc.cz\/wp-content\/gallery\/baraz-o-extraligu-2021\/DSC_86911.jpg\"\n               title=\"\"\n               data-src=\"https:\/\/old.atletikaolomouc.cz\/wp-content\/gallery\/baraz-o-extraligu-2021\/DSC_86911.jpg\"\n               data-thumbnail=\"https:\/\/old.atletikaolomouc.cz\/wp-content\/gallery\/baraz-o-extraligu-2021\/thumbs\/thumbs_DSC_86911.jpg\"\n               data-image-id=\"16451\"\n               data-title=\"DSC_86911\"\n               data-description=\"\"\n               data-image-slug=\"dsc_86911\"\n               class=\"ngg-simplelightbox\" rel=\"692f800f123865cea1e04a1eb49c5a28\">\n                <img\n                    title=\"DSC_86911\"\n                    alt=\"DSC_86911\"\n                    src=\"https:\/\/old.atletikaolomouc.cz\/wp-content\/gallery\/baraz-o-extraligu-2021\/thumbs\/thumbs_DSC_86911.jpg\"\n                    width=\"240\"\n                    height=\"160\"\n                    style=\"max-width:100%;\"\n                \/>\n            <\/a>\n        <\/div>\n\t\t\t\t\t\t\t<\/div> \n\t\t\t\n\t\t\t\t<div id=\"ngg-image-4\" class=\"ngg-gallery-thumbnail-box \" >\n\t\t\t\t        <div class=\"ngg-gallery-thumbnail\">\n            <a href=\"https:\/\/old.atletikaolomouc.cz\/wp-content\/gallery\/baraz-o-extraligu-2021\/DSC_86921.jpg\"\n               title=\"\"\n               data-src=\"https:\/\/old.atletikaolomouc.cz\/wp-content\/gallery\/baraz-o-extraligu-2021\/DSC_86921.jpg\"\n               data-thumbnail=\"https:\/\/old.atletikaolomouc.cz\/wp-content\/gallery\/baraz-o-extraligu-2021\/thumbs\/thumbs_DSC_86921.jpg\"\n               data-image-id=\"16452\"\n               data-title=\"DSC_86921\"\n               data-description=\"\"\n               data-image-slug=\"dsc_86921\"\n               class=\"ngg-simplelightbox\" rel=\"692f800f123865cea1e04a1eb49c5a28\">\n                <img\n                    title=\"DSC_86921\"\n                    alt=\"DSC_86921\"\n                    src=\"https:\/\/old.atletikaolomouc.cz\/wp-content\/gallery\/baraz-o-extraligu-2021\/thumbs\/thumbs_DSC_86921.jpg\"\n                    width=\"240\"\n                    height=\"160\"\n                    style=\"max-width:100%;\"\n                \/>\n            <\/a>\n        <\/div>\n\t\t\t\t\t\t\t<\/div> \n\t\t\t\n\t\t\t\t<div id=\"ngg-image-5\" class=\"ngg-gallery-thumbnail-box \" >\n\t\t\t\t        <div class=\"ngg-gallery-thumbnail\">\n            <a href=\"https:\/\/old.atletikaolomouc.cz\/wp-content\/gallery\/baraz-o-extraligu-2021\/DSC_86931.jpg\"\n               title=\"\"\n               data-src=\"https:\/\/old.atletikaolomouc.cz\/wp-content\/gallery\/baraz-o-extraligu-2021\/DSC_86931.jpg\"\n               data-thumbnail=\"https:\/\/old.atletikaolomouc.cz\/wp-content\/gallery\/baraz-o-extraligu-2021\/thumbs\/thumbs_DSC_86931.jpg\"\n               data-image-id=\"16453\"\n               data-title=\"DSC_86931\"\n               data-description=\"\"\n               data-image-slug=\"dsc_86931\"\n               class=\"ngg-simplelightbox\" rel=\"692f800f123865cea1e04a1eb49c5a28\">\n                <img\n                    title=\"DSC_86931\"\n                    alt=\"DSC_86931\"\n                    src=\"https:\/\/old.atletikaolomouc.cz\/wp-content\/gallery\/baraz-o-extraligu-2021\/thumbs\/thumbs_DSC_86931.jpg\"\n                    width=\"240\"\n                    height=\"160\"\n                    style=\"max-width:100%;\"\n                \/>\n            <\/a>\n        <\/div>\n\t\t\t\t\t\t\t<\/div> \n\t\t\t\n\t\t\t\t<div id=\"ngg-image-6\" class=\"ngg-gallery-thumbnail-box \" >\n\t\t\t\t        <div class=\"ngg-gallery-thumbnail\">\n            <a href=\"https:\/\/old.atletikaolomouc.cz\/wp-content\/gallery\/baraz-o-extraligu-2021\/DSC_86941.jpg\"\n               title=\"\"\n               data-src=\"https:\/\/old.atletikaolomouc.cz\/wp-content\/gallery\/baraz-o-extraligu-2021\/DSC_86941.jpg\"\n               data-thumbnail=\"https:\/\/old.atletikaolomouc.cz\/wp-content\/gallery\/baraz-o-extraligu-2021\/thumbs\/thumbs_DSC_86941.jpg\"\n               data-image-id=\"16454\"\n               data-title=\"DSC_86941\"\n               data-description=\"\"\n               data-image-slug=\"dsc_86941\"\n               class=\"ngg-simplelightbox\" rel=\"692f800f123865cea1e04a1eb49c5a28\">\n                <img\n                    title=\"DSC_86941\"\n                    alt=\"DSC_86941\"\n                    src=\"https:\/\/old.atletikaolomouc.cz\/wp-content\/gallery\/baraz-o-extraligu-2021\/thumbs\/thumbs_DSC_86941.jpg\"\n                    width=\"240\"\n                    height=\"160\"\n                    style=\"max-width:100%;\"\n                \/>\n            <\/a>\n        <\/div>\n\t\t\t\t\t\t\t<\/div> \n\t\t\t\n\t\t\t\t<div id=\"ngg-image-7\" class=\"ngg-gallery-thumbnail-box \" >\n\t\t\t\t        <div class=\"ngg-gallery-thumbnail\">\n            <a href=\"https:\/\/old.atletikaolomouc.cz\/wp-content\/gallery\/baraz-o-extraligu-2021\/DSC_86951.jpg\"\n               title=\"\"\n               data-src=\"https:\/\/old.atletikaolomouc.cz\/wp-content\/gallery\/baraz-o-extraligu-2021\/DSC_86951.jpg\"\n               data-thumbnail=\"https:\/\/old.atletikaolomouc.cz\/wp-content\/gallery\/baraz-o-extraligu-2021\/thumbs\/thumbs_DSC_86951.jpg\"\n               data-image-id=\"16455\"\n               data-title=\"DSC_86951\"\n               data-description=\"\"\n               data-image-slug=\"dsc_86951\"\n               class=\"ngg-simplelightbox\" rel=\"692f800f123865cea1e04a1eb49c5a28\">\n                <img\n                    title=\"DSC_86951\"\n                    alt=\"DSC_86951\"\n                    src=\"https:\/\/old.atletikaolomouc.cz\/wp-content\/gallery\/baraz-o-extraligu-2021\/thumbs\/thumbs_DSC_86951.jpg\"\n                    width=\"240\"\n                    height=\"160\"\n                    style=\"max-width:100%;\"\n                \/>\n            <\/a>\n        <\/div>\n\t\t\t\t\t\t\t<\/div> \n\t\t\t\n\t\t\t\t<div id=\"ngg-image-8\" class=\"ngg-gallery-thumbnail-box \" >\n\t\t\t\t        <div class=\"ngg-gallery-thumbnail\">\n            <a href=\"https:\/\/old.atletikaolomouc.cz\/wp-content\/gallery\/baraz-o-extraligu-2021\/DSC_86961.jpg\"\n               title=\"\"\n               data-src=\"https:\/\/old.atletikaolomouc.cz\/wp-content\/gallery\/baraz-o-extraligu-2021\/DSC_86961.jpg\"\n               data-thumbnail=\"https:\/\/old.atletikaolomouc.cz\/wp-content\/gallery\/baraz-o-extraligu-2021\/thumbs\/thumbs_DSC_86961.jpg\"\n               data-image-id=\"16456\"\n               data-title=\"DSC_86961\"\n               data-description=\"\"\n               data-image-slug=\"dsc_86961\"\n               class=\"ngg-simplelightbox\" rel=\"692f800f123865cea1e04a1eb49c5a28\">\n                <img\n                    title=\"DSC_86961\"\n                    alt=\"DSC_86961\"\n                    src=\"https:\/\/old.atletikaolomouc.cz\/wp-content\/gallery\/baraz-o-extraligu-2021\/thumbs\/thumbs_DSC_86961.jpg\"\n                    width=\"240\"\n                    height=\"160\"\n                    style=\"max-width:100%;\"\n                \/>\n            <\/a>\n        <\/div>\n\t\t\t\t\t\t\t<\/div> \n\t\t\t\n\t\t\t\t<div id=\"ngg-image-9\" class=\"ngg-gallery-thumbnail-box \" >\n\t\t\t\t        <div class=\"ngg-gallery-thumbnail\">\n            <a href=\"https:\/\/old.atletikaolomouc.cz\/wp-content\/gallery\/baraz-o-extraligu-2021\/DSC_86971.jpg\"\n               title=\"\"\n               data-src=\"https:\/\/old.atletikaolomouc.cz\/wp-content\/gallery\/baraz-o-extraligu-2021\/DSC_86971.jpg\"\n               data-thumbnail=\"https:\/\/old.atletikaolomouc.cz\/wp-content\/gallery\/baraz-o-extraligu-2021\/thumbs\/thumbs_DSC_86971.jpg\"\n               data-image-id=\"16457\"\n               data-title=\"DSC_86971\"\n               data-description=\"\"\n               data-image-slug=\"dsc_86971\"\n               class=\"ngg-simplelightbox\" rel=\"692f800f123865cea1e04a1eb49c5a28\">\n                <img\n                    title=\"DSC_86971\"\n                    alt=\"DSC_86971\"\n                    src=\"https:\/\/old.atletikaolomouc.cz\/wp-content\/gallery\/baraz-o-extraligu-2021\/thumbs\/thumbs_DSC_86971.jpg\"\n                    width=\"240\"\n                    height=\"160\"\n                    style=\"max-width:100%;\"\n                \/>\n            <\/a>\n        <\/div>\n\t\t\t\t\t\t\t<\/div> \n\t\t\t\n\t\t\t\t<div id=\"ngg-image-10\" class=\"ngg-gallery-thumbnail-box \" >\n\t\t\t\t        <div class=\"ngg-gallery-thumbnail\">\n            <a href=\"https:\/\/old.atletikaolomouc.cz\/wp-content\/gallery\/baraz-o-extraligu-2021\/DSC_86981.jpg\"\n               title=\"\"\n               data-src=\"https:\/\/old.atletikaolomouc.cz\/wp-content\/gallery\/baraz-o-extraligu-2021\/DSC_86981.jpg\"\n               data-thumbnail=\"https:\/\/old.atletikaolomouc.cz\/wp-content\/gallery\/baraz-o-extraligu-2021\/thumbs\/thumbs_DSC_86981.jpg\"\n               data-image-id=\"16458\"\n               data-title=\"DSC_86981\"\n               data-description=\"\"\n               data-image-slug=\"dsc_86981\"\n               class=\"ngg-simplelightbox\" rel=\"692f800f123865cea1e04a1eb49c5a28\">\n                <img\n                    title=\"DSC_86981\"\n                    alt=\"DSC_86981\"\n                    src=\"https:\/\/old.atletikaolomouc.cz\/wp-content\/gallery\/baraz-o-extraligu-2021\/thumbs\/thumbs_DSC_86981.jpg\"\n                    width=\"240\"\n                    height=\"160\"\n                    style=\"max-width:100%;\"\n                \/>\n            <\/a>\n        <\/div>\n\t\t\t\t\t\t\t<\/div> \n\t\t\t\n\t\t\t\t<div id=\"ngg-image-11\" class=\"ngg-gallery-thumbnail-box \" >\n\t\t\t\t        <div class=\"ngg-gallery-thumbnail\">\n            <a href=\"https:\/\/old.atletikaolomouc.cz\/wp-content\/gallery\/baraz-o-extraligu-2021\/DSC_86991.jpg\"\n               title=\"\"\n               data-src=\"https:\/\/old.atletikaolomouc.cz\/wp-content\/gallery\/baraz-o-extraligu-2021\/DSC_86991.jpg\"\n               data-thumbnail=\"https:\/\/old.atletikaolomouc.cz\/wp-content\/gallery\/baraz-o-extraligu-2021\/thumbs\/thumbs_DSC_86991.jpg\"\n               data-image-id=\"16459\"\n               data-title=\"DSC_86991\"\n               data-description=\"\"\n               data-image-slug=\"dsc_86991\"\n               class=\"ngg-simplelightbox\" rel=\"692f800f123865cea1e04a1eb49c5a28\">\n                <img\n                    title=\"DSC_86991\"\n                    alt=\"DSC_86991\"\n                    src=\"https:\/\/old.atletikaolomouc.cz\/wp-content\/gallery\/baraz-o-extraligu-2021\/thumbs\/thumbs_DSC_86991.jpg\"\n                    width=\"240\"\n                    height=\"160\"\n                    style=\"max-width:100%;\"\n                \/>\n            <\/a>\n        <\/div>\n\t\t\t\t\t\t\t<\/div> \n\t\t\t\n\t\t\t\t<div id=\"ngg-image-12\" class=\"ngg-gallery-thumbnail-box \" >\n\t\t\t\t        <div class=\"ngg-gallery-thumbnail\">\n            <a href=\"https:\/\/old.atletikaolomouc.cz\/wp-content\/gallery\/baraz-o-extraligu-2021\/DSC_87001.jpg\"\n               title=\"\"\n               data-src=\"https:\/\/old.atletikaolomouc.cz\/wp-content\/gallery\/baraz-o-extraligu-2021\/DSC_87001.jpg\"\n               data-thumbnail=\"https:\/\/old.atletikaolomouc.cz\/wp-content\/gallery\/baraz-o-extraligu-2021\/thumbs\/thumbs_DSC_87001.jpg\"\n               data-image-id=\"16460\"\n               data-title=\"DSC_87001\"\n               data-description=\"\"\n               data-image-slug=\"dsc_87001\"\n               class=\"ngg-simplelightbox\" rel=\"692f800f123865cea1e04a1eb49c5a28\">\n                <img\n                    title=\"DSC_87001\"\n                    alt=\"DSC_87001\"\n                    src=\"https:\/\/old.atletikaolomouc.cz\/wp-content\/gallery\/baraz-o-extraligu-2021\/thumbs\/thumbs_DSC_87001.jpg\"\n                    width=\"240\"\n                    height=\"160\"\n                    style=\"max-width:100%;\"\n                \/>\n            <\/a>\n        <\/div>\n\t\t\t\t\t\t\t<\/div> \n\t\t\t\n\t\t\t\t<div id=\"ngg-image-13\" class=\"ngg-gallery-thumbnail-box \" >\n\t\t\t\t        <div class=\"ngg-gallery-thumbnail\">\n            <a href=\"https:\/\/old.atletikaolomouc.cz\/wp-content\/gallery\/baraz-o-extraligu-2021\/DSC_87021.jpg\"\n               title=\"\"\n               data-src=\"https:\/\/old.atletikaolomouc.cz\/wp-content\/gallery\/baraz-o-extraligu-2021\/DSC_87021.jpg\"\n               data-thumbnail=\"https:\/\/old.atletikaolomouc.cz\/wp-content\/gallery\/baraz-o-extraligu-2021\/thumbs\/thumbs_DSC_87021.jpg\"\n               data-image-id=\"16461\"\n               data-title=\"DSC_87021\"\n               data-description=\"\"\n               data-image-slug=\"dsc_87021\"\n               class=\"ngg-simplelightbox\" rel=\"692f800f123865cea1e04a1eb49c5a28\">\n                <img\n                    title=\"DSC_87021\"\n                    alt=\"DSC_87021\"\n                    src=\"https:\/\/old.atletikaolomouc.cz\/wp-content\/gallery\/baraz-o-extraligu-2021\/thumbs\/thumbs_DSC_87021.jpg\"\n                    width=\"240\"\n                    height=\"160\"\n                    style=\"max-width:100%;\"\n                \/>\n            <\/a>\n        <\/div>\n\t\t\t\t\t\t\t<\/div> \n\t\t\t\n\t\t\t\t<div id=\"ngg-image-14\" class=\"ngg-gallery-thumbnail-box \" >\n\t\t\t\t        <div class=\"ngg-gallery-thumbnail\">\n            <a href=\"https:\/\/old.atletikaolomouc.cz\/wp-content\/gallery\/baraz-o-extraligu-2021\/DSC_87031.jpg\"\n               title=\"\"\n               data-src=\"https:\/\/old.atletikaolomouc.cz\/wp-content\/gallery\/baraz-o-extraligu-2021\/DSC_87031.jpg\"\n               data-thumbnail=\"https:\/\/old.atletikaolomouc.cz\/wp-content\/gallery\/baraz-o-extraligu-2021\/thumbs\/thumbs_DSC_87031.jpg\"\n               data-image-id=\"16462\"\n               data-title=\"DSC_87031\"\n               data-description=\"\"\n               data-image-slug=\"dsc_87031\"\n               class=\"ngg-simplelightbox\" rel=\"692f800f123865cea1e04a1eb49c5a28\">\n                <img\n                    title=\"DSC_87031\"\n                    alt=\"DSC_87031\"\n                    src=\"https:\/\/old.atletikaolomouc.cz\/wp-content\/gallery\/baraz-o-extraligu-2021\/thumbs\/thumbs_DSC_87031.jpg\"\n                    width=\"240\"\n                    height=\"160\"\n                    style=\"max-width:100%;\"\n                \/>\n            <\/a>\n        <\/div>\n\t\t\t\t\t\t\t<\/div> \n\t\t\t\n\t\t\t\t<div id=\"ngg-image-15\" class=\"ngg-gallery-thumbnail-box \" >\n\t\t\t\t        <div class=\"ngg-gallery-thumbnail\">\n            <a href=\"https:\/\/old.atletikaolomouc.cz\/wp-content\/gallery\/baraz-o-extraligu-2021\/DSC_87041.jpg\"\n               title=\"\"\n               data-src=\"https:\/\/old.atletikaolomouc.cz\/wp-content\/gallery\/baraz-o-extraligu-2021\/DSC_87041.jpg\"\n               data-thumbnail=\"https:\/\/old.atletikaolomouc.cz\/wp-content\/gallery\/baraz-o-extraligu-2021\/thumbs\/thumbs_DSC_87041.jpg\"\n               data-image-id=\"16463\"\n               data-title=\"DSC_87041\"\n               data-description=\"\"\n               data-image-slug=\"dsc_87041\"\n               class=\"ngg-simplelightbox\" rel=\"692f800f123865cea1e04a1eb49c5a28\">\n                <img\n                    title=\"DSC_87041\"\n                    alt=\"DSC_87041\"\n                    src=\"https:\/\/old.atletikaolomouc.cz\/wp-content\/gallery\/baraz-o-extraligu-2021\/thumbs\/thumbs_DSC_87041.jpg\"\n                    width=\"240\"\n                    height=\"160\"\n                    style=\"max-width:100%;\"\n                \/>\n            <\/a>\n        <\/div>\n\t\t\t\t\t\t\t<\/div> \n\t\t\t\n\t\t\t\t<div id=\"ngg-image-16\" class=\"ngg-gallery-thumbnail-box \" >\n\t\t\t\t        <div class=\"ngg-gallery-thumbnail\">\n            <a href=\"https:\/\/old.atletikaolomouc.cz\/wp-content\/gallery\/baraz-o-extraligu-2021\/DSC_87051.jpg\"\n               title=\"\"\n               data-src=\"https:\/\/old.atletikaolomouc.cz\/wp-content\/gallery\/baraz-o-extraligu-2021\/DSC_87051.jpg\"\n               data-thumbnail=\"https:\/\/old.atletikaolomouc.cz\/wp-content\/gallery\/baraz-o-extraligu-2021\/thumbs\/thumbs_DSC_87051.jpg\"\n               data-image-id=\"16464\"\n               data-title=\"DSC_87051\"\n               data-description=\"\"\n               data-image-slug=\"dsc_87051\"\n               class=\"ngg-simplelightbox\" rel=\"692f800f123865cea1e04a1eb49c5a28\">\n                <img\n                    title=\"DSC_87051\"\n                    alt=\"DSC_87051\"\n                    src=\"https:\/\/old.atletikaolomouc.cz\/wp-content\/gallery\/baraz-o-extraligu-2021\/thumbs\/thumbs_DSC_87051.jpg\"\n                    width=\"240\"\n                    height=\"160\"\n                    style=\"max-width:100%;\"\n                \/>\n            <\/a>\n        <\/div>\n\t\t\t\t\t\t\t<\/div> \n\t\t\t\n\t\t\t\t<div id=\"ngg-image-17\" class=\"ngg-gallery-thumbnail-box \" >\n\t\t\t\t        <div class=\"ngg-gallery-thumbnail\">\n            <a href=\"https:\/\/old.atletikaolomouc.cz\/wp-content\/gallery\/baraz-o-extraligu-2021\/DSC_87061.jpg\"\n               title=\"\"\n               data-src=\"https:\/\/old.atletikaolomouc.cz\/wp-content\/gallery\/baraz-o-extraligu-2021\/DSC_87061.jpg\"\n               data-thumbnail=\"https:\/\/old.atletikaolomouc.cz\/wp-content\/gallery\/baraz-o-extraligu-2021\/thumbs\/thumbs_DSC_87061.jpg\"\n               data-image-id=\"16465\"\n               data-title=\"DSC_87061\"\n               data-description=\"\"\n               data-image-slug=\"dsc_87061\"\n               class=\"ngg-simplelightbox\" rel=\"692f800f123865cea1e04a1eb49c5a28\">\n                <img\n                    title=\"DSC_87061\"\n                    alt=\"DSC_87061\"\n                    src=\"https:\/\/old.atletikaolomouc.cz\/wp-content\/gallery\/baraz-o-extraligu-2021\/thumbs\/thumbs_DSC_87061.jpg\"\n                    width=\"240\"\n                    height=\"160\"\n                    style=\"max-width:100%;\"\n                \/>\n            <\/a>\n        <\/div>\n\t\t\t\t\t\t\t<\/div> \n\t\t\t\n\t\t\t\t<div id=\"ngg-image-18\" class=\"ngg-gallery-thumbnail-box \" >\n\t\t\t\t        <div class=\"ngg-gallery-thumbnail\">\n            <a href=\"https:\/\/old.atletikaolomouc.cz\/wp-content\/gallery\/baraz-o-extraligu-2021\/DSC_87071.jpg\"\n               title=\"\"\n               data-src=\"https:\/\/old.atletikaolomouc.cz\/wp-content\/gallery\/baraz-o-extraligu-2021\/DSC_87071.jpg\"\n               data-thumbnail=\"https:\/\/old.atletikaolomouc.cz\/wp-content\/gallery\/baraz-o-extraligu-2021\/thumbs\/thumbs_DSC_87071.jpg\"\n               data-image-id=\"16466\"\n               data-title=\"DSC_87071\"\n               data-description=\"\"\n               data-image-slug=\"dsc_87071\"\n               class=\"ngg-simplelightbox\" rel=\"692f800f123865cea1e04a1eb49c5a28\">\n                <img\n                    title=\"DSC_87071\"\n                    alt=\"DSC_87071\"\n                    src=\"https:\/\/old.atletikaolomouc.cz\/wp-content\/gallery\/baraz-o-extraligu-2021\/thumbs\/thumbs_DSC_87071.jpg\"\n                    width=\"240\"\n                    height=\"160\"\n                    style=\"max-width:100%;\"\n                \/>\n            <\/a>\n        <\/div>\n\t\t\t\t\t\t\t<\/div> \n\t\t\t\n\t\t\t\t<div id=\"ngg-image-19\" class=\"ngg-gallery-thumbnail-box \" >\n\t\t\t\t        <div class=\"ngg-gallery-thumbnail\">\n            <a href=\"https:\/\/old.atletikaolomouc.cz\/wp-content\/gallery\/baraz-o-extraligu-2021\/DSC_87081.jpg\"\n               title=\"\"\n               data-src=\"https:\/\/old.atletikaolomouc.cz\/wp-content\/gallery\/baraz-o-extraligu-2021\/DSC_87081.jpg\"\n               data-thumbnail=\"https:\/\/old.atletikaolomouc.cz\/wp-content\/gallery\/baraz-o-extraligu-2021\/thumbs\/thumbs_DSC_87081.jpg\"\n               data-image-id=\"16467\"\n               data-title=\"DSC_87081\"\n               data-description=\"\"\n               data-image-slug=\"dsc_87081\"\n               class=\"ngg-simplelightbox\" rel=\"692f800f123865cea1e04a1eb49c5a28\">\n                <img\n                    title=\"DSC_87081\"\n                    alt=\"DSC_87081\"\n                    src=\"https:\/\/old.atletikaolomouc.cz\/wp-content\/gallery\/baraz-o-extraligu-2021\/thumbs\/thumbs_DSC_87081.jpg\"\n                    width=\"240\"\n                    height=\"160\"\n                    style=\"max-width:100%;\"\n                \/>\n            <\/a>\n        <\/div>\n\t\t\t\t\t\t\t<\/div> \n\t\t\t\n\t\t\t\t<div id=\"ngg-image-20\" class=\"ngg-gallery-thumbnail-box \" >\n\t\t\t\t        <div class=\"ngg-gallery-thumbnail\">\n            <a href=\"https:\/\/old.atletikaolomouc.cz\/wp-content\/gallery\/baraz-o-extraligu-2021\/DSC_87091.jpg\"\n               title=\"\"\n               data-src=\"https:\/\/old.atletikaolomouc.cz\/wp-content\/gallery\/baraz-o-extraligu-2021\/DSC_87091.jpg\"\n               data-thumbnail=\"https:\/\/old.atletikaolomouc.cz\/wp-content\/gallery\/baraz-o-extraligu-2021\/thumbs\/thumbs_DSC_87091.jpg\"\n               data-image-id=\"16468\"\n               data-title=\"DSC_87091\"\n               data-description=\"\"\n               data-image-slug=\"dsc_87091\"\n               class=\"ngg-simplelightbox\" rel=\"692f800f123865cea1e04a1eb49c5a28\">\n                <img\n                    title=\"DSC_87091\"\n                    alt=\"DSC_87091\"\n                    src=\"https:\/\/old.atletikaolomouc.cz\/wp-content\/gallery\/baraz-o-extraligu-2021\/thumbs\/thumbs_DSC_87091.jpg\"\n                    width=\"240\"\n                    height=\"160\"\n                    style=\"max-width:100%;\"\n                \/>\n            <\/a>\n        <\/div>\n\t\t\t\t\t\t\t<\/div> \n\t\t\t\n\t\t\t\t<div id=\"ngg-image-21\" class=\"ngg-gallery-thumbnail-box \" >\n\t\t\t\t        <div class=\"ngg-gallery-thumbnail\">\n            <a href=\"https:\/\/old.atletikaolomouc.cz\/wp-content\/gallery\/baraz-o-extraligu-2021\/DSC_87101.jpg\"\n               title=\"\"\n               data-src=\"https:\/\/old.atletikaolomouc.cz\/wp-content\/gallery\/baraz-o-extraligu-2021\/DSC_87101.jpg\"\n               data-thumbnail=\"https:\/\/old.atletikaolomouc.cz\/wp-content\/gallery\/baraz-o-extraligu-2021\/thumbs\/thumbs_DSC_87101.jpg\"\n               data-image-id=\"16469\"\n               data-title=\"DSC_87101\"\n               data-description=\"\"\n               data-image-slug=\"dsc_87101\"\n               class=\"ngg-simplelightbox\" rel=\"692f800f123865cea1e04a1eb49c5a28\">\n                <img\n                    title=\"DSC_87101\"\n                    alt=\"DSC_87101\"\n                    src=\"https:\/\/old.atletikaolomouc.cz\/wp-content\/gallery\/baraz-o-extraligu-2021\/thumbs\/thumbs_DSC_87101.jpg\"\n                    width=\"240\"\n                    height=\"160\"\n                    style=\"max-width:100%;\"\n                \/>\n            <\/a>\n        <\/div>\n\t\t\t\t\t\t\t<\/div> \n\t\t\t\n\t\t\t\t<div id=\"ngg-image-22\" class=\"ngg-gallery-thumbnail-box \" >\n\t\t\t\t        <div class=\"ngg-gallery-thumbnail\">\n            <a href=\"https:\/\/old.atletikaolomouc.cz\/wp-content\/gallery\/baraz-o-extraligu-2021\/DSC_87111.jpg\"\n               title=\"\"\n               data-src=\"https:\/\/old.atletikaolomouc.cz\/wp-content\/gallery\/baraz-o-extraligu-2021\/DSC_87111.jpg\"\n               data-thumbnail=\"https:\/\/old.atletikaolomouc.cz\/wp-content\/gallery\/baraz-o-extraligu-2021\/thumbs\/thumbs_DSC_87111.jpg\"\n               data-image-id=\"16470\"\n               data-title=\"DSC_87111\"\n               data-description=\"\"\n               data-image-slug=\"dsc_87111\"\n               class=\"ngg-simplelightbox\" rel=\"692f800f123865cea1e04a1eb49c5a28\">\n                <img\n                    title=\"DSC_87111\"\n                    alt=\"DSC_87111\"\n                    src=\"https:\/\/old.atletikaolomouc.cz\/wp-content\/gallery\/baraz-o-extraligu-2021\/thumbs\/thumbs_DSC_87111.jpg\"\n                    width=\"240\"\n                    height=\"160\"\n                    style=\"max-width:100%;\"\n                \/>\n            <\/a>\n        <\/div>\n\t\t\t\t\t\t\t<\/div> \n\t\t\t\n\t\t\t\t<div id=\"ngg-image-23\" class=\"ngg-gallery-thumbnail-box \" >\n\t\t\t\t        <div class=\"ngg-gallery-thumbnail\">\n            <a href=\"https:\/\/old.atletikaolomouc.cz\/wp-content\/gallery\/baraz-o-extraligu-2021\/DSC_87121.jpg\"\n               title=\"\"\n               data-src=\"https:\/\/old.atletikaolomouc.cz\/wp-content\/gallery\/baraz-o-extraligu-2021\/DSC_87121.jpg\"\n               data-thumbnail=\"https:\/\/old.atletikaolomouc.cz\/wp-content\/gallery\/baraz-o-extraligu-2021\/thumbs\/thumbs_DSC_87121.jpg\"\n               data-image-id=\"16471\"\n               data-title=\"DSC_87121\"\n               data-description=\"\"\n               data-image-slug=\"dsc_87121\"\n               class=\"ngg-simplelightbox\" rel=\"692f800f123865cea1e04a1eb49c5a28\">\n                <img\n                    title=\"DSC_87121\"\n                    alt=\"DSC_87121\"\n                    src=\"https:\/\/old.atletikaolomouc.cz\/wp-content\/gallery\/baraz-o-extraligu-2021\/thumbs\/thumbs_DSC_87121.jpg\"\n                    width=\"240\"\n                    height=\"160\"\n                    style=\"max-width:100%;\"\n                \/>\n            <\/a>\n        <\/div>\n\t\t\t\t\t\t\t<\/div> \n\t\t\t\n\t\n\t<br style=\"clear: both\" \/>\n\n\t\n\t\t<!-- Pagination -->\n\t<div class='ngg-navigation'><span class='current'>1<\/span>\n<a class='page-numbers' data-pageid='2' href='https:\/\/old.atletikaolomouc.cz\/index.php\/nggallery\/page\/2?p=32388'>2<\/a>\n<span class='ellipsis'>...<\/span>\n<a class='page-numbers' data-pageid='6' href='https:\/\/old.atletikaolomouc.cz\/index.php\/nggallery\/page\/6?p=32388'>6<\/a>\n<a class='prev' href='https:\/\/old.atletikaolomouc.cz\/index.php\/nggallery\/page\/2?p=32388' data-pageid=2>&#9658;<\/a><\/div>\t<\/div>\n\n","protected":false},"excerpt":{"rendered":"<p>N\u011bkolik fotek z leto\u0161n\u00ed bar\u00e1\u017ee o extraligu dru\u017estev, kter\u00e1 se konala 4. z\u00e1\u0159\u00ed v Olomouci.<\/p>\n","protected":false},"author":14,"featured_media":0,"comment_status":"closed","ping_status":"closed","sticky":false,"template":"","format":"standard","meta":{"ngg_post_thumbnail":0},"categories":[6,65],"tags":[],"_links":{"self":[{"href":"https:\/\/old.atletikaolomouc.cz\/index.php?rest_route=\/wp\/v2\/posts\/32388"}],"collection":[{"href":"https:\/\/old.atletikaolomouc.cz\/index.php?rest_route=\/wp\/v2\/posts"}],"about":[{"href":"https:\/\/old.atletikaolomouc.cz\/index.php?rest_route=\/wp\/v2\/types\/post"}],"author":[{"embeddable":true,"href":"https:\/\/old.atletikaolomouc.cz\/index.php?rest_route=\/wp\/v2\/users\/14"}],"replies":[{"embeddable":true,"href":"https:\/\/old.atletikaolomouc.cz\/index.php?rest_route=%2Fwp%2Fv2%2Fcomments&post=32388"}],"version-history":[{"count":1,"href":"https:\/\/old.atletikaolomouc.cz\/index.php?rest_route=\/wp\/v2\/posts\/32388\/revisions"}],"predecessor-version":[{"id":32475,"href":"https:\/\/old.atletikaolomouc.cz\/index.php?rest_route=\/wp\/v2\/posts\/32388\/revisions\/32475"}],"wp:attachment":[{"href":"https:\/\/old.atletikaolomouc.cz\/index.php?rest_route=%2Fwp%2Fv2%2Fmedia&parent=32388"}],"wp:term":[{"taxonomy":"category","embeddable":true,"href":"https:\/\/old.atletikaolomouc.cz\/index.php?rest_route=%2Fwp%2Fv2%2Fcategories&post=32388"},{"taxonomy":"post_tag","embeddable":true,"href":"https:\/\/old.atletikaolomouc.cz\/index.php?rest_route=%2Fwp%2Fv2%2Ftags&post=32388"}],"curies":[{"name":"wp","href":"https:\/\/api.w.org\/{rel}","templated":true}]}}