{"id":32502,"date":"2021-09-21T13:28:33","date_gmt":"2021-09-21T11:28:33","guid":{"rendered":"https:\/\/www.atletikaolomouc.cz\/?p=32502"},"modified":"2021-09-21T13:28:33","modified_gmt":"2021-09-21T11:28:33","slug":"pardubice-bez-barier-open-2021","status":"publish","type":"post","link":"https:\/\/old.atletikaolomouc.cz\/?p=32502","title":{"rendered":"Pardubice bez bari\u00e9r open 2021"},"content":{"rendered":"<p style=\"text-align: justify;\">V ned\u011bli 19.9. se v Pardubic\u00edch konal 7. ro\u010dn\u00edk atletick\u00e9ho m\u00edtinku Pardubice bez bari\u00e9r Open 2021<!--more--><\/p>\n<p style=\"text-align: justify;\">Za chladn\u00e9ho a zamra\u010den\u00e9ho po\u010das\u00ed se z\u00e1vodn\u00edci postavili na atletick\u00fd ov\u00e1l k sout\u011b\u017e\u00edm v siln\u00e9 sestav\u011b.<br \/>\nV \u017een\u00e1ch zastupovala klub Lenka Hornov\u00e1 hned ve t\u0159ech discipl\u00edn\u00e1ch, hod diskem (25,39), o\u0161t\u011bpem (27,38) a vrh koul\u00ed (9,50).<\/p>\n<p style=\"text-align: justify;\">Mu\u017esk\u00e1 sestava byla siln\u011bj\u0161\u00ed. V b\u011bz\u00edch bojovali ve sprintu na 100m nov\u00e1\u010dek v na\u0161em klubu Jarda Str\u00e1nsk\u00fd (15,74) a Jan Mo\u0161t\u011bk (13,87). Honza b\u011b\u017eel 200m (28,02), kde\u017eto Jarda si ve vrhu koul\u00ed vylep\u0161il osob\u00e1k na 7,52, gratulace!<br \/>\nFilip Varto\u0148 h\u00e1zel diskem (13,02), Michal Rotter h\u00e1zel diskem (20,61) a o\u0161t\u011bpem (18,95).<\/p>\n<p>Gratulace v\u0161em!<\/p>\n<div id=\"attachment_32509\" style=\"width: 360px\" class=\"wp-caption aligncenter\"><a href=\"https:\/\/www.atletikaolomouc.cz\/wp-content\/uploads\/2021\/09\/IMG_20210919_141501.jpg\"><img aria-describedby=\"caption-attachment-32509\" decoding=\"async\" loading=\"lazy\" class=\"wp-image-32509\" src=\"https:\/\/www.atletikaolomouc.cz\/wp-content\/uploads\/2021\/09\/IMG_20210919_141501.jpg\" alt=\"\" width=\"350\" height=\"262\" srcset=\"https:\/\/old.atletikaolomouc.cz\/wp-content\/uploads\/2021\/09\/IMG_20210919_141501.jpg 4032w, https:\/\/old.atletikaolomouc.cz\/wp-content\/uploads\/2021\/09\/IMG_20210919_141501-300x224.jpg 300w, https:\/\/old.atletikaolomouc.cz\/wp-content\/uploads\/2021\/09\/IMG_20210919_141501-768x574.jpg 768w, https:\/\/old.atletikaolomouc.cz\/wp-content\/uploads\/2021\/09\/IMG_20210919_141501-800x598.jpg 800w\" sizes=\"(max-width: 350px) 100vw, 350px\" \/><\/a><p id=\"caption-attachment-32509\" class=\"wp-caption-text\">Hana Rotterova, Lenka Hornov\u00e1, Jaroslav Str\u00e1nsk\u00fd, Vendul \u0160ebe\u010dkov\u00e1, Jan Mo\u0161t\u011bk, Filip Varto\u0148, Michal Rotter<\/p><\/div>\n","protected":false},"excerpt":{"rendered":"<p>V ned\u011bli 19.9. se v Pardubic\u00edch konal 7. ro\u010dn\u00edk atletick\u00e9ho m\u00edtinku Pardubice bez bari\u00e9r Open 2021<\/p>\n","protected":false},"author":17,"featured_media":0,"comment_status":"closed","ping_status":"closed","sticky":false,"template":"","format":"standard","meta":{"ngg_post_thumbnail":0},"categories":[5,48],"tags":[],"_links":{"self":[{"href":"https:\/\/old.atletikaolomouc.cz\/index.php?rest_route=\/wp\/v2\/posts\/32502"}],"collection":[{"href":"https:\/\/old.atletikaolomouc.cz\/index.php?rest_route=\/wp\/v2\/posts"}],"about":[{"href":"https:\/\/old.atletikaolomouc.cz\/index.php?rest_route=\/wp\/v2\/types\/post"}],"author":[{"embeddable":true,"href":"https:\/\/old.atletikaolomouc.cz\/index.php?rest_route=\/wp\/v2\/users\/17"}],"replies":[{"embeddable":true,"href":"https:\/\/old.atletikaolomouc.cz\/index.php?rest_route=%2Fwp%2Fv2%2Fcomments&post=32502"}],"version-history":[{"count":3,"href":"https:\/\/old.atletikaolomouc.cz\/index.php?rest_route=\/wp\/v2\/posts\/32502\/revisions"}],"predecessor-version":[{"id":32511,"href":"https:\/\/old.atletikaolomouc.cz\/index.php?rest_route=\/wp\/v2\/posts\/32502\/revisions\/32511"}],"wp:attachment":[{"href":"https:\/\/old.atletikaolomouc.cz\/index.php?rest_route=%2Fwp%2Fv2%2Fmedia&parent=32502"}],"wp:term":[{"taxonomy":"category","embeddable":true,"href":"https:\/\/old.atletikaolomouc.cz\/index.php?rest_route=%2Fwp%2Fv2%2Fcategories&post=32502"},{"taxonomy":"post_tag","embeddable":true,"href":"https:\/\/old.atletikaolomouc.cz\/index.php?rest_route=%2Fwp%2Fv2%2Ftags&post=32502"}],"curies":[{"name":"wp","href":"https:\/\/api.w.org\/{rel}","templated":true}]}}