{"id":32518,"date":"2021-09-30T17:40:39","date_gmt":"2021-09-30T15:40:39","guid":{"rendered":"https:\/\/www.atletikaolomouc.cz\/?p=32518"},"modified":"2021-09-30T17:43:34","modified_gmt":"2021-09-30T15:43:34","slug":"iii-kolo-ceskeho-poharu-olomouc","status":"publish","type":"post","link":"https:\/\/old.atletikaolomouc.cz\/?p=32518","title":{"rendered":"III. kolo \u010cesk\u00e9ho poh\u00e1ru Olomouc"},"content":{"rendered":"<p style=\"text-align: justify;\">Ned\u011ble 26.9.2021 hostila Olomouc III. kolo \u010cesk\u00e9ho poh\u00e1ru v atletice voz\u00ed\u010dk\u00e1\u0159\u016f<!--more--><\/p>\n<p style=\"text-align: justify;\">Za slunn\u00e9 ned\u011ble z\u00e1vodili jak atleti dosp\u011bl\u00ed, tak nejmlad\u0161\u00ed na juniorsk\u00e9m poh\u00e1rku.<br \/>\nDosp\u011bl\u00ed atleti na\u0161eho klubu z\u00e1vodili ve slo\u017een\u00ed Du\u0161an \u0160\u010dambura, Michal Rotter, Ad\u00e9la Sekyrov\u00e1, Eva Kvapilov\u00e1 a Eva Kacanu.<br \/>\nV\u00fdsledky k nahl\u00e9dnut\u00ed <a href=\"https:\/\/www.atletikaolomouc.cz\/wp-content\/uploads\/2021\/09\/v\u00fdsledky_\u010dp_Olomouc_26.9.21.pdf\">zde<\/a>.<\/p>\n<div id=\"attachment_32533\" style=\"width: 315px\" class=\"wp-caption aligncenter\"><a href=\"https:\/\/www.atletikaolomouc.cz\/wp-content\/uploads\/2021\/09\/4DR08669.jpg\"><img aria-describedby=\"caption-attachment-32533\" decoding=\"async\" loading=\"lazy\" class=\"wp-image-32533\" src=\"https:\/\/www.atletikaolomouc.cz\/wp-content\/uploads\/2021\/09\/4DR08669.jpg\" alt=\"\" width=\"305\" height=\"216\" srcset=\"https:\/\/old.atletikaolomouc.cz\/wp-content\/uploads\/2021\/09\/4DR08669.jpg 3175w, https:\/\/old.atletikaolomouc.cz\/wp-content\/uploads\/2021\/09\/4DR08669-300x212.jpg 300w, https:\/\/old.atletikaolomouc.cz\/wp-content\/uploads\/2021\/09\/4DR08669-768x543.jpg 768w, https:\/\/old.atletikaolomouc.cz\/wp-content\/uploads\/2021\/09\/4DR08669-800x566.jpg 800w\" sizes=\"(max-width: 305px) 100vw, 305px\" \/><\/a><p id=\"caption-attachment-32533\" class=\"wp-caption-text\">Eva Kvapilov\u00e1 (vlevo), Ad\u00e9la Sekyrov\u00e1 (vpravo)<\/p><\/div>\n<p style=\"text-align: justify;\">D\u011bti se z\u00fa\u010dastnily v n\u00e1sleduj\u00edc\u00ed sestav\u011b: Stratilov\u00e1 Karol\u00edna, Dur\u010d\u00e1kov\u00e1 Ad\u00e9la, Sikorov\u00e1 Nikola, Mikul\u00e1\u0161 Rak, P\u0159ichystal Marin a Lakom\u00fd Ond\u0159ej. V\u0161ichni sout\u011b\u017eili ve dvou discipl\u00edn\u00e1ch. V hodu 150g m\u00ed\u010dkem a hodu raketkou.<br \/>\nV\u00fdsledky poh\u00e1rku k nahl\u00e9dnut\u00ed <a href=\"https:\/\/www.atletikaolomouc.cz\/wp-content\/uploads\/2021\/09\/v\u00fdsledky_\u010dpoh\u00e1rek_Olomouc26.9.21.pdf\">zde<\/a>.<\/p>\n<p style=\"text-align: justify;\">&nbsp;<\/p>\n","protected":false},"excerpt":{"rendered":"<p>Ned\u011ble 26.9.2021 hostila Olomouc III. kolo \u010cesk\u00e9ho poh\u00e1ru v atletice voz\u00ed\u010dk\u00e1\u0159\u016f<\/p>\n","protected":false},"author":17,"featured_media":0,"comment_status":"closed","ping_status":"closed","sticky":false,"template":"","format":"standard","meta":{"ngg_post_thumbnail":0},"categories":[5,48,6],"tags":[],"_links":{"self":[{"href":"https:\/\/old.atletikaolomouc.cz\/index.php?rest_route=\/wp\/v2\/posts\/32518"}],"collection":[{"href":"https:\/\/old.atletikaolomouc.cz\/index.php?rest_route=\/wp\/v2\/posts"}],"about":[{"href":"https:\/\/old.atletikaolomouc.cz\/index.php?rest_route=\/wp\/v2\/types\/post"}],"author":[{"embeddable":true,"href":"https:\/\/old.atletikaolomouc.cz\/index.php?rest_route=\/wp\/v2\/users\/17"}],"replies":[{"embeddable":true,"href":"https:\/\/old.atletikaolomouc.cz\/index.php?rest_route=%2Fwp%2Fv2%2Fcomments&post=32518"}],"version-history":[{"count":2,"href":"https:\/\/old.atletikaolomouc.cz\/index.php?rest_route=\/wp\/v2\/posts\/32518\/revisions"}],"predecessor-version":[{"id":32535,"href":"https:\/\/old.atletikaolomouc.cz\/index.php?rest_route=\/wp\/v2\/posts\/32518\/revisions\/32535"}],"wp:attachment":[{"href":"https:\/\/old.atletikaolomouc.cz\/index.php?rest_route=%2Fwp%2Fv2%2Fmedia&parent=32518"}],"wp:term":[{"taxonomy":"category","embeddable":true,"href":"https:\/\/old.atletikaolomouc.cz\/index.php?rest_route=%2Fwp%2Fv2%2Fcategories&post=32518"},{"taxonomy":"post_tag","embeddable":true,"href":"https:\/\/old.atletikaolomouc.cz\/index.php?rest_route=%2Fwp%2Fv2%2Ftags&post=32518"}],"curies":[{"name":"wp","href":"https:\/\/api.w.org\/{rel}","templated":true}]}}