{"id":32600,"date":"2021-10-18T10:59:12","date_gmt":"2021-10-18T08:59:12","guid":{"rendered":"https:\/\/www.atletikaolomouc.cz\/?p=32600"},"modified":"2021-10-18T10:59:12","modified_gmt":"2021-10-18T08:59:12","slug":"v-kolo-ceskeho-poharu-olomouc","status":"publish","type":"post","link":"https:\/\/old.atletikaolomouc.cz\/?p=32600","title":{"rendered":"V. kolo \u010cesk\u00e9ho poh\u00e1ru &#8211; Olomouc"},"content":{"rendered":"<p style=\"text-align: justify;\">Posledn\u00ed kolo \u010cesk\u00e9ho poh\u00e1ru \u010cesk\u00e9 asociace t\u011blesn\u011b handicapovan\u00fdch v paraatletice.<!--more--><\/p>\n<p style=\"text-align: justify;\">V sobotu 9.10. hostila Olomouc V.kolo \u010cesk\u00e9ho poh\u00e1ru v atletice voz\u00ed\u010dk\u00e1\u0159\u016f. Za slunn\u00e9ho, ale v\u011btrn\u00e9ho po\u010das\u00ed se letos naposled v Olomouci sjeli atleti z cel\u00e9 \u010cR.<\/p>\n<p style=\"text-align: justify;\">30 z\u00e1vodn\u00edk\u016f p\u0159ijelo na z\u00e1vody naposled v tomto roce. Jsme velice r\u00e1di, \u017ee n\u00e1s nav\u0161t\u00edvil tak\u00e9 Slov\u00e1k Marian Ku\u0159eja, bronzov\u00fd medailista z paralympi\u00e1dy v Tokiu.<br \/>\nDu\u0161an \u0160\u010dambura p\u0159edvedl v disku skv\u011bl\u00fd v\u00fdkon 23,66, v hodu o\u0161t\u011bpem pak 21,60, Michal Rotter o kousek m\u00e9n\u011b ne\u017e Du\u0161an v disku 20,96, v o\u0161t\u011bpu 20,04.<img decoding=\"async\" loading=\"lazy\" class=\"wp-image-32605 alignleft\" src=\"https:\/\/www.atletikaolomouc.cz\/wp-content\/uploads\/2021\/10\/mu\u017ei.jpg\" alt=\"\" width=\"259\" height=\"183\" srcset=\"https:\/\/old.atletikaolomouc.cz\/wp-content\/uploads\/2021\/10\/mu\u017ei.jpg 4864w, https:\/\/old.atletikaolomouc.cz\/wp-content\/uploads\/2021\/10\/mu\u017ei-300x212.jpg 300w, https:\/\/old.atletikaolomouc.cz\/wp-content\/uploads\/2021\/10\/mu\u017ei-768x543.jpg 768w, https:\/\/old.atletikaolomouc.cz\/wp-content\/uploads\/2021\/10\/mu\u017ei-800x565.jpg 800w\" sizes=\"(max-width: 259px) 100vw, 259px\" \/><img decoding=\"async\" loading=\"lazy\" class=\"wp-image-32604 alignright\" src=\"https:\/\/www.atletikaolomouc.cz\/wp-content\/uploads\/2021\/10\/\u017eeny.jpg\" alt=\"\" width=\"261\" height=\"184\" srcset=\"https:\/\/old.atletikaolomouc.cz\/wp-content\/uploads\/2021\/10\/\u017eeny.jpg 4467w, https:\/\/old.atletikaolomouc.cz\/wp-content\/uploads\/2021\/10\/\u017eeny-300x212.jpg 300w, https:\/\/old.atletikaolomouc.cz\/wp-content\/uploads\/2021\/10\/\u017eeny-768x543.jpg 768w, https:\/\/old.atletikaolomouc.cz\/wp-content\/uploads\/2021\/10\/\u017eeny-800x566.jpg 800w\" sizes=\"(max-width: 261px) 100vw, 261px\" \/><\/p>\n<p>&nbsp;<\/p>\n<p>&nbsp;<\/p>\n<p>&nbsp;<\/p>\n<p>&nbsp;<\/p>\n<p style=\"text-align: justify;\">\nEva Kacanu ve vrhu koul\u00ed 5,25, v hodu o\u0161t\u011bpem rovn\u00fdch dev\u011bt metr\u016f. Skv\u011bl\u00fd v\u00fdkon podala Eva Kvapilov\u00e1, kter\u00e1 v hodu ku\u017eelkou p\u0159ekonala t\u0159i metry (3,11), Ad\u00e9la Sekyrov\u00e1 v ku\u017eelce 7,34 a v hodu diskem 3,15.<br \/>\n<a href=\"https:\/\/www.atletikaolomouc.cz\/wp-content\/uploads\/2021\/10\/cp21ol4.pdf\">V\u00fdsledky V. kola.<\/a><\/p>\n<p style=\"text-align: justify;\">&nbsp;<\/p>\n<p>D\u011btsk\u00e9ho poh\u00e1rku se z\u00fa\u010dastnili na\u0161i ho\u0161i ve slo\u017een\u00ed (Chur\u00fd, P\u0159ichystal, Ut\u00edkal, Rak), d\u00edvky (Stratilov\u00e1, Dur\u010d\u00e1kov\u00e1, Sikorov\u00e1).<br \/>\n<a href=\"https:\/\/www.atletikaolomouc.cz\/wp-content\/uploads\/2021\/10\/cp21ol5.pdf\">V\u00fdsledky d\u011btsk\u00e9ho poh\u00e1rku.<\/a><\/p>\n<p>Celkov\u00e9 po\u0159ad\u00ed \u010cesk\u00e9ho poh\u00e1ru na\u0161ich atlet\u016f bylo n\u00e1sleduj\u00edc\u00ed:<br \/>\n\u0160\u010dambura 4.m\u00edsto<br \/>\nRotter 6.m\u00edsto<br \/>\nKunc 23.m\u00edsto<br \/>\nKacanu 2.m\u00edsto<br \/>\nKvapilov\u00e1 8.m\u00edsto<br \/>\nSekyrov\u00e1 10.m\u00edsto<br \/>\n<a href=\"https:\/\/www.atletikaolomouc.cz\/wp-content\/uploads\/2021\/10\/cp21all.pdf\">Celkov\u00e9 v\u00fdsledky \u010cesk\u00e9ho poh\u00e1ru 2021.<\/a><\/p>\n<p>V\u0161em z\u00e1vodn\u00edk\u016fm a z\u00e1vodnic\u00edm k jejich v\u00fdkon\u016fm gratulujeme.&nbsp; P\u0159ejeme hodn\u011b \u0161t\u011bst\u00ed do dal\u0161\u00ed sez\u00f3ny.<\/p>\n","protected":false},"excerpt":{"rendered":"<p>Posledn\u00ed kolo \u010cesk\u00e9ho poh\u00e1ru \u010cesk\u00e9 asociace t\u011blesn\u011b handicapovan\u00fdch v paraatletice.<\/p>\n","protected":false},"author":17,"featured_media":0,"comment_status":"closed","ping_status":"closed","sticky":false,"template":"","format":"standard","meta":{"ngg_post_thumbnail":0},"categories":[48,6],"tags":[],"_links":{"self":[{"href":"https:\/\/old.atletikaolomouc.cz\/index.php?rest_route=\/wp\/v2\/posts\/32600"}],"collection":[{"href":"https:\/\/old.atletikaolomouc.cz\/index.php?rest_route=\/wp\/v2\/posts"}],"about":[{"href":"https:\/\/old.atletikaolomouc.cz\/index.php?rest_route=\/wp\/v2\/types\/post"}],"author":[{"embeddable":true,"href":"https:\/\/old.atletikaolomouc.cz\/index.php?rest_route=\/wp\/v2\/users\/17"}],"replies":[{"embeddable":true,"href":"https:\/\/old.atletikaolomouc.cz\/index.php?rest_route=%2Fwp%2Fv2%2Fcomments&post=32600"}],"version-history":[{"count":2,"href":"https:\/\/old.atletikaolomouc.cz\/index.php?rest_route=\/wp\/v2\/posts\/32600\/revisions"}],"predecessor-version":[{"id":32611,"href":"https:\/\/old.atletikaolomouc.cz\/index.php?rest_route=\/wp\/v2\/posts\/32600\/revisions\/32611"}],"wp:attachment":[{"href":"https:\/\/old.atletikaolomouc.cz\/index.php?rest_route=%2Fwp%2Fv2%2Fmedia&parent=32600"}],"wp:term":[{"taxonomy":"category","embeddable":true,"href":"https:\/\/old.atletikaolomouc.cz\/index.php?rest_route=%2Fwp%2Fv2%2Fcategories&post=32600"},{"taxonomy":"post_tag","embeddable":true,"href":"https:\/\/old.atletikaolomouc.cz\/index.php?rest_route=%2Fwp%2Fv2%2Ftags&post=32600"}],"curies":[{"name":"wp","href":"https:\/\/api.w.org\/{rel}","templated":true}]}}