{"id":32673,"date":"2021-11-15T10:05:19","date_gmt":"2021-11-15T09:05:19","guid":{"rendered":"https:\/\/www.atletikaolomouc.cz\/?p=32673"},"modified":"2021-11-16T18:58:14","modified_gmt":"2021-11-16T17:58:14","slug":"atlet-roku-a-rocenka-2021","status":"publish","type":"post","link":"https:\/\/old.atletikaolomouc.cz\/?p=32673","title":{"rendered":"Atlet roku a Ro\u010denka 2021"},"content":{"rendered":"<p>V\u00e1\u017een\u00ed \u010dlenov\u00e9,<\/p>\n<p>bohu\u017eel i letos jsme byli nuceni slavnostn\u00ed vyhl\u00e1\u0161en\u00ed Atleta roku odsunout na neur\u010dito, z d\u016fvodu prevence proti nemoci Covid-19. Nicm\u00e9n\u011b od \u010dtvrtka 18.listopadu si m\u016f\u017eete v kancel\u00e1\u0159i klubu alespo\u0148 vyzvednout <strong>\u010derstv\u00fd v\u00fdtisk na\u0161\u00ed leto\u0161n\u00ed ro\u010denky. <\/strong>PDF verzi najdete<strong><span style=\"color: #ff0000;\"><a style=\"color: #ff0000;\" href=\"https:\/\/www.atletikaolomouc.cz\/wp-content\/uploads\/2021\/11\/rocenka_2021_FINAL.pdf\" target=\"_blank\" rel=\"noopener\"> ke sta\u017een\u00ed a nahl\u00e9dnut\u00ed zde.<\/a><\/span><\/strong><!--more--><\/p>\n<p>Pevn\u011b v\u011b\u0159\u00edme, \u017ee se v\u0161ichni sejdeme na plnohodnotn\u00e9m slavnostn\u00edm vyhl\u00e1\u0161en\u00ed za\u010d\u00e1tkem jara 2022.<\/p>\n<p>S p\u0159\u00e1n\u00edm pevn\u00e9ho zdrav\u00ed a spousty sil v podzimn\u00ed p\u0159\u00edprav\u011b,<\/p>\n<p>veden\u00ed Atletick\u00e9ho klubu Olomouc.<\/p>\n<p>&nbsp;<\/p>\n","protected":false},"excerpt":{"rendered":"<p>V\u00e1\u017een\u00ed \u010dlenov\u00e9, bohu\u017eel i letos jsme byli nuceni slavnostn\u00ed vyhl\u00e1\u0161en\u00ed Atleta roku odsunout na neur\u010dito, z d\u016fvodu prevence proti nemoci Covid-19. Nicm\u00e9n\u011b od \u010dtvrtka 18.listopadu si m\u016f\u017eete v kancel\u00e1\u0159i klubu alespo\u0148 vyzvednout \u010derstv\u00fd v\u00fdtisk na\u0161\u00ed leto\u0161n\u00ed ro\u010denky. PDF verzi najdete &hellip; <a href=\"https:\/\/old.atletikaolomouc.cz\/?p=32673\">Continue reading <span class=\"meta-nav\">&rarr;<\/span><\/a><\/p>\n","protected":false},"author":14,"featured_media":20660,"comment_status":"closed","ping_status":"closed","sticky":false,"template":"","format":"standard","meta":{"ngg_post_thumbnail":0},"categories":[5,6,37],"tags":[],"_links":{"self":[{"href":"https:\/\/old.atletikaolomouc.cz\/index.php?rest_route=\/wp\/v2\/posts\/32673"}],"collection":[{"href":"https:\/\/old.atletikaolomouc.cz\/index.php?rest_route=\/wp\/v2\/posts"}],"about":[{"href":"https:\/\/old.atletikaolomouc.cz\/index.php?rest_route=\/wp\/v2\/types\/post"}],"author":[{"embeddable":true,"href":"https:\/\/old.atletikaolomouc.cz\/index.php?rest_route=\/wp\/v2\/users\/14"}],"replies":[{"embeddable":true,"href":"https:\/\/old.atletikaolomouc.cz\/index.php?rest_route=%2Fwp%2Fv2%2Fcomments&post=32673"}],"version-history":[{"count":10,"href":"https:\/\/old.atletikaolomouc.cz\/index.php?rest_route=\/wp\/v2\/posts\/32673\/revisions"}],"predecessor-version":[{"id":32684,"href":"https:\/\/old.atletikaolomouc.cz\/index.php?rest_route=\/wp\/v2\/posts\/32673\/revisions\/32684"}],"wp:featuredmedia":[{"embeddable":true,"href":"https:\/\/old.atletikaolomouc.cz\/index.php?rest_route=\/wp\/v2\/media\/20660"}],"wp:attachment":[{"href":"https:\/\/old.atletikaolomouc.cz\/index.php?rest_route=%2Fwp%2Fv2%2Fmedia&parent=32673"}],"wp:term":[{"taxonomy":"category","embeddable":true,"href":"https:\/\/old.atletikaolomouc.cz\/index.php?rest_route=%2Fwp%2Fv2%2Fcategories&post=32673"},{"taxonomy":"post_tag","embeddable":true,"href":"https:\/\/old.atletikaolomouc.cz\/index.php?rest_route=%2Fwp%2Fv2%2Ftags&post=32673"}],"curies":[{"name":"wp","href":"https:\/\/api.w.org\/{rel}","templated":true}]}}