{"id":32712,"date":"2021-11-29T11:45:03","date_gmt":"2021-11-29T10:45:03","guid":{"rendered":"https:\/\/www.atletikaolomouc.cz\/?p=32712"},"modified":"2021-11-29T11:45:03","modified_gmt":"2021-11-29T10:45:03","slug":"mistrovstvi-cr-v-krosu","status":"publish","type":"post","link":"https:\/\/old.atletikaolomouc.cz\/?p=32712","title":{"rendered":"Mistrovstv\u00ed \u010cR v krosu"},"content":{"rendered":"<p style=\"text-align: justify;\">V sobotu 27. listopadu se ve Vala\u0161sk\u00e9m Mezi\u0159\u00ed\u010d\u00ed uskute\u010dnilo fin\u00e1le krajsk\u00fdch \u0161tafet B\u011b\u017eeck\u00e9ho poh\u00e1ru 2021 a tak\u00e9 M\u010cR v krosu v kategorii junior\u016f a dosp\u011bl\u00fdch. Z\u00e1vod se uskute\u010dnil za mimo\u0159\u00e1dn\u011b t\u011b\u017ek\u00fdch podm\u00ednek, kdy na cel\u00e9 trati bylo asi deset cm bl\u00e1ta.<\/p>\n<p style=\"text-align: justify;\"><!--more--><\/p>\n<p style=\"text-align: justify;\">\u0160tafety se n\u00e1m v\u016fbec nevyda\u0159ily. Dru\u017estva zdecimovan\u00e1 covidem nemohla nastoupit v top slo\u017een\u00ed a tak mlad\u0161\u00ed \u017e\u00e1ctvo skon\u010dilo dvan\u00e1ct\u00e9 a dorosteneck\u00fd t\u00fdm dob\u011bhl na sedm\u00e9m m\u00edst\u011b. \u0160tafetu star\u0161\u00edho \u017eactva se kv\u016fli covidu dokonce v\u016fbec nepoda\u0159ilo sestavit.<\/p>\n<p style=\"text-align: justify;\">V mistrovsk\u00e9m z\u00e1vod\u011b se um\u00edstil <strong>Michal Hroch<\/strong> na 13. m\u00edst\u011b a <strong>Felipe Flores<\/strong> na 38. v juniorsk\u00e9 kategorii. \u017deny m\u011bly na programu 6 km vzd\u00e1lenost a olomouck\u00e1 <strong>Jitka Vodehnalov\u00e1<\/strong> dokon\u010dila tra\u0165 na 19. m\u00edst\u011b.<\/p>\n<p style=\"text-align: justify;\">Radost ud\u011blali na\u0161i nejmlad\u0161\u00ed ve vlo\u017een\u00e9m z\u00e1vod\u011b na 2km. <strong>Maty\u00e1\u0161 \u0158eh\u00e1k<\/strong> v mlad\u0161\u00edch \u017e\u00e1c\u00edch z\u00edskal bronzovou medaili. <strong>Hana Sk\u00e1celov\u00e1<\/strong> byla ve star\u0161\u00edch \u017ea\u010dk\u00e1ch druh\u00e1. V\u00edt\u011bzn\u00fd vala\u0161sk\u00fd frg\u00e1l si z Valmezu odvezla <strong>Lucie B\u0159enkov\u00e1<\/strong>, kter\u00e9 se poda\u0159ilo zv\u00edt\u011bzit v kategorii mlad\u0161\u00edch \u017ea\u010dek.<\/p>\n<p>Kompletn\u00ed v\u00fdsledky najdete zde:<br \/>\nMistrovstv\u00ed \u010cR &#8211; <a href=\"https:\/\/online.atletika.cz\/vysledky\/46980\" target=\"_blank\" rel=\"noopener\">https:\/\/online.atletika.cz\/vysledky\/46980<\/a><br \/>\nB\u011b\u017eeck\u00fd poh\u00e1r ml\u00e1de\u017ee: <a href=\"https:\/\/online.atletika.cz\/vysledky\/51244\" target=\"_blank\" rel=\"noopener\">https:\/\/online.atletika.cz\/vysledky\/51244<\/a><\/p>\n<p><a href=\"https:\/\/www.atletikaolomouc.cz\/wp-content\/uploads\/2021\/11\/IMG_2891.jpg\"><img decoding=\"async\" loading=\"lazy\" class=\"aligncenter wp-image-32714 size-full\" src=\"https:\/\/www.atletikaolomouc.cz\/wp-content\/uploads\/2021\/11\/IMG_2891.jpg\" alt=\"\" width=\"640\" height=\"480\" srcset=\"https:\/\/old.atletikaolomouc.cz\/wp-content\/uploads\/2021\/11\/IMG_2891.jpg 640w, https:\/\/old.atletikaolomouc.cz\/wp-content\/uploads\/2021\/11\/IMG_2891-300x225.jpg 300w\" sizes=\"(max-width: 640px) 100vw, 640px\" \/><\/a> <a href=\"https:\/\/www.atletikaolomouc.cz\/wp-content\/uploads\/2021\/11\/IMG_2894.jpg\"><img decoding=\"async\" loading=\"lazy\" class=\"aligncenter size-full wp-image-32715\" src=\"https:\/\/www.atletikaolomouc.cz\/wp-content\/uploads\/2021\/11\/IMG_2894.jpg\" alt=\"\" width=\"640\" height=\"480\" srcset=\"https:\/\/old.atletikaolomouc.cz\/wp-content\/uploads\/2021\/11\/IMG_2894.jpg 640w, https:\/\/old.atletikaolomouc.cz\/wp-content\/uploads\/2021\/11\/IMG_2894-300x225.jpg 300w\" sizes=\"(max-width: 640px) 100vw, 640px\" \/><\/a> <a href=\"https:\/\/www.atletikaolomouc.cz\/wp-content\/uploads\/2021\/11\/IMG_2901.jpg\"><img decoding=\"async\" loading=\"lazy\" class=\"aligncenter size-full wp-image-32716\" src=\"https:\/\/www.atletikaolomouc.cz\/wp-content\/uploads\/2021\/11\/IMG_2901.jpg\" alt=\"\" width=\"640\" height=\"480\" srcset=\"https:\/\/old.atletikaolomouc.cz\/wp-content\/uploads\/2021\/11\/IMG_2901.jpg 640w, https:\/\/old.atletikaolomouc.cz\/wp-content\/uploads\/2021\/11\/IMG_2901-300x225.jpg 300w\" sizes=\"(max-width: 640px) 100vw, 640px\" \/><\/a> <a href=\"https:\/\/www.atletikaolomouc.cz\/wp-content\/uploads\/2021\/11\/IMG_2916.jpg\"><img decoding=\"async\" loading=\"lazy\" class=\"aligncenter size-full wp-image-32717\" src=\"https:\/\/www.atletikaolomouc.cz\/wp-content\/uploads\/2021\/11\/IMG_2916.jpg\" alt=\"\" width=\"640\" height=\"480\" srcset=\"https:\/\/old.atletikaolomouc.cz\/wp-content\/uploads\/2021\/11\/IMG_2916.jpg 640w, https:\/\/old.atletikaolomouc.cz\/wp-content\/uploads\/2021\/11\/IMG_2916-300x225.jpg 300w\" sizes=\"(max-width: 640px) 100vw, 640px\" \/><\/a> <a href=\"https:\/\/www.atletikaolomouc.cz\/wp-content\/uploads\/2021\/11\/IMG_2920.jpg\"><img decoding=\"async\" loading=\"lazy\" class=\"aligncenter size-full wp-image-32718\" src=\"https:\/\/www.atletikaolomouc.cz\/wp-content\/uploads\/2021\/11\/IMG_2920.jpg\" alt=\"\" width=\"640\" height=\"480\" srcset=\"https:\/\/old.atletikaolomouc.cz\/wp-content\/uploads\/2021\/11\/IMG_2920.jpg 640w, https:\/\/old.atletikaolomouc.cz\/wp-content\/uploads\/2021\/11\/IMG_2920-300x225.jpg 300w\" sizes=\"(max-width: 640px) 100vw, 640px\" \/><\/a> <a href=\"https:\/\/www.atletikaolomouc.cz\/wp-content\/uploads\/2021\/11\/IMG_2922.jpg\"><img decoding=\"async\" loading=\"lazy\" class=\"aligncenter size-full wp-image-32719\" src=\"https:\/\/www.atletikaolomouc.cz\/wp-content\/uploads\/2021\/11\/IMG_2922.jpg\" alt=\"\" width=\"640\" height=\"480\" srcset=\"https:\/\/old.atletikaolomouc.cz\/wp-content\/uploads\/2021\/11\/IMG_2922.jpg 640w, https:\/\/old.atletikaolomouc.cz\/wp-content\/uploads\/2021\/11\/IMG_2922-300x225.jpg 300w\" sizes=\"(max-width: 640px) 100vw, 640px\" \/><\/a> <a href=\"https:\/\/www.atletikaolomouc.cz\/wp-content\/uploads\/2021\/11\/IMG_2923.jpg\"><img decoding=\"async\" loading=\"lazy\" class=\"aligncenter size-full wp-image-32720\" src=\"https:\/\/www.atletikaolomouc.cz\/wp-content\/uploads\/2021\/11\/IMG_2923.jpg\" alt=\"\" width=\"640\" height=\"480\" srcset=\"https:\/\/old.atletikaolomouc.cz\/wp-content\/uploads\/2021\/11\/IMG_2923.jpg 640w, https:\/\/old.atletikaolomouc.cz\/wp-content\/uploads\/2021\/11\/IMG_2923-300x225.jpg 300w\" sizes=\"(max-width: 640px) 100vw, 640px\" \/><\/a><\/p>\n","protected":false},"excerpt":{"rendered":"<p>V sobotu 27. listopadu se ve Vala\u0161sk\u00e9m Mezi\u0159\u00ed\u010d\u00ed uskute\u010dnilo fin\u00e1le krajsk\u00fdch \u0161tafet B\u011b\u017eeck\u00e9ho poh\u00e1ru 2021 a tak\u00e9 M\u010cR v krosu v kategorii junior\u016f a dosp\u011bl\u00fdch. Z\u00e1vod se uskute\u010dnil za mimo\u0159\u00e1dn\u011b t\u011b\u017ek\u00fdch podm\u00ednek, kdy na cel\u00e9 trati bylo asi deset cm &hellip; <a href=\"https:\/\/old.atletikaolomouc.cz\/?p=32712\">Continue reading <span class=\"meta-nav\">&rarr;<\/span><\/a><\/p>\n","protected":false},"author":4,"featured_media":32717,"comment_status":"closed","ping_status":"closed","sticky":false,"template":"","format":"standard","meta":{"ngg_post_thumbnail":0},"categories":[5,6,37],"tags":[],"_links":{"self":[{"href":"https:\/\/old.atletikaolomouc.cz\/index.php?rest_route=\/wp\/v2\/posts\/32712"}],"collection":[{"href":"https:\/\/old.atletikaolomouc.cz\/index.php?rest_route=\/wp\/v2\/posts"}],"about":[{"href":"https:\/\/old.atletikaolomouc.cz\/index.php?rest_route=\/wp\/v2\/types\/post"}],"author":[{"embeddable":true,"href":"https:\/\/old.atletikaolomouc.cz\/index.php?rest_route=\/wp\/v2\/users\/4"}],"replies":[{"embeddable":true,"href":"https:\/\/old.atletikaolomouc.cz\/index.php?rest_route=%2Fwp%2Fv2%2Fcomments&post=32712"}],"version-history":[{"count":2,"href":"https:\/\/old.atletikaolomouc.cz\/index.php?rest_route=\/wp\/v2\/posts\/32712\/revisions"}],"predecessor-version":[{"id":32721,"href":"https:\/\/old.atletikaolomouc.cz\/index.php?rest_route=\/wp\/v2\/posts\/32712\/revisions\/32721"}],"wp:featuredmedia":[{"embeddable":true,"href":"https:\/\/old.atletikaolomouc.cz\/index.php?rest_route=\/wp\/v2\/media\/32717"}],"wp:attachment":[{"href":"https:\/\/old.atletikaolomouc.cz\/index.php?rest_route=%2Fwp%2Fv2%2Fmedia&parent=32712"}],"wp:term":[{"taxonomy":"category","embeddable":true,"href":"https:\/\/old.atletikaolomouc.cz\/index.php?rest_route=%2Fwp%2Fv2%2Fcategories&post=32712"},{"taxonomy":"post_tag","embeddable":true,"href":"https:\/\/old.atletikaolomouc.cz\/index.php?rest_route=%2Fwp%2Fv2%2Ftags&post=32712"}],"curies":[{"name":"wp","href":"https:\/\/api.w.org\/{rel}","templated":true}]}}