{"id":32912,"date":"2021-12-17T11:30:34","date_gmt":"2021-12-17T10:30:34","guid":{"rendered":"https:\/\/www.atletikaolomouc.cz\/?p=32912"},"modified":"2021-12-17T11:30:34","modified_gmt":"2021-12-17T10:30:34","slug":"vanocni-zavody-pripravek-a-skolicek-foto","status":"publish","type":"post","link":"https:\/\/old.atletikaolomouc.cz\/?p=32912","title":{"rendered":"V\u00e1no\u010dn\u00ed z\u00e1vody p\u0159\u00edpravek a \u0161koli\u010dek &#8211; foto"},"content":{"rendered":"<p><a href=\"https:\/\/www.atletikaolomouc.cz\/wp-content\/uploads\/2021\/12\/ikona.jpg\"><img decoding=\"async\" loading=\"lazy\" class=\"alignleft size-thumbnail wp-image-32913\" src=\"https:\/\/www.atletikaolomouc.cz\/wp-content\/uploads\/2021\/12\/ikona-150x150.jpg\" alt=\"\" width=\"150\" height=\"150\" srcset=\"https:\/\/old.atletikaolomouc.cz\/wp-content\/uploads\/2021\/12\/ikona-150x150.jpg 150w, https:\/\/old.atletikaolomouc.cz\/wp-content\/uploads\/2021\/12\/ikona-300x300.jpg 300w, https:\/\/old.atletikaolomouc.cz\/wp-content\/uploads\/2021\/12\/ikona-600x600.jpg 600w, https:\/\/old.atletikaolomouc.cz\/wp-content\/uploads\/2021\/12\/ikona-144x144.jpg 144w, https:\/\/old.atletikaolomouc.cz\/wp-content\/uploads\/2021\/12\/ikona.jpg 767w\" sizes=\"(max-width: 150px) 100vw, 150px\" \/><\/a>Fotodokumentace v\u00e1no\u010dn\u00edch z\u00e1vod\u016f atletick\u00e9 p\u0159\u00edpravky a \u0161koli\u010dky.<!--more--><\/p>\n<!-- default-view.php -->\n<div\n\tclass=\"ngg-galleryoverview default-view \"\n\tid=\"ngg-gallery-cb85b3d18fd949d93213346e4e01e4c9-1\">\n\n\t\t<!-- Thumbnails -->\n\t\t\t\t<div id=\"ngg-image-0\" class=\"ngg-gallery-thumbnail-box \" >\n\t\t\t\t        <div class=\"ngg-gallery-thumbnail\">\n            <a href=\"https:\/\/old.atletikaolomouc.cz\/wp-content\/gallery\/vanocni-hala-pripravek-a-skolicek\/PHOTO-2021-12-15-21-05-201.jpg\"\n               title=\"\"\n               data-src=\"https:\/\/old.atletikaolomouc.cz\/wp-content\/gallery\/vanocni-hala-pripravek-a-skolicek\/PHOTO-2021-12-15-21-05-201.jpg\"\n               data-thumbnail=\"https:\/\/old.atletikaolomouc.cz\/wp-content\/gallery\/vanocni-hala-pripravek-a-skolicek\/thumbs\/thumbs_PHOTO-2021-12-15-21-05-201.jpg\"\n               data-image-id=\"16697\"\n               data-title=\"PHOTO-2021-12-15-21-05-201\"\n               data-description=\"\"\n               data-image-slug=\"photo-2021-12-15-21-05-201\"\n               class=\"ngg-simplelightbox\" rel=\"cb85b3d18fd949d93213346e4e01e4c9\">\n                <img\n                    title=\"PHOTO-2021-12-15-21-05-201\"\n                    alt=\"PHOTO-2021-12-15-21-05-201\"\n                    src=\"https:\/\/old.atletikaolomouc.cz\/wp-content\/gallery\/vanocni-hala-pripravek-a-skolicek\/thumbs\/thumbs_PHOTO-2021-12-15-21-05-201.jpg\"\n                    width=\"240\"\n                    height=\"160\"\n                    style=\"max-width:100%;\"\n                \/>\n            <\/a>\n        <\/div>\n\t\t\t\t\t\t\t<\/div> \n\t\t\t\n\t\t\t\t<div id=\"ngg-image-1\" class=\"ngg-gallery-thumbnail-box \" >\n\t\t\t\t        <div class=\"ngg-gallery-thumbnail\">\n            <a href=\"https:\/\/old.atletikaolomouc.cz\/wp-content\/gallery\/vanocni-hala-pripravek-a-skolicek\/PHOTO-2021-12-15-21-05-202.jpg\"\n               title=\"\"\n               data-src=\"https:\/\/old.atletikaolomouc.cz\/wp-content\/gallery\/vanocni-hala-pripravek-a-skolicek\/PHOTO-2021-12-15-21-05-202.jpg\"\n               data-thumbnail=\"https:\/\/old.atletikaolomouc.cz\/wp-content\/gallery\/vanocni-hala-pripravek-a-skolicek\/thumbs\/thumbs_PHOTO-2021-12-15-21-05-202.jpg\"\n               data-image-id=\"16698\"\n               data-title=\"PHOTO-2021-12-15-21-05-202\"\n               data-description=\"\"\n               data-image-slug=\"photo-2021-12-15-21-05-202\"\n               class=\"ngg-simplelightbox\" rel=\"cb85b3d18fd949d93213346e4e01e4c9\">\n                <img\n                    title=\"PHOTO-2021-12-15-21-05-202\"\n                    alt=\"PHOTO-2021-12-15-21-05-202\"\n                    src=\"https:\/\/old.atletikaolomouc.cz\/wp-content\/gallery\/vanocni-hala-pripravek-a-skolicek\/thumbs\/thumbs_PHOTO-2021-12-15-21-05-202.jpg\"\n                    width=\"240\"\n                    height=\"160\"\n                    style=\"max-width:100%;\"\n                \/>\n            <\/a>\n        <\/div>\n\t\t\t\t\t\t\t<\/div> \n\t\t\t\n\t\t\t\t<div id=\"ngg-image-2\" class=\"ngg-gallery-thumbnail-box \" >\n\t\t\t\t        <div class=\"ngg-gallery-thumbnail\">\n            <a href=\"https:\/\/old.atletikaolomouc.cz\/wp-content\/gallery\/vanocni-hala-pripravek-a-skolicek\/PHOTO-2021-12-15-21-05-203.jpg\"\n               title=\"\"\n               data-src=\"https:\/\/old.atletikaolomouc.cz\/wp-content\/gallery\/vanocni-hala-pripravek-a-skolicek\/PHOTO-2021-12-15-21-05-203.jpg\"\n               data-thumbnail=\"https:\/\/old.atletikaolomouc.cz\/wp-content\/gallery\/vanocni-hala-pripravek-a-skolicek\/thumbs\/thumbs_PHOTO-2021-12-15-21-05-203.jpg\"\n               data-image-id=\"16699\"\n               data-title=\"PHOTO-2021-12-15-21-05-203\"\n               data-description=\"\"\n               data-image-slug=\"photo-2021-12-15-21-05-203\"\n               class=\"ngg-simplelightbox\" rel=\"cb85b3d18fd949d93213346e4e01e4c9\">\n                <img\n                    title=\"PHOTO-2021-12-15-21-05-203\"\n                    alt=\"PHOTO-2021-12-15-21-05-203\"\n                    src=\"https:\/\/old.atletikaolomouc.cz\/wp-content\/gallery\/vanocni-hala-pripravek-a-skolicek\/thumbs\/thumbs_PHOTO-2021-12-15-21-05-203.jpg\"\n                    width=\"240\"\n                    height=\"160\"\n                    style=\"max-width:100%;\"\n                \/>\n            <\/a>\n        <\/div>\n\t\t\t\t\t\t\t<\/div> \n\t\t\t\n\t\t\t\t<div id=\"ngg-image-3\" class=\"ngg-gallery-thumbnail-box \" >\n\t\t\t\t        <div class=\"ngg-gallery-thumbnail\">\n            <a href=\"https:\/\/old.atletikaolomouc.cz\/wp-content\/gallery\/vanocni-hala-pripravek-a-skolicek\/PHOTO-2021-12-15-21-05-204.jpg\"\n               title=\"\"\n               data-src=\"https:\/\/old.atletikaolomouc.cz\/wp-content\/gallery\/vanocni-hala-pripravek-a-skolicek\/PHOTO-2021-12-15-21-05-204.jpg\"\n               data-thumbnail=\"https:\/\/old.atletikaolomouc.cz\/wp-content\/gallery\/vanocni-hala-pripravek-a-skolicek\/thumbs\/thumbs_PHOTO-2021-12-15-21-05-204.jpg\"\n               data-image-id=\"16700\"\n               data-title=\"PHOTO-2021-12-15-21-05-204\"\n               data-description=\"\"\n               data-image-slug=\"photo-2021-12-15-21-05-204\"\n               class=\"ngg-simplelightbox\" rel=\"cb85b3d18fd949d93213346e4e01e4c9\">\n                <img\n                    title=\"PHOTO-2021-12-15-21-05-204\"\n                    alt=\"PHOTO-2021-12-15-21-05-204\"\n                    src=\"https:\/\/old.atletikaolomouc.cz\/wp-content\/gallery\/vanocni-hala-pripravek-a-skolicek\/thumbs\/thumbs_PHOTO-2021-12-15-21-05-204.jpg\"\n                    width=\"240\"\n                    height=\"160\"\n                    style=\"max-width:100%;\"\n                \/>\n            <\/a>\n        <\/div>\n\t\t\t\t\t\t\t<\/div> \n\t\t\t\n\t\t\t\t<div id=\"ngg-image-4\" class=\"ngg-gallery-thumbnail-box \" >\n\t\t\t\t        <div class=\"ngg-gallery-thumbnail\">\n            <a href=\"https:\/\/old.atletikaolomouc.cz\/wp-content\/gallery\/vanocni-hala-pripravek-a-skolicek\/PHOTO-2021-12-15-21-05-205.jpg\"\n               title=\"\"\n               data-src=\"https:\/\/old.atletikaolomouc.cz\/wp-content\/gallery\/vanocni-hala-pripravek-a-skolicek\/PHOTO-2021-12-15-21-05-205.jpg\"\n               data-thumbnail=\"https:\/\/old.atletikaolomouc.cz\/wp-content\/gallery\/vanocni-hala-pripravek-a-skolicek\/thumbs\/thumbs_PHOTO-2021-12-15-21-05-205.jpg\"\n               data-image-id=\"16701\"\n               data-title=\"PHOTO-2021-12-15-21-05-205\"\n               data-description=\"\"\n               data-image-slug=\"photo-2021-12-15-21-05-205\"\n               class=\"ngg-simplelightbox\" rel=\"cb85b3d18fd949d93213346e4e01e4c9\">\n                <img\n                    title=\"PHOTO-2021-12-15-21-05-205\"\n                    alt=\"PHOTO-2021-12-15-21-05-205\"\n                    src=\"https:\/\/old.atletikaolomouc.cz\/wp-content\/gallery\/vanocni-hala-pripravek-a-skolicek\/thumbs\/thumbs_PHOTO-2021-12-15-21-05-205.jpg\"\n                    width=\"240\"\n                    height=\"160\"\n                    style=\"max-width:100%;\"\n                \/>\n            <\/a>\n        <\/div>\n\t\t\t\t\t\t\t<\/div> \n\t\t\t\n\t\t\t\t<div id=\"ngg-image-5\" class=\"ngg-gallery-thumbnail-box \" >\n\t\t\t\t        <div class=\"ngg-gallery-thumbnail\">\n            <a href=\"https:\/\/old.atletikaolomouc.cz\/wp-content\/gallery\/vanocni-hala-pripravek-a-skolicek\/PHOTO-2021-12-15-21-05-206.jpg\"\n               title=\"\"\n               data-src=\"https:\/\/old.atletikaolomouc.cz\/wp-content\/gallery\/vanocni-hala-pripravek-a-skolicek\/PHOTO-2021-12-15-21-05-206.jpg\"\n               data-thumbnail=\"https:\/\/old.atletikaolomouc.cz\/wp-content\/gallery\/vanocni-hala-pripravek-a-skolicek\/thumbs\/thumbs_PHOTO-2021-12-15-21-05-206.jpg\"\n               data-image-id=\"16702\"\n               data-title=\"PHOTO-2021-12-15-21-05-206\"\n               data-description=\"\"\n               data-image-slug=\"photo-2021-12-15-21-05-206\"\n               class=\"ngg-simplelightbox\" rel=\"cb85b3d18fd949d93213346e4e01e4c9\">\n                <img\n                    title=\"PHOTO-2021-12-15-21-05-206\"\n                    alt=\"PHOTO-2021-12-15-21-05-206\"\n                    src=\"https:\/\/old.atletikaolomouc.cz\/wp-content\/gallery\/vanocni-hala-pripravek-a-skolicek\/thumbs\/thumbs_PHOTO-2021-12-15-21-05-206.jpg\"\n                    width=\"240\"\n                    height=\"160\"\n                    style=\"max-width:100%;\"\n                \/>\n            <\/a>\n        <\/div>\n\t\t\t\t\t\t\t<\/div> \n\t\t\t\n\t\t\t\t<div id=\"ngg-image-6\" class=\"ngg-gallery-thumbnail-box \" >\n\t\t\t\t        <div class=\"ngg-gallery-thumbnail\">\n            <a href=\"https:\/\/old.atletikaolomouc.cz\/wp-content\/gallery\/vanocni-hala-pripravek-a-skolicek\/PHOTO-2021-12-15-21-05-207.jpg\"\n               title=\"\"\n               data-src=\"https:\/\/old.atletikaolomouc.cz\/wp-content\/gallery\/vanocni-hala-pripravek-a-skolicek\/PHOTO-2021-12-15-21-05-207.jpg\"\n               data-thumbnail=\"https:\/\/old.atletikaolomouc.cz\/wp-content\/gallery\/vanocni-hala-pripravek-a-skolicek\/thumbs\/thumbs_PHOTO-2021-12-15-21-05-207.jpg\"\n               data-image-id=\"16703\"\n               data-title=\"PHOTO-2021-12-15-21-05-207\"\n               data-description=\"\"\n               data-image-slug=\"photo-2021-12-15-21-05-207\"\n               class=\"ngg-simplelightbox\" rel=\"cb85b3d18fd949d93213346e4e01e4c9\">\n                <img\n                    title=\"PHOTO-2021-12-15-21-05-207\"\n                    alt=\"PHOTO-2021-12-15-21-05-207\"\n                    src=\"https:\/\/old.atletikaolomouc.cz\/wp-content\/gallery\/vanocni-hala-pripravek-a-skolicek\/thumbs\/thumbs_PHOTO-2021-12-15-21-05-207.jpg\"\n                    width=\"240\"\n                    height=\"160\"\n                    style=\"max-width:100%;\"\n                \/>\n            <\/a>\n        <\/div>\n\t\t\t\t\t\t\t<\/div> \n\t\t\t\n\t\t\t\t<div id=\"ngg-image-7\" class=\"ngg-gallery-thumbnail-box \" >\n\t\t\t\t        <div class=\"ngg-gallery-thumbnail\">\n            <a href=\"https:\/\/old.atletikaolomouc.cz\/wp-content\/gallery\/vanocni-hala-pripravek-a-skolicek\/PHOTO-2021-12-15-21-05-208.jpg\"\n               title=\"\"\n               data-src=\"https:\/\/old.atletikaolomouc.cz\/wp-content\/gallery\/vanocni-hala-pripravek-a-skolicek\/PHOTO-2021-12-15-21-05-208.jpg\"\n               data-thumbnail=\"https:\/\/old.atletikaolomouc.cz\/wp-content\/gallery\/vanocni-hala-pripravek-a-skolicek\/thumbs\/thumbs_PHOTO-2021-12-15-21-05-208.jpg\"\n               data-image-id=\"16704\"\n               data-title=\"PHOTO-2021-12-15-21-05-208\"\n               data-description=\"\"\n               data-image-slug=\"photo-2021-12-15-21-05-208\"\n               class=\"ngg-simplelightbox\" rel=\"cb85b3d18fd949d93213346e4e01e4c9\">\n                <img\n                    title=\"PHOTO-2021-12-15-21-05-208\"\n                    alt=\"PHOTO-2021-12-15-21-05-208\"\n                    src=\"https:\/\/old.atletikaolomouc.cz\/wp-content\/gallery\/vanocni-hala-pripravek-a-skolicek\/thumbs\/thumbs_PHOTO-2021-12-15-21-05-208.jpg\"\n                    width=\"240\"\n                    height=\"160\"\n                    style=\"max-width:100%;\"\n                \/>\n            <\/a>\n        <\/div>\n\t\t\t\t\t\t\t<\/div> \n\t\t\t\n\t\t\t\t<div id=\"ngg-image-8\" class=\"ngg-gallery-thumbnail-box \" >\n\t\t\t\t        <div class=\"ngg-gallery-thumbnail\">\n            <a href=\"https:\/\/old.atletikaolomouc.cz\/wp-content\/gallery\/vanocni-hala-pripravek-a-skolicek\/PHOTO-2021-12-15-21-05-209.jpg\"\n               title=\"\"\n               data-src=\"https:\/\/old.atletikaolomouc.cz\/wp-content\/gallery\/vanocni-hala-pripravek-a-skolicek\/PHOTO-2021-12-15-21-05-209.jpg\"\n               data-thumbnail=\"https:\/\/old.atletikaolomouc.cz\/wp-content\/gallery\/vanocni-hala-pripravek-a-skolicek\/thumbs\/thumbs_PHOTO-2021-12-15-21-05-209.jpg\"\n               data-image-id=\"16705\"\n               data-title=\"PHOTO-2021-12-15-21-05-209\"\n               data-description=\"\"\n               data-image-slug=\"photo-2021-12-15-21-05-209\"\n               class=\"ngg-simplelightbox\" rel=\"cb85b3d18fd949d93213346e4e01e4c9\">\n                <img\n                    title=\"PHOTO-2021-12-15-21-05-209\"\n                    alt=\"PHOTO-2021-12-15-21-05-209\"\n                    src=\"https:\/\/old.atletikaolomouc.cz\/wp-content\/gallery\/vanocni-hala-pripravek-a-skolicek\/thumbs\/thumbs_PHOTO-2021-12-15-21-05-209.jpg\"\n                    width=\"240\"\n                    height=\"160\"\n                    style=\"max-width:100%;\"\n                \/>\n            <\/a>\n        <\/div>\n\t\t\t\t\t\t\t<\/div> \n\t\t\t\n\t\t\t\t<div id=\"ngg-image-9\" class=\"ngg-gallery-thumbnail-box \" >\n\t\t\t\t        <div class=\"ngg-gallery-thumbnail\">\n            <a href=\"https:\/\/old.atletikaolomouc.cz\/wp-content\/gallery\/vanocni-hala-pripravek-a-skolicek\/PHOTO-2021-12-15-21-05-2010.jpg\"\n               title=\"\"\n               data-src=\"https:\/\/old.atletikaolomouc.cz\/wp-content\/gallery\/vanocni-hala-pripravek-a-skolicek\/PHOTO-2021-12-15-21-05-2010.jpg\"\n               data-thumbnail=\"https:\/\/old.atletikaolomouc.cz\/wp-content\/gallery\/vanocni-hala-pripravek-a-skolicek\/thumbs\/thumbs_PHOTO-2021-12-15-21-05-2010.jpg\"\n               data-image-id=\"16706\"\n               data-title=\"PHOTO-2021-12-15-21-05-2010\"\n               data-description=\"\"\n               data-image-slug=\"photo-2021-12-15-21-05-2010\"\n               class=\"ngg-simplelightbox\" rel=\"cb85b3d18fd949d93213346e4e01e4c9\">\n                <img\n                    title=\"PHOTO-2021-12-15-21-05-2010\"\n                    alt=\"PHOTO-2021-12-15-21-05-2010\"\n                    src=\"https:\/\/old.atletikaolomouc.cz\/wp-content\/gallery\/vanocni-hala-pripravek-a-skolicek\/thumbs\/thumbs_PHOTO-2021-12-15-21-05-2010.jpg\"\n                    width=\"240\"\n                    height=\"160\"\n                    style=\"max-width:100%;\"\n                \/>\n            <\/a>\n        <\/div>\n\t\t\t\t\t\t\t<\/div> \n\t\t\t\n\t\t\t\t<div id=\"ngg-image-10\" class=\"ngg-gallery-thumbnail-box \" >\n\t\t\t\t        <div class=\"ngg-gallery-thumbnail\">\n            <a href=\"https:\/\/old.atletikaolomouc.cz\/wp-content\/gallery\/vanocni-hala-pripravek-a-skolicek\/PHOTO-2021-12-15-21-05-2011.jpg\"\n               title=\"\"\n               data-src=\"https:\/\/old.atletikaolomouc.cz\/wp-content\/gallery\/vanocni-hala-pripravek-a-skolicek\/PHOTO-2021-12-15-21-05-2011.jpg\"\n               data-thumbnail=\"https:\/\/old.atletikaolomouc.cz\/wp-content\/gallery\/vanocni-hala-pripravek-a-skolicek\/thumbs\/thumbs_PHOTO-2021-12-15-21-05-2011.jpg\"\n               data-image-id=\"16707\"\n               data-title=\"PHOTO-2021-12-15-21-05-2011\"\n               data-description=\"\"\n               data-image-slug=\"photo-2021-12-15-21-05-2011\"\n               class=\"ngg-simplelightbox\" rel=\"cb85b3d18fd949d93213346e4e01e4c9\">\n                <img\n                    title=\"PHOTO-2021-12-15-21-05-2011\"\n                    alt=\"PHOTO-2021-12-15-21-05-2011\"\n                    src=\"https:\/\/old.atletikaolomouc.cz\/wp-content\/gallery\/vanocni-hala-pripravek-a-skolicek\/thumbs\/thumbs_PHOTO-2021-12-15-21-05-2011.jpg\"\n                    width=\"240\"\n                    height=\"160\"\n                    style=\"max-width:100%;\"\n                \/>\n            <\/a>\n        <\/div>\n\t\t\t\t\t\t\t<\/div> \n\t\t\t\n\t\t\t\t<div id=\"ngg-image-11\" class=\"ngg-gallery-thumbnail-box \" >\n\t\t\t\t        <div class=\"ngg-gallery-thumbnail\">\n            <a href=\"https:\/\/old.atletikaolomouc.cz\/wp-content\/gallery\/vanocni-hala-pripravek-a-skolicek\/PHOTO-2021-12-15-21-05-2012.jpg\"\n               title=\"\"\n               data-src=\"https:\/\/old.atletikaolomouc.cz\/wp-content\/gallery\/vanocni-hala-pripravek-a-skolicek\/PHOTO-2021-12-15-21-05-2012.jpg\"\n               data-thumbnail=\"https:\/\/old.atletikaolomouc.cz\/wp-content\/gallery\/vanocni-hala-pripravek-a-skolicek\/thumbs\/thumbs_PHOTO-2021-12-15-21-05-2012.jpg\"\n               data-image-id=\"16708\"\n               data-title=\"PHOTO-2021-12-15-21-05-2012\"\n               data-description=\"\"\n               data-image-slug=\"photo-2021-12-15-21-05-2012\"\n               class=\"ngg-simplelightbox\" rel=\"cb85b3d18fd949d93213346e4e01e4c9\">\n                <img\n                    title=\"PHOTO-2021-12-15-21-05-2012\"\n                    alt=\"PHOTO-2021-12-15-21-05-2012\"\n                    src=\"https:\/\/old.atletikaolomouc.cz\/wp-content\/gallery\/vanocni-hala-pripravek-a-skolicek\/thumbs\/thumbs_PHOTO-2021-12-15-21-05-2012.jpg\"\n                    width=\"240\"\n                    height=\"160\"\n                    style=\"max-width:100%;\"\n                \/>\n            <\/a>\n        <\/div>\n\t\t\t\t\t\t\t<\/div> \n\t\t\t\n\t\t\t\t<div id=\"ngg-image-12\" class=\"ngg-gallery-thumbnail-box \" >\n\t\t\t\t        <div class=\"ngg-gallery-thumbnail\">\n            <a href=\"https:\/\/old.atletikaolomouc.cz\/wp-content\/gallery\/vanocni-hala-pripravek-a-skolicek\/PHOTO-2021-12-15-21-05-2013.jpg\"\n               title=\"\"\n               data-src=\"https:\/\/old.atletikaolomouc.cz\/wp-content\/gallery\/vanocni-hala-pripravek-a-skolicek\/PHOTO-2021-12-15-21-05-2013.jpg\"\n               data-thumbnail=\"https:\/\/old.atletikaolomouc.cz\/wp-content\/gallery\/vanocni-hala-pripravek-a-skolicek\/thumbs\/thumbs_PHOTO-2021-12-15-21-05-2013.jpg\"\n               data-image-id=\"16709\"\n               data-title=\"PHOTO-2021-12-15-21-05-2013\"\n               data-description=\"\"\n               data-image-slug=\"photo-2021-12-15-21-05-2013\"\n               class=\"ngg-simplelightbox\" rel=\"cb85b3d18fd949d93213346e4e01e4c9\">\n                <img\n                    title=\"PHOTO-2021-12-15-21-05-2013\"\n                    alt=\"PHOTO-2021-12-15-21-05-2013\"\n                    src=\"https:\/\/old.atletikaolomouc.cz\/wp-content\/gallery\/vanocni-hala-pripravek-a-skolicek\/thumbs\/thumbs_PHOTO-2021-12-15-21-05-2013.jpg\"\n                    width=\"240\"\n                    height=\"160\"\n                    style=\"max-width:100%;\"\n                \/>\n            <\/a>\n        <\/div>\n\t\t\t\t\t\t\t<\/div> \n\t\t\t\n\t\t\t\t<div id=\"ngg-image-13\" class=\"ngg-gallery-thumbnail-box \" >\n\t\t\t\t        <div class=\"ngg-gallery-thumbnail\">\n            <a href=\"https:\/\/old.atletikaolomouc.cz\/wp-content\/gallery\/vanocni-hala-pripravek-a-skolicek\/PHOTO-2021-12-15-21-05-2014.jpg\"\n               title=\"\"\n               data-src=\"https:\/\/old.atletikaolomouc.cz\/wp-content\/gallery\/vanocni-hala-pripravek-a-skolicek\/PHOTO-2021-12-15-21-05-2014.jpg\"\n               data-thumbnail=\"https:\/\/old.atletikaolomouc.cz\/wp-content\/gallery\/vanocni-hala-pripravek-a-skolicek\/thumbs\/thumbs_PHOTO-2021-12-15-21-05-2014.jpg\"\n               data-image-id=\"16710\"\n               data-title=\"PHOTO-2021-12-15-21-05-2014\"\n               data-description=\"\"\n               data-image-slug=\"photo-2021-12-15-21-05-2014\"\n               class=\"ngg-simplelightbox\" rel=\"cb85b3d18fd949d93213346e4e01e4c9\">\n                <img\n                    title=\"PHOTO-2021-12-15-21-05-2014\"\n                    alt=\"PHOTO-2021-12-15-21-05-2014\"\n                    src=\"https:\/\/old.atletikaolomouc.cz\/wp-content\/gallery\/vanocni-hala-pripravek-a-skolicek\/thumbs\/thumbs_PHOTO-2021-12-15-21-05-2014.jpg\"\n                    width=\"240\"\n                    height=\"160\"\n                    style=\"max-width:100%;\"\n                \/>\n            <\/a>\n        <\/div>\n\t\t\t\t\t\t\t<\/div> \n\t\t\t\n\t\t\t\t<div id=\"ngg-image-14\" class=\"ngg-gallery-thumbnail-box \" >\n\t\t\t\t        <div class=\"ngg-gallery-thumbnail\">\n            <a href=\"https:\/\/old.atletikaolomouc.cz\/wp-content\/gallery\/vanocni-hala-pripravek-a-skolicek\/PHOTO-2021-12-15-21-05-2015.jpg\"\n               title=\"\"\n               data-src=\"https:\/\/old.atletikaolomouc.cz\/wp-content\/gallery\/vanocni-hala-pripravek-a-skolicek\/PHOTO-2021-12-15-21-05-2015.jpg\"\n               data-thumbnail=\"https:\/\/old.atletikaolomouc.cz\/wp-content\/gallery\/vanocni-hala-pripravek-a-skolicek\/thumbs\/thumbs_PHOTO-2021-12-15-21-05-2015.jpg\"\n               data-image-id=\"16711\"\n               data-title=\"PHOTO-2021-12-15-21-05-2015\"\n               data-description=\"\"\n               data-image-slug=\"photo-2021-12-15-21-05-2015\"\n               class=\"ngg-simplelightbox\" rel=\"cb85b3d18fd949d93213346e4e01e4c9\">\n                <img\n                    title=\"PHOTO-2021-12-15-21-05-2015\"\n                    alt=\"PHOTO-2021-12-15-21-05-2015\"\n                    src=\"https:\/\/old.atletikaolomouc.cz\/wp-content\/gallery\/vanocni-hala-pripravek-a-skolicek\/thumbs\/thumbs_PHOTO-2021-12-15-21-05-2015.jpg\"\n                    width=\"240\"\n                    height=\"160\"\n                    style=\"max-width:100%;\"\n                \/>\n            <\/a>\n        <\/div>\n\t\t\t\t\t\t\t<\/div> \n\t\t\t\n\t\t\t\t<div id=\"ngg-image-15\" class=\"ngg-gallery-thumbnail-box \" >\n\t\t\t\t        <div class=\"ngg-gallery-thumbnail\">\n            <a href=\"https:\/\/old.atletikaolomouc.cz\/wp-content\/gallery\/vanocni-hala-pripravek-a-skolicek\/PHOTO-2021-12-15-21-05-2016.jpg\"\n               title=\"\"\n               data-src=\"https:\/\/old.atletikaolomouc.cz\/wp-content\/gallery\/vanocni-hala-pripravek-a-skolicek\/PHOTO-2021-12-15-21-05-2016.jpg\"\n               data-thumbnail=\"https:\/\/old.atletikaolomouc.cz\/wp-content\/gallery\/vanocni-hala-pripravek-a-skolicek\/thumbs\/thumbs_PHOTO-2021-12-15-21-05-2016.jpg\"\n               data-image-id=\"16712\"\n               data-title=\"PHOTO-2021-12-15-21-05-2016\"\n               data-description=\"\"\n               data-image-slug=\"photo-2021-12-15-21-05-2016\"\n               class=\"ngg-simplelightbox\" rel=\"cb85b3d18fd949d93213346e4e01e4c9\">\n                <img\n                    title=\"PHOTO-2021-12-15-21-05-2016\"\n                    alt=\"PHOTO-2021-12-15-21-05-2016\"\n                    src=\"https:\/\/old.atletikaolomouc.cz\/wp-content\/gallery\/vanocni-hala-pripravek-a-skolicek\/thumbs\/thumbs_PHOTO-2021-12-15-21-05-2016.jpg\"\n                    width=\"240\"\n                    height=\"160\"\n                    style=\"max-width:100%;\"\n                \/>\n            <\/a>\n        <\/div>\n\t\t\t\t\t\t\t<\/div> \n\t\t\t\n\t\t\t\t<div id=\"ngg-image-16\" class=\"ngg-gallery-thumbnail-box \" >\n\t\t\t\t        <div class=\"ngg-gallery-thumbnail\">\n            <a href=\"https:\/\/old.atletikaolomouc.cz\/wp-content\/gallery\/vanocni-hala-pripravek-a-skolicek\/PHOTO-2021-12-15-21-05-2017.jpg\"\n               title=\"\"\n               data-src=\"https:\/\/old.atletikaolomouc.cz\/wp-content\/gallery\/vanocni-hala-pripravek-a-skolicek\/PHOTO-2021-12-15-21-05-2017.jpg\"\n               data-thumbnail=\"https:\/\/old.atletikaolomouc.cz\/wp-content\/gallery\/vanocni-hala-pripravek-a-skolicek\/thumbs\/thumbs_PHOTO-2021-12-15-21-05-2017.jpg\"\n               data-image-id=\"16713\"\n               data-title=\"PHOTO-2021-12-15-21-05-2017\"\n               data-description=\"\"\n               data-image-slug=\"photo-2021-12-15-21-05-2017\"\n               class=\"ngg-simplelightbox\" rel=\"cb85b3d18fd949d93213346e4e01e4c9\">\n                <img\n                    title=\"PHOTO-2021-12-15-21-05-2017\"\n                    alt=\"PHOTO-2021-12-15-21-05-2017\"\n                    src=\"https:\/\/old.atletikaolomouc.cz\/wp-content\/gallery\/vanocni-hala-pripravek-a-skolicek\/thumbs\/thumbs_PHOTO-2021-12-15-21-05-2017.jpg\"\n                    width=\"240\"\n                    height=\"160\"\n                    style=\"max-width:100%;\"\n                \/>\n            <\/a>\n        <\/div>\n\t\t\t\t\t\t\t<\/div> \n\t\t\t\n\t\t\t\t<div id=\"ngg-image-17\" class=\"ngg-gallery-thumbnail-box \" >\n\t\t\t\t        <div class=\"ngg-gallery-thumbnail\">\n            <a href=\"https:\/\/old.atletikaolomouc.cz\/wp-content\/gallery\/vanocni-hala-pripravek-a-skolicek\/PHOTO-2021-12-15-21-05-2018.jpg\"\n               title=\"\"\n               data-src=\"https:\/\/old.atletikaolomouc.cz\/wp-content\/gallery\/vanocni-hala-pripravek-a-skolicek\/PHOTO-2021-12-15-21-05-2018.jpg\"\n               data-thumbnail=\"https:\/\/old.atletikaolomouc.cz\/wp-content\/gallery\/vanocni-hala-pripravek-a-skolicek\/thumbs\/thumbs_PHOTO-2021-12-15-21-05-2018.jpg\"\n               data-image-id=\"16714\"\n               data-title=\"PHOTO-2021-12-15-21-05-2018\"\n               data-description=\"\"\n               data-image-slug=\"photo-2021-12-15-21-05-2018\"\n               class=\"ngg-simplelightbox\" rel=\"cb85b3d18fd949d93213346e4e01e4c9\">\n                <img\n                    title=\"PHOTO-2021-12-15-21-05-2018\"\n                    alt=\"PHOTO-2021-12-15-21-05-2018\"\n                    src=\"https:\/\/old.atletikaolomouc.cz\/wp-content\/gallery\/vanocni-hala-pripravek-a-skolicek\/thumbs\/thumbs_PHOTO-2021-12-15-21-05-2018.jpg\"\n                    width=\"240\"\n                    height=\"160\"\n                    style=\"max-width:100%;\"\n                \/>\n            <\/a>\n        <\/div>\n\t\t\t\t\t\t\t<\/div> \n\t\t\t\n\t\t\t\t<div id=\"ngg-image-18\" class=\"ngg-gallery-thumbnail-box \" >\n\t\t\t\t        <div class=\"ngg-gallery-thumbnail\">\n            <a href=\"https:\/\/old.atletikaolomouc.cz\/wp-content\/gallery\/vanocni-hala-pripravek-a-skolicek\/PHOTO-2021-12-15-21-05-2019.jpg\"\n               title=\"\"\n               data-src=\"https:\/\/old.atletikaolomouc.cz\/wp-content\/gallery\/vanocni-hala-pripravek-a-skolicek\/PHOTO-2021-12-15-21-05-2019.jpg\"\n               data-thumbnail=\"https:\/\/old.atletikaolomouc.cz\/wp-content\/gallery\/vanocni-hala-pripravek-a-skolicek\/thumbs\/thumbs_PHOTO-2021-12-15-21-05-2019.jpg\"\n               data-image-id=\"16715\"\n               data-title=\"PHOTO-2021-12-15-21-05-2019\"\n               data-description=\"\"\n               data-image-slug=\"photo-2021-12-15-21-05-2019\"\n               class=\"ngg-simplelightbox\" rel=\"cb85b3d18fd949d93213346e4e01e4c9\">\n                <img\n                    title=\"PHOTO-2021-12-15-21-05-2019\"\n                    alt=\"PHOTO-2021-12-15-21-05-2019\"\n                    src=\"https:\/\/old.atletikaolomouc.cz\/wp-content\/gallery\/vanocni-hala-pripravek-a-skolicek\/thumbs\/thumbs_PHOTO-2021-12-15-21-05-2019.jpg\"\n                    width=\"240\"\n                    height=\"160\"\n                    style=\"max-width:100%;\"\n                \/>\n            <\/a>\n        <\/div>\n\t\t\t\t\t\t\t<\/div> \n\t\t\t\n\t\t\t\t<div id=\"ngg-image-19\" class=\"ngg-gallery-thumbnail-box \" >\n\t\t\t\t        <div class=\"ngg-gallery-thumbnail\">\n            <a href=\"https:\/\/old.atletikaolomouc.cz\/wp-content\/gallery\/vanocni-hala-pripravek-a-skolicek\/PHOTO-2021-12-15-21-05-20.jpg\"\n               title=\"\"\n               data-src=\"https:\/\/old.atletikaolomouc.cz\/wp-content\/gallery\/vanocni-hala-pripravek-a-skolicek\/PHOTO-2021-12-15-21-05-20.jpg\"\n               data-thumbnail=\"https:\/\/old.atletikaolomouc.cz\/wp-content\/gallery\/vanocni-hala-pripravek-a-skolicek\/thumbs\/thumbs_PHOTO-2021-12-15-21-05-20.jpg\"\n               data-image-id=\"16716\"\n               data-title=\"PHOTO-2021-12-15-21-05-20\"\n               data-description=\"\"\n               data-image-slug=\"photo-2021-12-15-21-05-20\"\n               class=\"ngg-simplelightbox\" rel=\"cb85b3d18fd949d93213346e4e01e4c9\">\n                <img\n                    title=\"PHOTO-2021-12-15-21-05-20\"\n                    alt=\"PHOTO-2021-12-15-21-05-20\"\n                    src=\"https:\/\/old.atletikaolomouc.cz\/wp-content\/gallery\/vanocni-hala-pripravek-a-skolicek\/thumbs\/thumbs_PHOTO-2021-12-15-21-05-20.jpg\"\n                    width=\"240\"\n                    height=\"160\"\n                    style=\"max-width:100%;\"\n                \/>\n            <\/a>\n        <\/div>\n\t\t\t\t\t\t\t<\/div> \n\t\t\t\n\t\t\t\t<div id=\"ngg-image-20\" class=\"ngg-gallery-thumbnail-box \" >\n\t\t\t\t        <div class=\"ngg-gallery-thumbnail\">\n            <a href=\"https:\/\/old.atletikaolomouc.cz\/wp-content\/gallery\/vanocni-hala-pripravek-a-skolicek\/PHOTO-2021-12-11-09-07-17-2.jpg\"\n               title=\"\"\n               data-src=\"https:\/\/old.atletikaolomouc.cz\/wp-content\/gallery\/vanocni-hala-pripravek-a-skolicek\/PHOTO-2021-12-11-09-07-17-2.jpg\"\n               data-thumbnail=\"https:\/\/old.atletikaolomouc.cz\/wp-content\/gallery\/vanocni-hala-pripravek-a-skolicek\/thumbs\/thumbs_PHOTO-2021-12-11-09-07-17-2.jpg\"\n               data-image-id=\"16717\"\n               data-title=\"PHOTO-2021-12-11-09-07-17-2\"\n               data-description=\"\"\n               data-image-slug=\"photo-2021-12-11-09-07-17-2\"\n               class=\"ngg-simplelightbox\" rel=\"cb85b3d18fd949d93213346e4e01e4c9\">\n                <img\n                    title=\"PHOTO-2021-12-11-09-07-17-2\"\n                    alt=\"PHOTO-2021-12-11-09-07-17-2\"\n                    src=\"https:\/\/old.atletikaolomouc.cz\/wp-content\/gallery\/vanocni-hala-pripravek-a-skolicek\/thumbs\/thumbs_PHOTO-2021-12-11-09-07-17-2.jpg\"\n                    width=\"240\"\n                    height=\"160\"\n                    style=\"max-width:100%;\"\n                \/>\n            <\/a>\n        <\/div>\n\t\t\t\t\t\t\t<\/div> \n\t\t\t\n\t\t\t\t<div id=\"ngg-image-21\" class=\"ngg-gallery-thumbnail-box \" >\n\t\t\t\t        <div class=\"ngg-gallery-thumbnail\">\n            <a href=\"https:\/\/old.atletikaolomouc.cz\/wp-content\/gallery\/vanocni-hala-pripravek-a-skolicek\/PHOTO-2021-12-11-09-07-17-3.jpg\"\n               title=\"\"\n               data-src=\"https:\/\/old.atletikaolomouc.cz\/wp-content\/gallery\/vanocni-hala-pripravek-a-skolicek\/PHOTO-2021-12-11-09-07-17-3.jpg\"\n               data-thumbnail=\"https:\/\/old.atletikaolomouc.cz\/wp-content\/gallery\/vanocni-hala-pripravek-a-skolicek\/thumbs\/thumbs_PHOTO-2021-12-11-09-07-17-3.jpg\"\n               data-image-id=\"16718\"\n               data-title=\"PHOTO-2021-12-11-09-07-17-3\"\n               data-description=\"\"\n               data-image-slug=\"photo-2021-12-11-09-07-17-3\"\n               class=\"ngg-simplelightbox\" rel=\"cb85b3d18fd949d93213346e4e01e4c9\">\n                <img\n                    title=\"PHOTO-2021-12-11-09-07-17-3\"\n                    alt=\"PHOTO-2021-12-11-09-07-17-3\"\n                    src=\"https:\/\/old.atletikaolomouc.cz\/wp-content\/gallery\/vanocni-hala-pripravek-a-skolicek\/thumbs\/thumbs_PHOTO-2021-12-11-09-07-17-3.jpg\"\n                    width=\"240\"\n                    height=\"160\"\n                    style=\"max-width:100%;\"\n                \/>\n            <\/a>\n        <\/div>\n\t\t\t\t\t\t\t<\/div> \n\t\t\t\n\t\t\t\t<div id=\"ngg-image-22\" class=\"ngg-gallery-thumbnail-box \" >\n\t\t\t\t        <div class=\"ngg-gallery-thumbnail\">\n            <a href=\"https:\/\/old.atletikaolomouc.cz\/wp-content\/gallery\/vanocni-hala-pripravek-a-skolicek\/PHOTO-2021-12-11-09-07-17-4.jpg\"\n               title=\"\"\n               data-src=\"https:\/\/old.atletikaolomouc.cz\/wp-content\/gallery\/vanocni-hala-pripravek-a-skolicek\/PHOTO-2021-12-11-09-07-17-4.jpg\"\n               data-thumbnail=\"https:\/\/old.atletikaolomouc.cz\/wp-content\/gallery\/vanocni-hala-pripravek-a-skolicek\/thumbs\/thumbs_PHOTO-2021-12-11-09-07-17-4.jpg\"\n               data-image-id=\"16719\"\n               data-title=\"PHOTO-2021-12-11-09-07-17-4\"\n               data-description=\"\"\n               data-image-slug=\"photo-2021-12-11-09-07-17-4\"\n               class=\"ngg-simplelightbox\" rel=\"cb85b3d18fd949d93213346e4e01e4c9\">\n                <img\n                    title=\"PHOTO-2021-12-11-09-07-17-4\"\n                    alt=\"PHOTO-2021-12-11-09-07-17-4\"\n                    src=\"https:\/\/old.atletikaolomouc.cz\/wp-content\/gallery\/vanocni-hala-pripravek-a-skolicek\/thumbs\/thumbs_PHOTO-2021-12-11-09-07-17-4.jpg\"\n                    width=\"240\"\n                    height=\"160\"\n                    style=\"max-width:100%;\"\n                \/>\n            <\/a>\n        <\/div>\n\t\t\t\t\t\t\t<\/div> \n\t\t\t\n\t\t\t\t<div id=\"ngg-image-23\" class=\"ngg-gallery-thumbnail-box \" >\n\t\t\t\t        <div class=\"ngg-gallery-thumbnail\">\n            <a href=\"https:\/\/old.atletikaolomouc.cz\/wp-content\/gallery\/vanocni-hala-pripravek-a-skolicek\/PHOTO-2021-12-11-09-07-17-5.jpg\"\n               title=\"\"\n               data-src=\"https:\/\/old.atletikaolomouc.cz\/wp-content\/gallery\/vanocni-hala-pripravek-a-skolicek\/PHOTO-2021-12-11-09-07-17-5.jpg\"\n               data-thumbnail=\"https:\/\/old.atletikaolomouc.cz\/wp-content\/gallery\/vanocni-hala-pripravek-a-skolicek\/thumbs\/thumbs_PHOTO-2021-12-11-09-07-17-5.jpg\"\n               data-image-id=\"16720\"\n               data-title=\"PHOTO-2021-12-11-09-07-17-5\"\n               data-description=\"\"\n               data-image-slug=\"photo-2021-12-11-09-07-17-5\"\n               class=\"ngg-simplelightbox\" rel=\"cb85b3d18fd949d93213346e4e01e4c9\">\n                <img\n                    title=\"PHOTO-2021-12-11-09-07-17-5\"\n                    alt=\"PHOTO-2021-12-11-09-07-17-5\"\n                    src=\"https:\/\/old.atletikaolomouc.cz\/wp-content\/gallery\/vanocni-hala-pripravek-a-skolicek\/thumbs\/thumbs_PHOTO-2021-12-11-09-07-17-5.jpg\"\n                    width=\"240\"\n                    height=\"160\"\n                    style=\"max-width:100%;\"\n                \/>\n            <\/a>\n        <\/div>\n\t\t\t\t\t\t\t<\/div> \n\t\t\t\n\t\n\t<br style=\"clear: both\" \/>\n\n\t\n\t\t<!-- Pagination -->\n\t<div class='ngg-navigation'><span class='current'>1<\/span>\n<a class='page-numbers' data-pageid='2' href='https:\/\/old.atletikaolomouc.cz\/index.php\/nggallery\/page\/2?p=32912'>2<\/a>\n<a class='page-numbers' data-pageid='3' href='https:\/\/old.atletikaolomouc.cz\/index.php\/nggallery\/page\/3?p=32912'>3<\/a>\n<a class='prev' href='https:\/\/old.atletikaolomouc.cz\/index.php\/nggallery\/page\/2?p=32912' data-pageid=2>&#9658;<\/a><\/div>\t<\/div>\n\n","protected":false},"excerpt":{"rendered":"<p>Fotodokumentace v\u00e1no\u010dn\u00edch z\u00e1vod\u016f atletick\u00e9 p\u0159\u00edpravky a \u0161koli\u010dky.<\/p>\n","protected":false},"author":14,"featured_media":0,"comment_status":"closed","ping_status":"closed","sticky":false,"template":"","format":"standard","meta":{"ngg_post_thumbnail":0},"categories":[6,65,19],"tags":[],"_links":{"self":[{"href":"https:\/\/old.atletikaolomouc.cz\/index.php?rest_route=\/wp\/v2\/posts\/32912"}],"collection":[{"href":"https:\/\/old.atletikaolomouc.cz\/index.php?rest_route=\/wp\/v2\/posts"}],"about":[{"href":"https:\/\/old.atletikaolomouc.cz\/index.php?rest_route=\/wp\/v2\/types\/post"}],"author":[{"embeddable":true,"href":"https:\/\/old.atletikaolomouc.cz\/index.php?rest_route=\/wp\/v2\/users\/14"}],"replies":[{"embeddable":true,"href":"https:\/\/old.atletikaolomouc.cz\/index.php?rest_route=%2Fwp%2Fv2%2Fcomments&post=32912"}],"version-history":[{"count":2,"href":"https:\/\/old.atletikaolomouc.cz\/index.php?rest_route=\/wp\/v2\/posts\/32912\/revisions"}],"predecessor-version":[{"id":32915,"href":"https:\/\/old.atletikaolomouc.cz\/index.php?rest_route=\/wp\/v2\/posts\/32912\/revisions\/32915"}],"wp:attachment":[{"href":"https:\/\/old.atletikaolomouc.cz\/index.php?rest_route=%2Fwp%2Fv2%2Fmedia&parent=32912"}],"wp:term":[{"taxonomy":"category","embeddable":true,"href":"https:\/\/old.atletikaolomouc.cz\/index.php?rest_route=%2Fwp%2Fv2%2Fcategories&post=32912"},{"taxonomy":"post_tag","embeddable":true,"href":"https:\/\/old.atletikaolomouc.cz\/index.php?rest_route=%2Fwp%2Fv2%2Ftags&post=32912"}],"curies":[{"name":"wp","href":"https:\/\/api.w.org\/{rel}","templated":true}]}}