{"id":32916,"date":"2021-12-20T11:37:56","date_gmt":"2021-12-20T10:37:56","guid":{"rendered":"https:\/\/www.atletikaolomouc.cz\/?p=32916"},"modified":"2021-12-20T11:37:56","modified_gmt":"2021-12-20T10:37:56","slug":"olomoucka-vanocni-hala-2021","status":"publish","type":"post","link":"https:\/\/old.atletikaolomouc.cz\/?p=32916","title":{"rendered":"Olomouck\u00e1 V\u00e1no\u010dn\u00ed hala 2021"},"content":{"rendered":"<div>&nbsp;<\/div>\n<div style=\"text-align: justify;\"><span style=\"color: #000000;\">V sobotu 18.12. prob\u011bhla v Olomouci tradi\u010dn\u00ed V\u00e1no\u010dn\u00ed hala ve vrhu koul\u00ed a v hodu ku\u017eelkou dosp\u011bl\u00fdch a junio\u0159i si zah\u00e1zeli raketkou.<\/span><\/div>\n<p><!--more--><\/p>\n<div style=\"text-align: justify;\"><span style=\"color: #000000;\">Posledn\u00ed mo\u017enost si v tomto roce zaz\u00e1vodit vyu\u017eilo 9 atletek, 9 atlet\u016f a 8 junior\u016f. N\u00e1lada byla opravdu V\u00e1no\u010dn\u00ed nesch\u00e1zel ozdoben\u00fd strome\u010dek a ani V\u00e1no\u010dn\u00ed koledy.<\/span><\/div>\n<div>&nbsp;<\/div>\n<div style=\"text-align: justify;\"><span style=\"color: #000000;\">V\u00fdsledky jsou n\u00e1sleduj\u00edc\u00ed:<\/span><\/div>\n<div style=\"text-align: justify;\"><span style=\"color: #000000;\">Zlato ve vrhu koul\u00ed sed\u00edc\u00edch vybojovala Eva Kacanu, zlato ve vrhu koul\u00ed sed\u00edc\u00edch mu\u017e\u016f Du\u0161an \u0160\u010dambura, t\u011bsn\u011b skon\u010dil na \u010dtvrt\u00e9m m\u00edst\u011b Michal Rotter a \u0161est\u00e9 m\u00edsto vybojoval Luk\u00e1\u0161 Kunc.<\/span><\/div>\n<div style=\"text-align: justify;\"><span style=\"color: #000000;\">V hodu ku\u017eelkou \u017een: st\u0159\u00edbro z\u00edskala Ad\u00e9la Sekyrov\u00e1, bronz Eva Kvapilov\u00e1 a&nbsp;\u010dtvrt\u00e9&nbsp;m\u00edsto brala Jana Hycov\u00e1.<\/span><\/div>\n<div style=\"text-align: justify;\"><span style=\"color: #000000;\">Tak\u00e9 na\u0161e juniorky nezah\u00e1lely a v hodu raketkou si nejl\u00e9pe vedla v kategorii sed\u00edc\u00edch&nbsp; Ad\u00e9lka Dur\u010d\u00e1kov\u00e1, st\u0159\u00edbro z\u00edskala Nikolka S\u00edkorov\u00e1 v kategorii stoj\u00edc\u00edch st\u0159\u00edbro vybojovala Kaja Stratilov\u00e1, bronz K\u00e1ja J\u00e1\u010dov\u00e1.<\/span><\/div>\n<div style=\"text-align: justify;\"><span style=\"color: #000000;\">Mezi juniory zlato vybojoval Martin P\u0159ichystal, kter\u00fd si posunul sv\u00e9 osobn\u00ed maxim o 2 m, kdy raketku poslal do&nbsp;vzd\u00e1lenosti&nbsp;18,59 m, st\u0159\u00edbro Dominik Chur\u00fd, kter\u00fd svou sadu doplnil je\u0161t\u011b o zlato ve vrhu koul\u00ed. Nejmlad\u0161\u00ed \u00fa\u010dastn\u00edk voz\u00ed\u010dk\u00e1\u0159 Mikul\u00e1\u0161 Rak, kter\u00fd m\u011bl svou halovou premi\u00e9ru a i p\u0159esto, \u017ee je t\u011bsn\u011b po nemoci si vedl skv\u011ble, vybojoval sv\u00e9 prvn\u00ed halov\u00e9 zlato.&nbsp;<\/span><\/div>\n<div>&nbsp;<\/div>\n<div><span style=\"color: #000000;\">V\u00fdsledky <a href=\"https:\/\/www.atletikaolomouc.cz\/wp-content\/uploads\/2021\/12\/hala-Olomouc-CZE_2021_12_18.pdf\">zde<\/a>.<\/span><\/div>\n<div style=\"text-align: justify;\"><span style=\"color: #000000;\">V\u0161em d\u011bkujeme za \u00fa\u010dast a gratulujeme k v\u00fdkon\u016fm.<\/span><\/div>\n<div>&nbsp;<\/div>\n<div>\n<div id=\"attachment_32919\" style=\"width: 382px\" class=\"wp-caption aligncenter\"><a href=\"https:\/\/www.atletikaolomouc.cz\/wp-content\/uploads\/2021\/12\/IMG_20211218_123232.jpg\"><img aria-describedby=\"caption-attachment-32919\" decoding=\"async\" loading=\"lazy\" class=\"wp-image-32919\" src=\"https:\/\/www.atletikaolomouc.cz\/wp-content\/uploads\/2021\/12\/IMG_20211218_123232.jpg\" alt=\"\" width=\"372\" height=\"278\" srcset=\"https:\/\/old.atletikaolomouc.cz\/wp-content\/uploads\/2021\/12\/IMG_20211218_123232.jpg 759w, https:\/\/old.atletikaolomouc.cz\/wp-content\/uploads\/2021\/12\/IMG_20211218_123232-300x225.jpg 300w\" sizes=\"(max-width: 372px) 100vw, 372px\" \/><\/a><p id=\"caption-attachment-32919\" class=\"wp-caption-text\">Olomou\u010dt\u00ed atleti na V\u00e1no\u010dn\u00ed hale<\/p><\/div>\n<div id=\"attachment_32918\" style=\"width: 381px\" class=\"wp-caption aligncenter\"><a href=\"https:\/\/www.atletikaolomouc.cz\/wp-content\/uploads\/2021\/12\/IMG_20211218_123113.jpg\"><img aria-describedby=\"caption-attachment-32918\" decoding=\"async\" loading=\"lazy\" class=\"wp-image-32918 \" src=\"https:\/\/www.atletikaolomouc.cz\/wp-content\/uploads\/2021\/12\/IMG_20211218_123113.jpg\" alt=\"\" width=\"371\" height=\"276\"><\/a><p id=\"caption-attachment-32918\" class=\"wp-caption-text\">V\u00e1no\u010dn\u00ed hala 2021<\/p><\/div>\n<\/div>\n","protected":false},"excerpt":{"rendered":"<p>&nbsp; V sobotu 18.12. prob\u011bhla v Olomouci tradi\u010dn\u00ed V\u00e1no\u010dn\u00ed hala ve vrhu koul\u00ed a v hodu ku\u017eelkou dosp\u011bl\u00fdch a junio\u0159i si zah\u00e1zeli raketkou.<\/p>\n","protected":false},"author":17,"featured_media":0,"comment_status":"closed","ping_status":"closed","sticky":false,"template":"","format":"standard","meta":{"ngg_post_thumbnail":0},"categories":[48,6],"tags":[],"_links":{"self":[{"href":"https:\/\/old.atletikaolomouc.cz\/index.php?rest_route=\/wp\/v2\/posts\/32916"}],"collection":[{"href":"https:\/\/old.atletikaolomouc.cz\/index.php?rest_route=\/wp\/v2\/posts"}],"about":[{"href":"https:\/\/old.atletikaolomouc.cz\/index.php?rest_route=\/wp\/v2\/types\/post"}],"author":[{"embeddable":true,"href":"https:\/\/old.atletikaolomouc.cz\/index.php?rest_route=\/wp\/v2\/users\/17"}],"replies":[{"embeddable":true,"href":"https:\/\/old.atletikaolomouc.cz\/index.php?rest_route=%2Fwp%2Fv2%2Fcomments&post=32916"}],"version-history":[{"count":1,"href":"https:\/\/old.atletikaolomouc.cz\/index.php?rest_route=\/wp\/v2\/posts\/32916\/revisions"}],"predecessor-version":[{"id":32922,"href":"https:\/\/old.atletikaolomouc.cz\/index.php?rest_route=\/wp\/v2\/posts\/32916\/revisions\/32922"}],"wp:attachment":[{"href":"https:\/\/old.atletikaolomouc.cz\/index.php?rest_route=%2Fwp%2Fv2%2Fmedia&parent=32916"}],"wp:term":[{"taxonomy":"category","embeddable":true,"href":"https:\/\/old.atletikaolomouc.cz\/index.php?rest_route=%2Fwp%2Fv2%2Fcategories&post=32916"},{"taxonomy":"post_tag","embeddable":true,"href":"https:\/\/old.atletikaolomouc.cz\/index.php?rest_route=%2Fwp%2Fv2%2Ftags&post=32916"}],"curies":[{"name":"wp","href":"https:\/\/api.w.org\/{rel}","templated":true}]}}