{"id":32923,"date":"2021-12-22T13:04:39","date_gmt":"2021-12-22T12:04:39","guid":{"rendered":"https:\/\/www.atletikaolomouc.cz\/?p=32923"},"modified":"2021-12-22T13:06:38","modified_gmt":"2021-12-22T12:06:38","slug":"atleticky-klub-olomouc-v-mediich-2021","status":"publish","type":"post","link":"https:\/\/old.atletikaolomouc.cz\/?p=32923","title":{"rendered":"Atletick\u00fd klub Olomouc v m\u00e9di\u00edch 2021"},"content":{"rendered":"<p><!--more--><\/p>\n<table style=\"height: 163px; width: 563px;\">\n<tbody>\n<tr style=\"height: 18px;\">\n<td style=\"height: 18px; width: 277.462px;\"><strong>Olomouck\u00e9 listy<\/strong><\/td>\n<td style=\"height: 18px; width: 270.737px;\"><strong>Olomouck\u00fd kraj<\/strong><\/td>\n<\/tr>\n<tr style=\"height: 22px;\">\n<td style=\"height: 27px; width: 277.462px;\">leden &#8211; <a href=\"https:\/\/www.atletikaolomouc.cz\/wp-content\/uploads\/2021\/12\/202101.cs_.ohl\u00e9dnut\u00ed-za-sez\u00f3nou.pdf\" target=\"_blank\" rel=\"noopener\">Ohl\u00e9dnut\u00ed za sez\u00f3nou 2020<\/a><\/td>\n<td style=\"height: 27px; width: 270.737px;\">prosinec &#8211; <a href=\"https:\/\/www.atletikaolomouc.cz\/wp-content\/uploads\/2021\/12\/Atletick\u00fd-klub-Olomouc-m\u00e1-za-sebou-\u00fasp\u011b\u0161n\u00fd-rok.pdf\" target=\"_blank\" rel=\"noopener\">\u00dasp\u011b\u0161n\u00fd rok 2020<\/a><\/td>\n<\/tr>\n<tr style=\"height: 21px;\">\n<td style=\"height: 19px; width: 277.462px;\">b\u0159ezen &#8211; <a href=\"https:\/\/www.atletikaolomouc.cz\/wp-content\/uploads\/2021\/12\/202103.cs_.Czech-Indoor-Gala.pdf\" target=\"_blank\" rel=\"noopener\">Olomou\u010dt\u00ed atleti na Czech Indoor Gala<\/a><\/td>\n<td style=\"height: 19px; width: 270.737px;\">&nbsp;<\/td>\n<\/tr>\n<tr style=\"height: 36px;\">\n<td style=\"height: 21px; width: 277.462px;\">duben &#8211; <a href=\"https:\/\/www.atletikaolomouc.cz\/wp-content\/uploads\/2021\/12\/202104.cs_.sportovn\u00ed-anketa-Eva.pdf\" target=\"_blank\" rel=\"noopener\">Ocen\u011bn\u00ed ve sportovn\u00ed anket\u011b<\/a><\/td>\n<td style=\"height: 21px; width: 270.737px;\"><strong>TV ZZIP<\/strong><\/td>\n<\/tr>\n<tr style=\"height: 18px;\">\n<td style=\"height: 30px; width: 277.462px;\">kv\u011bten &#8211; <a href=\"https:\/\/www.atletikaolomouc.cz\/wp-content\/uploads\/2021\/12\/202105.cs_.Olomouck\u00e1-20.pdf\" target=\"_blank\" rel=\"noopener\">Olomouck\u00e1 dvac\u00edtka v ch\u016fzi<\/a><\/td>\n<td style=\"height: 30px; width: 270.737px;\">8. \u010dervna &#8211; <a href=\"http:\/\/www.zzip.cz\/?loadsec=mik&amp;loadfile=1136\" target=\"_blank\" rel=\"noopener\">Atleti spolu<\/a> (od 20:12)<\/td>\n<\/tr>\n<tr style=\"height: 18px;\">\n<td style=\"height: 11px; width: 277.462px;\">\u010dervenec &#8211; <a href=\"https:\/\/www.atletikaolomouc.cz\/wp-content\/uploads\/2021\/12\/202107.cs_.ceny-m\u011bsta-Hrabal.pdf\" target=\"_blank\" rel=\"noopener\">Cena m\u011bsta pro Miroslava Hrabala<\/a><\/td>\n<td style=\"height: 11px; width: 270.737px;\">13. \u010dervence &#8211; <a href=\"http:\/\/www.zzip.cz\/?loadsec=mik&amp;loadfile=1146\" target=\"_blank\" rel=\"noopener\">Czech Open 2021<\/a> (od 17:41)<\/td>\n<\/tr>\n<tr style=\"height: 18px;\">\n<td style=\"height: 27px; width: 277.462px;\">srpen &#8211; <a href=\"https:\/\/www.atletikaolomouc.cz\/wp-content\/uploads\/2021\/12\/202108.cs_.Czech-Open.pdf\" target=\"_blank\" rel=\"noopener\">Czech Open 2021<\/a><\/td>\n<td style=\"height: 27px; width: 270.737px;\">&nbsp;<\/td>\n<\/tr>\n<tr style=\"height: 18px;\">\n<td style=\"height: 10px; width: 277.462px;\">\u0159\u00edjen &#8211; <a href=\"https:\/\/www.atletikaolomouc.cz\/wp-content\/uploads\/2021\/12\/202110.cs_.atletky-m\u00ed\u0159\u00ed-mezi-elitu.pdf\" target=\"_blank\" rel=\"noopener\">Dru\u017estvo \u017een vybojovalo extraligu<\/a><\/td>\n<td style=\"height: 10px; width: 270.737px;\">&nbsp;<\/td>\n<\/tr>\n<\/tbody>\n<\/table>\n","protected":false},"excerpt":{"rendered":"","protected":false},"author":14,"featured_media":20660,"comment_status":"closed","ping_status":"closed","sticky":false,"template":"","format":"standard","meta":{"ngg_post_thumbnail":0},"categories":[5,6,37],"tags":[],"_links":{"self":[{"href":"https:\/\/old.atletikaolomouc.cz\/index.php?rest_route=\/wp\/v2\/posts\/32923"}],"collection":[{"href":"https:\/\/old.atletikaolomouc.cz\/index.php?rest_route=\/wp\/v2\/posts"}],"about":[{"href":"https:\/\/old.atletikaolomouc.cz\/index.php?rest_route=\/wp\/v2\/types\/post"}],"author":[{"embeddable":true,"href":"https:\/\/old.atletikaolomouc.cz\/index.php?rest_route=\/wp\/v2\/users\/14"}],"replies":[{"embeddable":true,"href":"https:\/\/old.atletikaolomouc.cz\/index.php?rest_route=%2Fwp%2Fv2%2Fcomments&post=32923"}],"version-history":[{"count":7,"href":"https:\/\/old.atletikaolomouc.cz\/index.php?rest_route=\/wp\/v2\/posts\/32923\/revisions"}],"predecessor-version":[{"id":32938,"href":"https:\/\/old.atletikaolomouc.cz\/index.php?rest_route=\/wp\/v2\/posts\/32923\/revisions\/32938"}],"wp:featuredmedia":[{"embeddable":true,"href":"https:\/\/old.atletikaolomouc.cz\/index.php?rest_route=\/wp\/v2\/media\/20660"}],"wp:attachment":[{"href":"https:\/\/old.atletikaolomouc.cz\/index.php?rest_route=%2Fwp%2Fv2%2Fmedia&parent=32923"}],"wp:term":[{"taxonomy":"category","embeddable":true,"href":"https:\/\/old.atletikaolomouc.cz\/index.php?rest_route=%2Fwp%2Fv2%2Fcategories&post=32923"},{"taxonomy":"post_tag","embeddable":true,"href":"https:\/\/old.atletikaolomouc.cz\/index.php?rest_route=%2Fwp%2Fv2%2Ftags&post=32923"}],"curies":[{"name":"wp","href":"https:\/\/api.w.org\/{rel}","templated":true}]}}