{"id":33113,"date":"2022-02-16T14:54:31","date_gmt":"2022-02-16T13:54:31","guid":{"rendered":"https:\/\/www.atletikaolomouc.cz\/?p=33113"},"modified":"2022-02-16T14:58:54","modified_gmt":"2022-02-16T13:58:54","slug":"hmcr-dorostu-a-junioru-jiz-tuto-sobotu","status":"publish","type":"post","link":"https:\/\/old.atletikaolomouc.cz\/?p=33113","title":{"rendered":"HM\u010cR dorostu a junior\u016f ji\u017e tento v\u00edkend"},"content":{"rendered":"<p style=\"text-align: justify;\">Ostravsk\u00e1 atletick\u00e1 hala bude o nadch\u00e1zej\u00edc\u00edm v\u00edkendu hostit mistrovstv\u00ed \u010cesk\u00e9 republiky junior\u016f, juniorek, dorostenc\u016f a dorostenek. Atletick\u00fd klub Olomouc vy\u0161le do boje o mistrovsk\u00e9 medaile 19 atlet\u016f.<!--more--><\/p>\n<p style=\"text-align: justify;\">Nejvy\u0161\u0161\u00ed tabulkov\u00e9 postaven\u00ed leto\u0161n\u00ed sez\u00f3ny dr\u017e\u00ed hned \u010dtve\u0159ice na\u0161ich atlet\u016f.<\/p>\n<p style=\"text-align: justify;\"><strong>Martina Mazurov\u00e1<\/strong> letos pravideln\u011b ost\u0159eluje letit\u00fd n\u00e1rodn\u00ed rekord ve vrhu koul\u00ed dorostenek. Republikov\u00fdm tabulk\u00e1m neohro\u017een\u011b vl\u00e1dne v\u00fdkonem 16,74 m a k rekordu ji chyb\u00ed p\u0159idat pouh\u00fdch 7 centimetr\u016f.<\/p>\n<p style=\"text-align: justify;\"><strong>Michal Hroch<\/strong> aktu\u00e1ln\u011b kraluje tabulk\u00e1m v b\u011bhu na 1500 metr\u016f. V\u00fdborn\u00fdm zlep\u0161en\u00edm odd\u00edlov\u00e9ho rekordu na 3:54,00 min. pat\u0159\u00ed k favorit\u016fm z\u00e1vodu junior\u016f.<\/p>\n<p style=\"text-align: justify;\">Tak\u00e9 ty\u010dka\u0159&nbsp;<strong>Ji\u0159\u00ed Novotn\u00fd<\/strong>&nbsp;se v leto\u0161n\u00ed halov\u00e9 sez\u00f3n\u011b v\u00fdrazn\u011b v\u00fdkonnostn\u011b zlep\u0161il. Ve skoku o ty\u010di junior\u016f ji\u017e p\u0159ekonal 485 cm. Jirka se tak\u00e9 p\u0159edstav\u00ed ve skoku do d\u00e1lky, kde pokud se tref\u00ed p\u0159esn\u011b na prkno, m\u016f\u017ee p\u0159ekvapit i d\u00e1lka\u0159e specialisty.<\/p>\n<p style=\"text-align: justify;\">S t\u011bmi nejvy\u0161\u0161\u00edmi ambicemi odcestuje do Ostravy tak\u00e9 <strong>Eva Kub\u00ed\u010dkov\u00e1<\/strong>. Eva za\u010dala leto\u0161n\u00ed halovou sez\u00f3ny s mal\u00fdm zpo\u017ed\u011bn\u00edm, av\u0161ak hned v \u00favodn\u00edch z\u00e1vodech prol\u00e9tla opakovan\u011b tra\u0165 na 60 m ve vyrovnan\u00fdch osobn\u00edch, odd\u00edlov\u00fdch a krajsk\u00fdch rekordech v \u010dase 7,47s.&nbsp;<\/p>\n<p style=\"text-align: justify;\">Aspiranty na medaile jsou rovn\u011b\u017e i dal\u0161\u00ed na\u0161i atleti. Jednou z medailov\u00fdch nad\u011bj\u00ed v b\u011bz\u00edch na 1500 a 3000 metr\u016f bude jist\u011b dorostenka <strong>Hana Sk\u00e1celov\u00e1<\/strong>. Tak\u00e9 na\u0161e v\u00fd\u0161ka\u0159sk\u00e1 sekce bude m\u00edt siln\u00e9 zastoupen\u00ed. Ve skoku do v\u00fd\u0161ky juniorek se p\u0159edstav\u00ed <strong>Alena Levkov\u00e1,&nbsp;<\/strong>kter\u00e1 zejm\u00e9na v \u00favodu t\u00e9to halov\u00e9 sez\u00f3ny pravideln\u011b p\u0159edv\u00e1d\u011bla skoky nad \u00farovn\u00ed 170 cm. <strong>Adam Tom\u00e1\u0161ek<\/strong> stabilizoval svou v\u00fdkonnost pohodln\u011b nad 190 cm a jist\u011b se bude cht\u00edt poprat o jednu z medail\u00ed. <strong>Marek K\u00fcnstler&nbsp;<\/strong>dr\u017e\u00ed vysok\u00e9 tabulkov\u00e9 postaven\u00ed v b\u011bhu na 800 metr\u016f junior\u016f. V nevyzpytateln\u00e9m taktick\u00e9m boji na t\u00e9to trati se m\u016f\u017ee st\u00e1t cokoliv.<\/p>\n<p style=\"text-align: justify;\">P\u0159ekvapit budou cht\u00edt tak\u00e9 dal\u0161\u00ed na\u0161i z\u00e1vodn\u00edci. <strong>Vojt\u011bch Hejtm\u00e1nek<\/strong> a <strong>Leondard Los\u00edk<\/strong> se p\u0159edstav\u00ed v b\u011bhu na 60 m p\u0159ek\u00e1\u017eek dorostenc\u016f. Ve sprintu na 60 m se p\u0159edstav\u00ed tak\u00e9 dorostenka <strong>Sofia Delprete<\/strong>, juniorka <strong>Karol\u00edna Zacharov\u00e1<\/strong> a junior <strong>Karel Brychta<\/strong> (Karel tak\u00e9 v b\u011bhu na 200 m). Ve skoku o ty\u010di budeme dr\u017eet palce dorostenci <strong>Martinu Ml\u010dochovi<\/strong> a juniorce <strong>Zuzan\u011b V\u00edtkov\u00e9<\/strong>. V b\u011bz\u00edch na 800 metr\u016f se p\u0159edstav\u00ed junior <strong>Jason Za Nzambi<\/strong> a dorostenec <strong>Filip Coufal<\/strong>.<\/p>\n<p>Na p\u0159\u00edpadnou \u00fa\u010dast na mistrovstv\u00ed mus\u00ed je\u0161t\u011b \u010dekat n\u00e1hradn\u00edci <strong>Eli\u0161ka Zelov\u00e1<\/strong> (60 m p\u0159ek\u00e1\u017eek dorostenek) a <strong>\u0160imon Kika<\/strong> (60 m junior\u016f).<\/p>\n<p style=\"text-align: justify;\">Fandit olomouck\u00fdm atlet\u016fm bude mo\u017en\u00e9 na online streamu z mistrovstv\u00ed na facebooku <a href=\"https:\/\/www.facebook.com\/JsemAtlet\">Jsem Atlet.<\/a><\/p>\n<p style=\"text-align: justify;\">Propozice mistrovstv\u00ed, \u010dasov\u00fd po\u0159ad a statistiky naleznete na <a href=\"https:\/\/www.atletika.cz\/zaostreno-na\/hmcr-junioru-a-dorostu-20221\/\">webu \u010cAS.<\/a>&nbsp;<\/p>\n<p style=\"text-align: justify;\">Dr\u017ete na\u0161im atlet\u016fm palce.<\/p>\n","protected":false},"excerpt":{"rendered":"<p>Ostravsk\u00e1 atletick\u00e1 hala bude o nadch\u00e1zej\u00edc\u00edm v\u00edkendu hostit mistrovstv\u00ed \u010cesk\u00e9 republiky junior\u016f, juniorek, dorostenc\u016f a dorostenek. Atletick\u00fd klub Olomouc vy\u0161le do boje o mistrovsk\u00e9 medaile 19 atlet\u016f.<\/p>\n","protected":false},"author":10,"featured_media":33114,"comment_status":"closed","ping_status":"closed","sticky":false,"template":"","format":"standard","meta":{"ngg_post_thumbnail":0},"categories":[5,6,37],"tags":[],"_links":{"self":[{"href":"https:\/\/old.atletikaolomouc.cz\/index.php?rest_route=\/wp\/v2\/posts\/33113"}],"collection":[{"href":"https:\/\/old.atletikaolomouc.cz\/index.php?rest_route=\/wp\/v2\/posts"}],"about":[{"href":"https:\/\/old.atletikaolomouc.cz\/index.php?rest_route=\/wp\/v2\/types\/post"}],"author":[{"embeddable":true,"href":"https:\/\/old.atletikaolomouc.cz\/index.php?rest_route=\/wp\/v2\/users\/10"}],"replies":[{"embeddable":true,"href":"https:\/\/old.atletikaolomouc.cz\/index.php?rest_route=%2Fwp%2Fv2%2Fcomments&post=33113"}],"version-history":[{"count":3,"href":"https:\/\/old.atletikaolomouc.cz\/index.php?rest_route=\/wp\/v2\/posts\/33113\/revisions"}],"predecessor-version":[{"id":33117,"href":"https:\/\/old.atletikaolomouc.cz\/index.php?rest_route=\/wp\/v2\/posts\/33113\/revisions\/33117"}],"wp:featuredmedia":[{"embeddable":true,"href":"https:\/\/old.atletikaolomouc.cz\/index.php?rest_route=\/wp\/v2\/media\/33114"}],"wp:attachment":[{"href":"https:\/\/old.atletikaolomouc.cz\/index.php?rest_route=%2Fwp%2Fv2%2Fmedia&parent=33113"}],"wp:term":[{"taxonomy":"category","embeddable":true,"href":"https:\/\/old.atletikaolomouc.cz\/index.php?rest_route=%2Fwp%2Fv2%2Fcategories&post=33113"},{"taxonomy":"post_tag","embeddable":true,"href":"https:\/\/old.atletikaolomouc.cz\/index.php?rest_route=%2Fwp%2Fv2%2Ftags&post=33113"}],"curies":[{"name":"wp","href":"https:\/\/api.w.org\/{rel}","templated":true}]}}