{"id":33121,"date":"2022-02-21T10:30:48","date_gmt":"2022-02-21T09:30:48","guid":{"rendered":"https:\/\/www.atletikaolomouc.cz\/?p=33121"},"modified":"2022-02-21T10:33:39","modified_gmt":"2022-02-21T09:33:39","slug":"5-medaili-a-dva-rekordy-mistrovstvi-na-halovem-mcr-mladeze","status":"publish","type":"post","link":"https:\/\/old.atletikaolomouc.cz\/?p=33121","title":{"rendered":"5 medail\u00ed a dva rekordy mistrovstv\u00ed na halov\u00e9m M\u010cR ml\u00e1de\u017ee"},"content":{"rendered":"<p style=\"text-align: justify;\">Ostravsk\u00e1 atletick\u00e1 hala hostila ji\u017e tradi\u010dn\u011b vrchol dom\u00e1c\u00ed ml\u00e1de\u017enick\u00e9 halov\u00e9 sez\u00f3ny. Na halov\u00e9m mistrovstv\u00ed \u010cesk\u00e9 republiky dorostu, dorostenek, junior\u016f a juniorek&nbsp; vybojovali z\u00e1vodn\u00edci Atletick\u00e9ho klubu Olomouc celkem 5 mistrovsk\u00fdch medail\u00ed a dal\u0161\u00edch 6 fin\u00e1lov\u00fdch um\u00edst\u011bn\u00ed.<!--more--><\/p>\n<p style=\"text-align: justify;\">V pr\u016fb\u011bhu prvn\u00edho dne \u0161ampion\u00e1tu n\u00e1s pot\u011b\u0161ila&nbsp;<strong>Martina Mazurov\u00e1<\/strong>. Dal\u0161\u00ed \u00fasp\u011b\u0161n\u00e1 \u010dlenka olomouck\u00e9 vrha\u010dsk\u00e9 \u0161koly tren\u00e9ra Viktora Znojila je leto\u0161n\u00ed jasnou jedni\u010dkou dorostenek ve vrhu koul\u00ed. Svou dominanci op\u011bt potvrdila i na tomto mistrovstv\u00ed, kdy\u017e by v\u0161emi sv\u00fdmi m\u011b\u0159en\u00fdmi pokusy s p\u0159ehledem zv\u00edt\u011bzila. Nakonec v\u00fdkonem 16,51 m. p\u0159ekonala historick\u00e9 maximum mistrovstv\u00ed a zv\u00edt\u011bzila o v\u00edce ne\u017e 2 metry.<\/p>\n<div id=\"attachment_33122\" style=\"width: 670px\" class=\"wp-caption aligncenter\"><a href=\"https:\/\/www.atletikaolomouc.cz\/wp-content\/uploads\/2022\/02\/Photo-19.02.2022-10-43-47.jpg\"><img aria-describedby=\"caption-attachment-33122\" decoding=\"async\" loading=\"lazy\" class=\"wp-image-33122 size-large\" src=\"https:\/\/www.atletikaolomouc.cz\/wp-content\/uploads\/2022\/02\/Photo-19.02.2022-10-43-47-800x533.jpg\" alt=\"\" width=\"660\" height=\"440\" srcset=\"https:\/\/old.atletikaolomouc.cz\/wp-content\/uploads\/2022\/02\/Photo-19.02.2022-10-43-47-800x533.jpg 800w, https:\/\/old.atletikaolomouc.cz\/wp-content\/uploads\/2022\/02\/Photo-19.02.2022-10-43-47-300x200.jpg 300w, https:\/\/old.atletikaolomouc.cz\/wp-content\/uploads\/2022\/02\/Photo-19.02.2022-10-43-47-768x512.jpg 768w, https:\/\/old.atletikaolomouc.cz\/wp-content\/uploads\/2022\/02\/Photo-19.02.2022-10-43-47-385x258.jpg 385w\" sizes=\"(max-width: 660px) 100vw, 660px\" \/><\/a><p id=\"caption-attachment-33122\" class=\"wp-caption-text\">Martina Mazurov\u00e1<\/p><\/div>\n<p style=\"text-align: justify;\">V b\u011bhu na 60 metr\u016f juniorek se dokonce ot\u0159\u00e1sal \u010desk\u00fd rekord. <strong>Eva Kub\u00ed\u010dkov\u00e1<\/strong> senza\u010dn\u00edm zp\u016fsobem vylep\u0161ila vlastn\u00ed odd\u00edlov\u00fd rekord na \u010das 7,37 s. a k p\u0159ekon\u00e1n\u00ed \u010desk\u00e9ho juniorsk\u00e9ho maxima chyb\u011blo pouh\u00fdch 0,01 s. Eva alespo\u0148 p\u0159ekonala 28 let star\u00fd rekord HM\u010cR a s velk\u00fdm n\u00e1skokem brala sv\u016fj premi\u00e9rov\u00fd titul Mistryn\u011b \u010cR v b\u011bhu na 60 metr\u016f.<\/p>\n<div id=\"attachment_33123\" style=\"width: 410px\" class=\"wp-caption aligncenter\"><a href=\"https:\/\/www.atletikaolomouc.cz\/wp-content\/uploads\/2022\/02\/Photo-20.02.2022-17-48-36.jpg\"><img aria-describedby=\"caption-attachment-33123\" decoding=\"async\" loading=\"lazy\" class=\"wp-image-33123 size-large\" src=\"https:\/\/www.atletikaolomouc.cz\/wp-content\/uploads\/2022\/02\/Photo-20.02.2022-17-48-36-400x600.jpg\" alt=\"\" width=\"400\" height=\"600\" srcset=\"https:\/\/old.atletikaolomouc.cz\/wp-content\/uploads\/2022\/02\/Photo-20.02.2022-17-48-36-400x600.jpg 400w, https:\/\/old.atletikaolomouc.cz\/wp-content\/uploads\/2022\/02\/Photo-20.02.2022-17-48-36-200x300.jpg 200w, https:\/\/old.atletikaolomouc.cz\/wp-content\/uploads\/2022\/02\/Photo-20.02.2022-17-48-36-768x1152.jpg 768w, https:\/\/old.atletikaolomouc.cz\/wp-content\/uploads\/2022\/02\/Photo-20.02.2022-17-48-36.jpg 1170w\" sizes=\"(max-width: 400px) 100vw, 400px\" \/><\/a><p id=\"caption-attachment-33123\" class=\"wp-caption-text\">Eva Kub\u00ed\u010dkov\u00e1<\/p><\/div>\n<p style=\"text-align: justify;\">Dal\u0161\u00ed medaili z prvn\u00edho dne \u0161ampion\u00e1tu p\u0159idala do sb\u00edrky na\u0161eho klubu&nbsp;<strong>Alena Levkov\u00e1<\/strong> ve skoku do v\u00fd\u0161ky juniorek. V nap\u00ednav\u00e9 a vyrovnan\u00e9 sout\u011b\u017ei brala za v\u00fdkon 172 cm st\u0159\u00edbrnou medaili.<\/p>\n<div id=\"attachment_33124\" style=\"width: 670px\" class=\"wp-caption aligncenter\"><a href=\"https:\/\/www.atletikaolomouc.cz\/wp-content\/uploads\/2022\/02\/Photo-19.02.2022-18-12-39.jpg\"><img aria-describedby=\"caption-attachment-33124\" decoding=\"async\" loading=\"lazy\" class=\"wp-image-33124 size-large\" src=\"https:\/\/www.atletikaolomouc.cz\/wp-content\/uploads\/2022\/02\/Photo-19.02.2022-18-12-39-800x600.jpg\" alt=\"\" width=\"660\" height=\"495\" srcset=\"https:\/\/old.atletikaolomouc.cz\/wp-content\/uploads\/2022\/02\/Photo-19.02.2022-18-12-39-800x600.jpg 800w, https:\/\/old.atletikaolomouc.cz\/wp-content\/uploads\/2022\/02\/Photo-19.02.2022-18-12-39-300x225.jpg 300w, https:\/\/old.atletikaolomouc.cz\/wp-content\/uploads\/2022\/02\/Photo-19.02.2022-18-12-39-768x576.jpg 768w\" sizes=\"(max-width: 660px) 100vw, 660px\" \/><\/a><p id=\"caption-attachment-33124\" class=\"wp-caption-text\">Alena Levkov\u00e1 s tren\u00e9rkou Tatj\u00e1nou Jerou\u0161kovou<\/p><\/div>\n<p>Druh\u00fd den mistrovstv\u00ed p\u0159idali na\u0161i atleti dal\u0161\u00ed dv\u011b medaile. V nabit\u00e9 sout\u011b\u017ei skoku o ty\u010di junior\u016f vybojoval <strong>Ji\u0159\u00ed Novotn\u00fd<\/strong> bronzovou medaili za v\u00fdkon 462 cm.<\/p>\n<div id=\"attachment_33125\" style=\"width: 670px\" class=\"wp-caption aligncenter\"><a href=\"https:\/\/www.atletikaolomouc.cz\/wp-content\/uploads\/2022\/02\/Photo-20.02.2022-12-28-54.jpg\"><img aria-describedby=\"caption-attachment-33125\" decoding=\"async\" loading=\"lazy\" class=\"size-large wp-image-33125\" src=\"https:\/\/www.atletikaolomouc.cz\/wp-content\/uploads\/2022\/02\/Photo-20.02.2022-12-28-54-800x600.jpg\" alt=\"\" width=\"660\" height=\"495\" srcset=\"https:\/\/old.atletikaolomouc.cz\/wp-content\/uploads\/2022\/02\/Photo-20.02.2022-12-28-54-800x600.jpg 800w, https:\/\/old.atletikaolomouc.cz\/wp-content\/uploads\/2022\/02\/Photo-20.02.2022-12-28-54-300x225.jpg 300w, https:\/\/old.atletikaolomouc.cz\/wp-content\/uploads\/2022\/02\/Photo-20.02.2022-12-28-54-768x576.jpg 768w\" sizes=\"(max-width: 660px) 100vw, 660px\" \/><\/a><p id=\"caption-attachment-33125\" class=\"wp-caption-text\">Ji\u0159\u00ed Novotn\u00fd s tren\u00e9rem Michalem Valentou<\/p><\/div>\n<p>V jedn\u00e9 z posledn\u00edch discipl\u00edn programu \u0161ampion\u00e1tu vybojoval <strong>Michal Hroch<\/strong> bronzovou medaili v b\u011bhu na 1500 metr\u016f junior\u016f za \u010das 3:59,34s.<\/p>\n<div id=\"attachment_33126\" style=\"width: 571px\" class=\"wp-caption aligncenter\"><a href=\"https:\/\/www.atletikaolomouc.cz\/wp-content\/uploads\/2022\/02\/Photo-20.02.2022-17-17-53.jpg\"><img aria-describedby=\"caption-attachment-33126\" decoding=\"async\" loading=\"lazy\" class=\"size-large wp-image-33126\" src=\"https:\/\/www.atletikaolomouc.cz\/wp-content\/uploads\/2022\/02\/Photo-20.02.2022-17-17-53-561x600.jpg\" alt=\"\" width=\"561\" height=\"600\" srcset=\"https:\/\/old.atletikaolomouc.cz\/wp-content\/uploads\/2022\/02\/Photo-20.02.2022-17-17-53-561x600.jpg 561w, https:\/\/old.atletikaolomouc.cz\/wp-content\/uploads\/2022\/02\/Photo-20.02.2022-17-17-53-280x300.jpg 280w, https:\/\/old.atletikaolomouc.cz\/wp-content\/uploads\/2022\/02\/Photo-20.02.2022-17-17-53.jpg 711w\" sizes=\"(max-width: 561px) 100vw, 561px\" \/><\/a><p id=\"caption-attachment-33126\" class=\"wp-caption-text\">Michal Hroch<\/p><\/div>\n<p style=\"text-align: justify;\">Na\u0161i atleti vybojovali dal\u0161\u00edch 6 um\u00edst\u011bn\u00ed do 8. m\u00edsta. Velkou porci sm\u016fly si vybrala dorostenka<strong> Hana Sk\u00e1celov\u00e1<\/strong>. V b\u011bz\u00edch na 3000 a 1500 metr\u016f byla v\u017edy t\u011bsn\u011b pod stupni v\u00edt\u011bz\u016f a brala 4. p\u0159\u00ed\u010dky. Junior <strong>Ji\u0159\u00ed Novotn\u00fd<\/strong> k \u00fasp\u011bchu ve skoku o ty\u010di p\u0159idal dal\u0161\u00ed v\u00fdborn\u00e9 um\u00edst\u011bn\u00ed ve skoku do d\u00e1lky. P\u0159ekon\u00e1n\u00edm osobn\u00edho rekordu bral v\u00fdkonem 6,96 cm 5. m\u00edsto. Na 7. m\u00edst\u011b v na\u0161lapan\u00e9 sout\u011b\u017ei skoku do v\u00fd\u0161ky junior\u016f skon\u010dil za 187 cm <strong>Adam Tom\u00e1\u0161ek<\/strong>. 7. m\u00edsto pro AK Olomouc p\u0159idal tak\u00e9 <strong>Marek K\u00fcnstler<\/strong> v b\u011bhu na 800 metr\u016f junior\u016f. Sprinterka <strong>Sofia Delprete<\/strong> se poprv\u00e9 v kari\u00e9\u0159e probojovala do fin\u00e1le M\u010cR a vylep\u0161en\u00edm osobn\u00edho maxima v b\u011bhu na 60 metr\u016f skon\u010dila \u010dasem 7,91 s. na 8 m\u00edst\u011b.<\/p>\n<p><a href=\"https:\/\/online.atletika.cz\/vysledky\/51237\">Kompletn\u00ed v\u00fdsledky Mistrovstv\u00ed.<\/a><\/p>\n<p>V\u00fdsledky atlet\u016f AK Olomouc:<a href=\"https:\/\/www.atletikaolomouc.cz\/wp-content\/uploads\/2022\/02\/v\u00fdsledky.jpg\"><img decoding=\"async\" loading=\"lazy\" class=\"aligncenter size-large wp-image-33127\" src=\"https:\/\/www.atletikaolomouc.cz\/wp-content\/uploads\/2022\/02\/v\u00fdsledky-530x600.jpg\" alt=\"\" width=\"530\" height=\"600\" srcset=\"https:\/\/old.atletikaolomouc.cz\/wp-content\/uploads\/2022\/02\/v\u00fdsledky-530x600.jpg 530w, https:\/\/old.atletikaolomouc.cz\/wp-content\/uploads\/2022\/02\/v\u00fdsledky-265x300.jpg 265w, https:\/\/old.atletikaolomouc.cz\/wp-content\/uploads\/2022\/02\/v\u00fdsledky.jpg 741w\" sizes=\"(max-width: 530px) 100vw, 530px\" \/><\/a><\/p>\n<p><strong>D\u011bkujeme v\u0161em z\u00e1vodn\u00edk\u016fm a tren\u00e9r\u016fm za skv\u011blou reprezentaci AK Olomouc!<\/strong><\/p>\n","protected":false},"excerpt":{"rendered":"<p>Ostravsk\u00e1 atletick\u00e1 hala hostila ji\u017e tradi\u010dn\u011b vrchol dom\u00e1c\u00ed ml\u00e1de\u017enick\u00e9 halov\u00e9 sez\u00f3ny. Na halov\u00e9m mistrovstv\u00ed \u010cesk\u00e9 republiky dorostu, dorostenek, junior\u016f a juniorek&nbsp; vybojovali z\u00e1vodn\u00edci Atletick\u00e9ho klubu Olomouc celkem 5 mistrovsk\u00fdch medail\u00ed a dal\u0161\u00edch 6 fin\u00e1lov\u00fdch um\u00edst\u011bn\u00ed.<\/p>\n","protected":false},"author":10,"featured_media":33128,"comment_status":"closed","ping_status":"closed","sticky":false,"template":"","format":"standard","meta":{"ngg_post_thumbnail":0},"categories":[5,6,37],"tags":[],"_links":{"self":[{"href":"https:\/\/old.atletikaolomouc.cz\/index.php?rest_route=\/wp\/v2\/posts\/33121"}],"collection":[{"href":"https:\/\/old.atletikaolomouc.cz\/index.php?rest_route=\/wp\/v2\/posts"}],"about":[{"href":"https:\/\/old.atletikaolomouc.cz\/index.php?rest_route=\/wp\/v2\/types\/post"}],"author":[{"embeddable":true,"href":"https:\/\/old.atletikaolomouc.cz\/index.php?rest_route=\/wp\/v2\/users\/10"}],"replies":[{"embeddable":true,"href":"https:\/\/old.atletikaolomouc.cz\/index.php?rest_route=%2Fwp%2Fv2%2Fcomments&post=33121"}],"version-history":[{"count":2,"href":"https:\/\/old.atletikaolomouc.cz\/index.php?rest_route=\/wp\/v2\/posts\/33121\/revisions"}],"predecessor-version":[{"id":33131,"href":"https:\/\/old.atletikaolomouc.cz\/index.php?rest_route=\/wp\/v2\/posts\/33121\/revisions\/33131"}],"wp:featuredmedia":[{"embeddable":true,"href":"https:\/\/old.atletikaolomouc.cz\/index.php?rest_route=\/wp\/v2\/media\/33128"}],"wp:attachment":[{"href":"https:\/\/old.atletikaolomouc.cz\/index.php?rest_route=%2Fwp%2Fv2%2Fmedia&parent=33121"}],"wp:term":[{"taxonomy":"category","embeddable":true,"href":"https:\/\/old.atletikaolomouc.cz\/index.php?rest_route=%2Fwp%2Fv2%2Fcategories&post=33121"},{"taxonomy":"post_tag","embeddable":true,"href":"https:\/\/old.atletikaolomouc.cz\/index.php?rest_route=%2Fwp%2Fv2%2Ftags&post=33121"}],"curies":[{"name":"wp","href":"https:\/\/api.w.org\/{rel}","templated":true}]}}