{"id":33152,"date":"2022-03-04T19:26:03","date_gmt":"2022-03-04T18:26:03","guid":{"rendered":"https:\/\/www.atletikaolomouc.cz\/?p=33152"},"modified":"2022-03-21T10:39:19","modified_gmt":"2022-03-21T09:39:19","slug":"valna-hromada-ak-olomouc-z-s-2022","status":"publish","type":"post","link":"https:\/\/old.atletikaolomouc.cz\/?p=33152","title":{"rendered":"Valn\u00e1 hromada AK Olomouc z.s. 2022"},"content":{"rendered":"<p>Ve st\u0159edu 30.3.2022 od 17: 30 hodin prob\u011bhne v klubovn\u011b v 1. pat\u0159e atletick\u00e9 haly valn\u00e1 hromada Atletick\u00e9ho klubu Olomouc.&nbsp;<\/p>\n<p style=\"text-align: center;\"><strong>Atletick\u00fd klub Olomouc z.s.<\/strong><\/p>\n<p style=\"text-align: center;\">P O Z&nbsp;V&nbsp;\u00c1 N K A<\/p>\n<p style=\"text-align: center;\">na volebn\u00ed Valnou hromadu Atletick\u00e9ho klubu Olomouc<\/p>\n<p style=\"text-align: center;\"><strong><u>konanou ve st\u0159edu 30. b\u0159ezna 2022 v klubovn\u011b AK od 17,30 hod.<\/u><\/strong><\/p>\n<p>P r o g r a m&nbsp; :<\/p>\n<ol>\n<li>Zah\u00e1jen\u00ed, schv\u00e1len\u00ed jednac\u00edho a volebn\u00edho \u0159\u00e1du<\/li>\n<li>Schv\u00e1len\u00ed programu valn\u00e9 hromady<\/li>\n<li>Volba p\u0159edsedaj\u00edc\u00edho, mand\u00e1tov\u00e9 komise, n\u00e1vrhov\u00e9 komise a skrut\u00e1tor\u016f<\/li>\n<li>Volba volebn\u00ed komise<\/li>\n<li>Zpr\u00e1va o \u010dinnosti v\u00fdkonn\u00e9ho v\u00fdboru AK<\/li>\n<li>Zpr\u00e1va kontroln\u00ed komise 2021<\/li>\n<li>Zpr\u00e1va o hospoda\u0159en\u00ed za rok 2021<\/li>\n<li>8. N\u00e1vrh rozpo\u010dtu na rok 2022<\/li>\n<li>Zpr\u00e1va mand\u00e1tov\u00e9 komise<\/li>\n<li>10. Volby \u2013 9 \u010dlenn\u00fd v\u00fdkonn\u00fd v\u00fdbor \u2013 3 \u010dlenn\u00e1 kontroln\u00ed komise<\/li>\n<li>Diskuse<\/li>\n<li>N\u00e1vrh usnesen\u00ed VH<\/li>\n<li>Z\u00e1v\u011br<\/li>\n<\/ol>\n<p>P\u0159edseda Atletick\u00e9ho klubu Olomouc jmenuje tajemn\u00edkem volebn\u00ed komise Radka Kopeck\u00e9ho, email: <a href=\"mailto:radek.kopecky@atlas.cz\">radek.kopecky@atlas.cz<\/a> &nbsp;<em>tel: 739&nbsp;313 935<\/em><\/p>\n<p>Podle \u010dl\u00e1nku 4, odst. 1 a 2, volebn\u00edho \u0159\u00e1du valn\u00fdch hromad AK Olomouc:<\/p>\n<ol>\n<li>N\u00e1vrh kandid\u00e1ta je opr\u00e1vn\u011bn podat deleg\u00e1t<br \/>\nvaln\u00e9 hromady (d\u00e1le jen \u201edeleg\u00e1t\u201c)<\/li>\n<li>N\u00e1vrh kandid\u00e1ta se pod\u00e1v\u00e1 tajemn\u00edkovi p\u00edsemn\u011b nejpozd\u011bji 10 dn\u016f p\u0159ed kon\u00e1n\u00edm valn\u00e9 hromady a obsahuje<\/li>\n<\/ol>\n<ol style=\"list-style-type: lower-alpha;\">\n<li>jm\u00e9no a p\u0159\u00edjmen\u00ed kandid\u00e1ta,<\/li>\n<li>funkci, pro kterou je kandid\u00e1t navrhov\u00e1n,<\/li>\n<li>p\u00edsemn\u00fd souhlas kandid\u00e1ta s volbou,<\/li>\n<li>jm\u00e9no nebo n\u00e1zev navrhovatele a<\/li>\n<li>datum a podpis navrhovatele.<\/li>\n<\/ol>\n<p>V&nbsp;Olomouci dne 3.3.2022&nbsp;<\/p>\n<p>David Uhl\u00ed\u0159<br \/>\np\u0159edseda AK Olomouc<\/p>\n<p style=\"text-align: left;\"><a href=\"https:\/\/www.atletikaolomouc.cz\/wp-content\/uploads\/2022\/03\/2022-VH-Jednac\u00ed-\u0159\u00e1d.doc\" target=\"_blank\" rel=\"noopener\">Jednac\u00ed \u0159\u00e1d VH AK Olomouc<\/a><br \/>\n<a href=\"https:\/\/www.atletikaolomouc.cz\/wp-content\/uploads\/2022\/03\/2022-VH-Volebni-\u0159\u00e1d.doc\" target=\"_blank\" rel=\"noopener\">Volebn\u00ed \u0159\u00e1d&nbsp;VH AK Olomouc<\/a><br \/>\n<a href=\"https:\/\/www.atletikaolomouc.cz\/wp-content\/uploads\/2022\/03\/2022-Navrh-kandidata-pro-volby-na__-valne-hromade.doc\" target=\"_blank\" rel=\"noopener\">N\u00e1vrh kandid\u00e1ta pro volby<\/a><\/p>\n","protected":false},"excerpt":{"rendered":"<p>Ve st\u0159edu 30.3.2022 od 17: 30 hodin prob\u011bhne v klubovn\u011b v 1. pat\u0159e atletick\u00e9 haly valn\u00e1 hromada Atletick\u00e9ho klubu Olomouc.&nbsp; Atletick\u00fd klub Olomouc z.s. P O Z&nbsp;V&nbsp;\u00c1 N K A na volebn\u00ed Valnou hromadu Atletick\u00e9ho klubu Olomouc konanou ve st\u0159edu &hellip; <a href=\"https:\/\/old.atletikaolomouc.cz\/?p=33152\">Continue reading <span class=\"meta-nav\">&rarr;<\/span><\/a><\/p>\n","protected":false},"author":4,"featured_media":0,"comment_status":"closed","ping_status":"closed","sticky":false,"template":"","format":"standard","meta":{"ngg_post_thumbnail":0},"categories":[5],"tags":[],"_links":{"self":[{"href":"https:\/\/old.atletikaolomouc.cz\/index.php?rest_route=\/wp\/v2\/posts\/33152"}],"collection":[{"href":"https:\/\/old.atletikaolomouc.cz\/index.php?rest_route=\/wp\/v2\/posts"}],"about":[{"href":"https:\/\/old.atletikaolomouc.cz\/index.php?rest_route=\/wp\/v2\/types\/post"}],"author":[{"embeddable":true,"href":"https:\/\/old.atletikaolomouc.cz\/index.php?rest_route=\/wp\/v2\/users\/4"}],"replies":[{"embeddable":true,"href":"https:\/\/old.atletikaolomouc.cz\/index.php?rest_route=%2Fwp%2Fv2%2Fcomments&post=33152"}],"version-history":[{"count":4,"href":"https:\/\/old.atletikaolomouc.cz\/index.php?rest_route=\/wp\/v2\/posts\/33152\/revisions"}],"predecessor-version":[{"id":33245,"href":"https:\/\/old.atletikaolomouc.cz\/index.php?rest_route=\/wp\/v2\/posts\/33152\/revisions\/33245"}],"wp:attachment":[{"href":"https:\/\/old.atletikaolomouc.cz\/index.php?rest_route=%2Fwp%2Fv2%2Fmedia&parent=33152"}],"wp:term":[{"taxonomy":"category","embeddable":true,"href":"https:\/\/old.atletikaolomouc.cz\/index.php?rest_route=%2Fwp%2Fv2%2Fcategories&post=33152"},{"taxonomy":"post_tag","embeddable":true,"href":"https:\/\/old.atletikaolomouc.cz\/index.php?rest_route=%2Fwp%2Fv2%2Ftags&post=33152"}],"curies":[{"name":"wp","href":"https:\/\/api.w.org\/{rel}","templated":true}]}}