{"id":33162,"date":"2022-03-10T11:41:55","date_gmt":"2022-03-10T10:41:55","guid":{"rendered":"https:\/\/www.atletikaolomouc.cz\/?p=33162"},"modified":"2022-03-10T11:41:55","modified_gmt":"2022-03-10T10:41:55","slug":"6-finalovych-umisteni-na-halovem-mcr-dospelych","status":"publish","type":"post","link":"https:\/\/old.atletikaolomouc.cz\/?p=33162","title":{"rendered":"6 fin\u00e1lov\u00fdch um\u00edst\u011bn\u00ed na halov\u00e9m M\u010cR dosp\u011bl\u00fdch"},"content":{"rendered":"<p style=\"text-align: justify;\">V\u00fdprava na\u0161eho klubu p\u0159ivezla z dom\u00e1c\u00edho halov\u00e9ho \u0161ampion\u00e1tu dosp\u011bl\u00fdch celkem&nbsp; 6 um\u00edst\u011bn\u00ed v elitn\u00ed osmi\u010dce.<!--more--><\/p>\n<p>Mimo fam\u00f3zn\u00edho p\u0159edstaven\u00ed Mistryn\u011b \u010cR a limit\u00e1\u0159ky HMS Evy Kub\u00ed\u010dkov\u00e9, kter\u00e9mu se budeme v\u011bnovat v samostatn\u00e9m \u010dl\u00e1nku, se da\u0159ilo tak\u00e9 dal\u0161\u00edm na\u0161im atlet\u016fm.<\/p>\n<p style=\"text-align: justify;\">V\u00fd\u0161ka\u0159ka <strong>Alena Levkov\u00e1<\/strong>, st\u0159\u00edbrn\u00e1 medailistka z juniorsk\u00e9ho halov\u00e9ho mistrovstv\u00ed \u010cR 2022, dr\u017e\u00ed letos v hale skv\u011blou formu ji\u017e od za\u010d\u00e1tku sez\u00f3ny. Ani na republikov\u00e9m \u0161ampion\u00e1tu mezi dosp\u011bl\u00fdmi se rozhodn\u011b neztratila a <strong>brala vynikaj\u00edc\u00ed<\/strong> <strong>5. m\u00edsto za v\u00fdkon 168 cm<\/strong>.<\/p>\n<p style=\"text-align: justify;\"><strong>Michal Hroch<\/strong> p\u0159idal k leto\u0161n\u00ed bronzov\u00e9 medaili mezi juniory dal\u0161\u00ed skv\u011bl\u00fd \u00fasp\u011bch. V nabit\u00e9m startovn\u00edm poli nejlep\u0161\u00edch m\u00edla\u0159\u016f \u010cR <strong>fini\u0161oval na 5. p\u0159\u00ed\u010dce ve v\u00fdborn\u00e9m v\u00fdkonu 3:54,50 min.<\/strong><\/p>\n<p style=\"text-align: justify;\">Ve velmi vyrovnan\u00e9 sout\u011b\u017ei vrhu koul\u00ed mu\u017e\u016f d\u011blilo <strong>Jakuba H\u00e9\u017eu<\/strong> pouh\u00fdch 36 cm od medailov\u00e9 pozice. N\u00e1\u0161 sil\u00e1k, kter\u00e9ho v lo\u0148sk\u00e9 sez\u00f3n\u011b tr\u00e1pily zdravotn\u00ed probl\u00e9my, bojoval a\u017e do posledn\u00edch pokus\u016f. Nakonec jeho nejdel\u0161\u00ed pokus m\u011b\u0159il <strong>16,30 m a um\u00edstil se na 6. p\u0159\u00ed\u010dce<\/strong>.<\/p>\n<p style=\"text-align: justify;\">Do fin\u00e1le v b\u011bhu na 60 m p\u0159ek\u00e1\u017eek se probojoval tak\u00e9 n\u00e1\u0161 nov\u00fd \u010dlen klubu <strong>Ji\u0159\u00ed Odv\u00e1\u0159ka<\/strong>. Ve fin\u00e1lov\u00e9m z\u00e1vod\u011b si vylep\u0161il leto\u0161n\u00ed nejlep\u0161\u00ed osobn\u00ed v\u00fdkon <strong>\u010dasem 8,27 s. a obsadil 8. p\u0159\u00ed\u010dku.<\/strong><\/p>\n<p style=\"text-align: justify;\">Vicemistryn\u011b \u010cR v p\u011btiboji <strong>Barbora Zatloukalov\u00e1<\/strong> si odsko\u010dila dokon\u010dit \u00fasp\u011b\u0161nou halovou sez\u00f3nu.&nbsp; Na halov\u00e9m M\u010cR dosp\u011bl\u00fdch se p\u0159edstavila ve skoku do d\u00e1lky, v b\u011bhu na 60 m p\u0159ek\u00e1\u017eek a tak\u00e9 ve vrhu koul\u00ed. Nejv\u00edce se j\u00ed da\u0159ilo ve skoku do d\u00e1lky, kde <strong>v\u00fdkonem<\/strong> <strong>568 cm obsadila 8. p\u0159\u00ed\u010dku<\/strong> mezi d\u00e1lka\u0159kami specialistkami.<\/p>\n<p>V\u00fdsledky atlet\u016f AK Olomouc na halov\u00e9m M\u010cR dosp\u011bl\u00fdch 2022:<\/p>\n<p><a href=\"https:\/\/www.atletikaolomouc.cz\/wp-content\/uploads\/2022\/03\/v\u00fdsledky.jpg\"><img decoding=\"async\" loading=\"lazy\" class=\"aligncenter size-full wp-image-33163\" src=\"https:\/\/www.atletikaolomouc.cz\/wp-content\/uploads\/2022\/03\/v\u00fdsledky.jpg\" alt=\"\" width=\"538\" height=\"511\" srcset=\"https:\/\/old.atletikaolomouc.cz\/wp-content\/uploads\/2022\/03\/v\u00fdsledky.jpg 538w, https:\/\/old.atletikaolomouc.cz\/wp-content\/uploads\/2022\/03\/v\u00fdsledky-300x285.jpg 300w\" sizes=\"(max-width: 538px) 100vw, 538px\" \/><\/a><\/p>\n<p><strong>D\u011bkujeme v\u0161em na\u0161im atlet\u016fm za vynikaj\u00edc\u00ed reprezentaci klubu.<\/strong><\/p>\n","protected":false},"excerpt":{"rendered":"<p>V\u00fdprava na\u0161eho klubu p\u0159ivezla z dom\u00e1c\u00edho halov\u00e9ho \u0161ampion\u00e1tu dosp\u011bl\u00fdch celkem&nbsp; 6 um\u00edst\u011bn\u00ed v elitn\u00ed osmi\u010dce.<\/p>\n","protected":false},"author":10,"featured_media":33164,"comment_status":"closed","ping_status":"closed","sticky":false,"template":"","format":"standard","meta":{"ngg_post_thumbnail":0},"categories":[5,6,37],"tags":[],"_links":{"self":[{"href":"https:\/\/old.atletikaolomouc.cz\/index.php?rest_route=\/wp\/v2\/posts\/33162"}],"collection":[{"href":"https:\/\/old.atletikaolomouc.cz\/index.php?rest_route=\/wp\/v2\/posts"}],"about":[{"href":"https:\/\/old.atletikaolomouc.cz\/index.php?rest_route=\/wp\/v2\/types\/post"}],"author":[{"embeddable":true,"href":"https:\/\/old.atletikaolomouc.cz\/index.php?rest_route=\/wp\/v2\/users\/10"}],"replies":[{"embeddable":true,"href":"https:\/\/old.atletikaolomouc.cz\/index.php?rest_route=%2Fwp%2Fv2%2Fcomments&post=33162"}],"version-history":[{"count":2,"href":"https:\/\/old.atletikaolomouc.cz\/index.php?rest_route=\/wp\/v2\/posts\/33162\/revisions"}],"predecessor-version":[{"id":33166,"href":"https:\/\/old.atletikaolomouc.cz\/index.php?rest_route=\/wp\/v2\/posts\/33162\/revisions\/33166"}],"wp:featuredmedia":[{"embeddable":true,"href":"https:\/\/old.atletikaolomouc.cz\/index.php?rest_route=\/wp\/v2\/media\/33164"}],"wp:attachment":[{"href":"https:\/\/old.atletikaolomouc.cz\/index.php?rest_route=%2Fwp%2Fv2%2Fmedia&parent=33162"}],"wp:term":[{"taxonomy":"category","embeddable":true,"href":"https:\/\/old.atletikaolomouc.cz\/index.php?rest_route=%2Fwp%2Fv2%2Fcategories&post=33162"},{"taxonomy":"post_tag","embeddable":true,"href":"https:\/\/old.atletikaolomouc.cz\/index.php?rest_route=%2Fwp%2Fv2%2Ftags&post=33162"}],"curies":[{"name":"wp","href":"https:\/\/api.w.org\/{rel}","templated":true}]}}