{"id":33173,"date":"2022-03-14T17:37:58","date_gmt":"2022-03-14T16:37:58","guid":{"rendered":"https:\/\/www.atletikaolomouc.cz\/?p=33173"},"modified":"2022-03-15T11:30:09","modified_gmt":"2022-03-15T10:30:09","slug":"halove-mistrovstvi-ceske-republiky-v-ostrave","status":"publish","type":"post","link":"https:\/\/old.atletikaolomouc.cz\/?p=33173","title":{"rendered":"Halov\u00e9 Mistrovstv\u00ed \u010cesk\u00e9 republiky v paraatletice"},"content":{"rendered":"<p style=\"text-align: justify;\">V ned\u011bli 13.3. prob\u011bhl I. ro\u010dn\u00edk halov\u00e9ho Mistrovstv\u00ed \u010cesk\u00e9 republiky v Ostrav\u011b<!--more--><\/p>\n<p style=\"text-align: justify;\">V Ostrav\u011b ve V\u00edtkovick\u00e9 atletick\u00e9 hale bylo tuto ned\u011bli plno paraatlet\u016f. Tamn\u00ed klub paraatletiky po\u0159\u00e1dal halov\u00e9 mistrovstv\u00ed republiky. Na\u0161i sv\u011b\u0159enci bojovali ve vrz\u00edch, hodech a b\u011bz\u00edch.<\/p>\n<div id=\"attachment_33177\" style=\"width: 431px\" class=\"wp-caption aligncenter\"><a href=\"https:\/\/www.atletikaolomouc.cz\/wp-content\/uploads\/2022\/03\/IMG_20220313_130654.jpg\"><img aria-describedby=\"caption-attachment-33177\" decoding=\"async\" loading=\"lazy\" class=\"wp-image-33177\" src=\"https:\/\/www.atletikaolomouc.cz\/wp-content\/uploads\/2022\/03\/IMG_20220313_130654.jpg\" alt=\"\" width=\"421\" height=\"316\" srcset=\"https:\/\/old.atletikaolomouc.cz\/wp-content\/uploads\/2022\/03\/IMG_20220313_130654.jpg 4160w, https:\/\/old.atletikaolomouc.cz\/wp-content\/uploads\/2022\/03\/IMG_20220313_130654-300x225.jpg 300w, https:\/\/old.atletikaolomouc.cz\/wp-content\/uploads\/2022\/03\/IMG_20220313_130654-768x576.jpg 768w, https:\/\/old.atletikaolomouc.cz\/wp-content\/uploads\/2022\/03\/IMG_20220313_130654-800x600.jpg 800w\" sizes=\"(max-width: 421px) 100vw, 421px\" \/><\/a><p id=\"caption-attachment-33177\" class=\"wp-caption-text\">Olomouck\u00e1 sestava na HM\u010cR v Ostrav\u011b<\/p><\/div>\n<p style=\"text-align: justify;\">V b\u011bz\u00edch se bl\u00fdskl Jan Mo\u0161t\u011bk (60m, 200m a 400m), tak\u00e9 n\u00e1\u0161 junior Martin P\u0159ichystal nez\u016fstal pozadu a v b\u011bhu na 60m byl t\u011bsn\u011b za Honzou. V b\u011bhu na 400m pak startoval tak\u00e9 Jarda Str\u00e1nsk\u00fd.<br \/>\nMartin, jako junior, se mezi star\u0161\u00edmi atlety neztratil, na c\u00edlov\u00e9 rovince 60m byl t\u0159et\u00ed, prvn\u00ed m\u00edsto obsadil Honza. Ten obsadil m\u00edsto prvn\u00ed na dvoustovce i \u010dtvrtce. Jarda na \u010dtvrtce obsadil \u010dtvrt\u00e9 m\u00edsto.<br \/>\nNa\u0161e juniorky Nikola Sikorov\u00e1 a Ad\u00e9la Dur\u010d\u00e1kov\u00e1 jely j\u00edzdu na 60m na voz\u00edku. Ad\u00e9la si dojela pro st\u0159\u00edbro a Nikola brala bronz.<br \/>\n<a href=\"https:\/\/www.atletikaolomouc.cz\/wp-content\/uploads\/2022\/03\/V\u00fdsledky-b\u011bhy.pdf\">V\u00fdsledky b\u011bhy<\/a>&nbsp;(v\u00fdsledky jsou uvedeny po bodov\u00fdch p\u0159epo\u010dtech dle syst\u00e9mu Raza)<\/p>\n<p style=\"text-align: justify;\">Ve vrz\u00edch bojovali Du\u0161an \u0160\u010dambura a Michal Rotter za sed\u00edc\u00ed. Du\u0161an obsadil druh\u00e9 m\u00edsto, Michal t\u011bsn\u011b za n\u00edm vybojoval bronz.<br \/>\nV kategori\u00edch stoj\u00edc\u00edch vrha\u010d\u016f bojoval Jarda Str\u00e1nsk\u00fd a Dominik Chur\u00fd. Jarda p\u011bkn\u00fdm v\u00fdkonem skon\u010dil \u010dtvrt\u00fd, Dominik byl ve sv\u00e9 kategorii prvn\u00ed.<br \/>\nJunio\u0159i v hodu raketkou bojovali state\u010dn\u011b, nov\u00e1\u010dek Mikul\u00e1\u0161 Rak byl st\u0159\u00edbrn\u00fd, Ad\u00e9la zlat\u00e1 a Nikola st\u0159\u00edbrn\u00e1.<br \/>\n<a href=\"https:\/\/www.atletikaolomouc.cz\/wp-content\/uploads\/2022\/03\/V\u00fdsledky-vrhy.pdf\">V\u00fdsledky vrhy<\/a>&nbsp;(v\u00fdsledky jsou uvedeny po bodov\u00fdch p\u0159epo\u010dtech dle syst\u00e9mu Raza)<\/p>\n<p style=\"text-align: justify;\">V\u0161em atlet\u016fm gratulujeme.<\/p>\n","protected":false},"excerpt":{"rendered":"<p>V ned\u011bli 13.3. prob\u011bhl I. ro\u010dn\u00edk halov\u00e9ho Mistrovstv\u00ed \u010cesk\u00e9 republiky v Ostrav\u011b<\/p>\n","protected":false},"author":17,"featured_media":0,"comment_status":"closed","ping_status":"closed","sticky":false,"template":"","format":"standard","meta":{"ngg_post_thumbnail":0},"categories":[5,48,6],"tags":[],"_links":{"self":[{"href":"https:\/\/old.atletikaolomouc.cz\/index.php?rest_route=\/wp\/v2\/posts\/33173"}],"collection":[{"href":"https:\/\/old.atletikaolomouc.cz\/index.php?rest_route=\/wp\/v2\/posts"}],"about":[{"href":"https:\/\/old.atletikaolomouc.cz\/index.php?rest_route=\/wp\/v2\/types\/post"}],"author":[{"embeddable":true,"href":"https:\/\/old.atletikaolomouc.cz\/index.php?rest_route=\/wp\/v2\/users\/17"}],"replies":[{"embeddable":true,"href":"https:\/\/old.atletikaolomouc.cz\/index.php?rest_route=%2Fwp%2Fv2%2Fcomments&post=33173"}],"version-history":[{"count":5,"href":"https:\/\/old.atletikaolomouc.cz\/index.php?rest_route=\/wp\/v2\/posts\/33173\/revisions"}],"predecessor-version":[{"id":33179,"href":"https:\/\/old.atletikaolomouc.cz\/index.php?rest_route=\/wp\/v2\/posts\/33173\/revisions\/33179"}],"wp:attachment":[{"href":"https:\/\/old.atletikaolomouc.cz\/index.php?rest_route=%2Fwp%2Fv2%2Fmedia&parent=33173"}],"wp:term":[{"taxonomy":"category","embeddable":true,"href":"https:\/\/old.atletikaolomouc.cz\/index.php?rest_route=%2Fwp%2Fv2%2Fcategories&post=33173"},{"taxonomy":"post_tag","embeddable":true,"href":"https:\/\/old.atletikaolomouc.cz\/index.php?rest_route=%2Fwp%2Fv2%2Ftags&post=33173"}],"curies":[{"name":"wp","href":"https:\/\/api.w.org\/{rel}","templated":true}]}}