{"id":33229,"date":"2022-03-17T10:06:42","date_gmt":"2022-03-17T09:06:42","guid":{"rendered":"https:\/\/www.atletikaolomouc.cz\/?p=33229"},"modified":"2022-03-17T10:06:42","modified_gmt":"2022-03-17T09:06:42","slug":"sportovec-olomoucka-2021","status":"publish","type":"post","link":"https:\/\/old.atletikaolomouc.cz\/?p=33229","title":{"rendered":"Sportovec Olomoucka 2021"},"content":{"rendered":"<p>V ob\u0159adn\u00ed s\u00edni olomouck\u00e9 radnice byly dne 16. 3. 2022 slavnostn\u011b vyhl\u00e1\u0161eny v\u00fdsledky 56. ro\u010dn\u00edku ankety Nejlep\u0161\u00ed sportovec Olomoucka. P\u0159i vyhl\u00e1\u0161en\u00ed nejlep\u0161\u00edch sportovc\u016f Olomoucka za rok 2021 byly ocen\u011bny tak\u00e9 atletky AK Olomouc.<!--more--><br \/>\nV kategorii junior\u016f byla na 2. m\u00edst\u011b ocen\u011bna<strong> Eva Kub\u00ed\u010dkov\u00e1<\/strong>. Ev\u010diny \u00fasp\u011bchy 2021:<br \/>\n&#8211; 8. m\u00edsto MS U20 &#8211; 100m<br \/>\n&#8211; 5. m\u00edsto MS U20 &#8211; 4x100m N\u00e1rodn\u00ed rekord<br \/>\n&#8211; 4. m\u00edsto ME U20 &#8211; 4x100m<br \/>\n&#8211; 1. m\u00edsto M\u010cR U23 &#8211; 100m<br \/>\n&#8211; 2. m\u00edsto HM\u010cR &#8211; 60m<br \/>\nEva se slavnostn\u00edho vyhl\u00e1\u0161en\u00ed nemohla z\u00fa\u010dastnit z d\u016fvodu startu na halov\u00e9m mistrovstv\u00ed sv\u011bta.<br \/>\nVe stejn\u00e9 kategorii se mezi 10 nejlep\u0161\u00edch prosadila tak\u00e9 Lucie Mi\u010dunkov\u00e1. Luc\u010diny \u00fasp\u011bchy 2021:<br \/>\n&#8211; 5. m\u00edsto MS U20 &#8211; 4x100m N\u00e1rodn\u00ed rekord<br \/>\n&#8211; semifin\u00e1le MS U20 &#8211; 100m<br \/>\n&#8211; 4. m\u00edsto ME U20 &#8211; 4x100m<br \/>\n&#8211; 1. m\u00edsta M\u010cR U20 &#8211; 100m, 200m<br \/>\n&#8211; 3. m\u00edsta M\u010cR &#8211; 100m, 4x100m<br \/>\nV kategorii dosp\u011bl\u00fdch se mezi TOP 10 prosadila Barbora Zatloukalov\u00e1. Bar\u010diny \u00fasp\u011bchy 2021:<br \/>\n&#8211; 2. m\u00edsto M\u010cR v\u00edceboj<br \/>\n&#8211; 3. m\u00edsto M\u010cR 4x100m<br \/>\nMoc gratulujeme a je\u0161t\u011b jednou d\u011bkujeme za vzornou reprezentaci na\u0161eho klubu.<\/p>\n","protected":false},"excerpt":{"rendered":"<p>V ob\u0159adn\u00ed s\u00edni olomouck\u00e9 radnice byly dne 16. 3. 2022 slavnostn\u011b vyhl\u00e1\u0161eny v\u00fdsledky 56. ro\u010dn\u00edku ankety Nejlep\u0161\u00ed sportovec Olomoucka. P\u0159i vyhl\u00e1\u0161en\u00ed nejlep\u0161\u00edch sportovc\u016f Olomoucka za rok 2021 byly ocen\u011bny tak\u00e9 atletky AK Olomouc.<\/p>\n","protected":false},"author":10,"featured_media":33230,"comment_status":"closed","ping_status":"closed","sticky":false,"template":"","format":"standard","meta":{"ngg_post_thumbnail":0},"categories":[5,6,37],"tags":[],"_links":{"self":[{"href":"https:\/\/old.atletikaolomouc.cz\/index.php?rest_route=\/wp\/v2\/posts\/33229"}],"collection":[{"href":"https:\/\/old.atletikaolomouc.cz\/index.php?rest_route=\/wp\/v2\/posts"}],"about":[{"href":"https:\/\/old.atletikaolomouc.cz\/index.php?rest_route=\/wp\/v2\/types\/post"}],"author":[{"embeddable":true,"href":"https:\/\/old.atletikaolomouc.cz\/index.php?rest_route=\/wp\/v2\/users\/10"}],"replies":[{"embeddable":true,"href":"https:\/\/old.atletikaolomouc.cz\/index.php?rest_route=%2Fwp%2Fv2%2Fcomments&post=33229"}],"version-history":[{"count":1,"href":"https:\/\/old.atletikaolomouc.cz\/index.php?rest_route=\/wp\/v2\/posts\/33229\/revisions"}],"predecessor-version":[{"id":33231,"href":"https:\/\/old.atletikaolomouc.cz\/index.php?rest_route=\/wp\/v2\/posts\/33229\/revisions\/33231"}],"wp:featuredmedia":[{"embeddable":true,"href":"https:\/\/old.atletikaolomouc.cz\/index.php?rest_route=\/wp\/v2\/media\/33230"}],"wp:attachment":[{"href":"https:\/\/old.atletikaolomouc.cz\/index.php?rest_route=%2Fwp%2Fv2%2Fmedia&parent=33229"}],"wp:term":[{"taxonomy":"category","embeddable":true,"href":"https:\/\/old.atletikaolomouc.cz\/index.php?rest_route=%2Fwp%2Fv2%2Fcategories&post=33229"},{"taxonomy":"post_tag","embeddable":true,"href":"https:\/\/old.atletikaolomouc.cz\/index.php?rest_route=%2Fwp%2Fv2%2Ftags&post=33229"}],"curies":[{"name":"wp","href":"https:\/\/api.w.org\/{rel}","templated":true}]}}