{"id":33321,"date":"2022-03-25T15:29:25","date_gmt":"2022-03-25T14:29:25","guid":{"rendered":"https:\/\/www.atletikaolomouc.cz\/?p=33321"},"modified":"2022-03-25T15:33:55","modified_gmt":"2022-03-25T14:33:55","slug":"grand-prix-dubaj-2022","status":"publish","type":"post","link":"https:\/\/old.atletikaolomouc.cz\/?p=33321","title":{"rendered":"Grand prix &#8211; Dubaj 2022"},"content":{"rendered":"<p style=\"text-align: justify;\">World Para Athletics Grand Prix &#8211; Dubaj<!--more--><\/p>\n<p style=\"text-align: justify;\">Reprezentanti \u010cR a olomou\u010dt\u00ed paraatleti-reprezentanti letos poprv\u00e9 z\u00e1vodili na Grand prix v Dubaji.<br \/>\n17.-25.3.2022 hostila Dubaj 13. ro\u010dn\u00edk paraatletick\u00e9ho \u0161ampion\u00e1tu.<\/p>\n<div id=\"attachment_33322\" style=\"width: 444px\" class=\"wp-caption aligncenter\"><a href=\"https:\/\/www.atletikaolomouc.cz\/wp-content\/uploads\/2022\/03\/IMG-20220320-WA0010.jpg\"><img aria-describedby=\"caption-attachment-33322\" decoding=\"async\" loading=\"lazy\" class=\"wp-image-33322 \" src=\"https:\/\/www.atletikaolomouc.cz\/wp-content\/uploads\/2022\/03\/IMG-20220320-WA0010.jpg\" alt=\"\" width=\"434\" height=\"325\" srcset=\"https:\/\/old.atletikaolomouc.cz\/wp-content\/uploads\/2022\/03\/IMG-20220320-WA0010.jpg 2048w, https:\/\/old.atletikaolomouc.cz\/wp-content\/uploads\/2022\/03\/IMG-20220320-WA0010-300x225.jpg 300w, https:\/\/old.atletikaolomouc.cz\/wp-content\/uploads\/2022\/03\/IMG-20220320-WA0010-768x576.jpg 768w, https:\/\/old.atletikaolomouc.cz\/wp-content\/uploads\/2022\/03\/IMG-20220320-WA0010-800x600.jpg 800w\" sizes=\"(max-width: 434px) 100vw, 434px\" \/><\/a><p id=\"caption-attachment-33322\" class=\"wp-caption-text\">\u0160\u010dambura Du\u0161an, Kukla Martin, Kacanu Eva<\/p><\/div>\n<p style=\"text-align: justify;\">Na z\u00e1vody do tepla se vydali na\u0161i atleti ve slo\u017een\u00ed Du\u0161an \u0160\u010dambura, Martin Kukla a Eva Kacanu.<br \/>\nEva sout\u011b\u017eila ve t\u0159ech discipl\u00edn\u00e1ch. Ve <a href=\"https:\/\/www.atletikaolomouc.cz\/wp-content\/uploads\/2022\/03\/Kacannu_koule.pdf\">vrhu koul\u00ed<\/a> ve slou\u010den\u00e9 kategorii se siln\u011bj\u0161\u00edmi soupe\u0159kami poslala kouli do vzd\u00e1lenosti 5,14. V <a href=\"https:\/\/www.atletikaolomouc.cz\/wp-content\/uploads\/2022\/03\/Kacanu_disk.pdf\">hodu diskem<\/a>, op\u011bt ve slou\u010den\u00e9 kategorii vybojovala bronzovou medaili v\u00fdkonem 10,56. Posledn\u00ed discipl\u00ednou byl <a href=\"https:\/\/www.atletikaolomouc.cz\/wp-content\/uploads\/2022\/03\/Kacanu_o\u0161t\u011bp.pdf\">hod o\u0161t\u011bpem<\/a> v\u00fdkonem 8,68.<br \/>\nMartin z\u00e1vodil ve vrhu koul\u00ed a hodu diskem. Prvn\u00ed z\u00e1vod byl ve <a href=\"https:\/\/www.atletikaolomouc.cz\/wp-content\/uploads\/2022\/03\/Kukla_koule.pdf\">vrhu koul\u00ed<\/a>, kde se Martinovi nepovedlo p\u0159ekonat magickou &#8222;des\u00edtku&#8220;, ale i tak 9,82 je p\u011bkn\u00fd v\u00fdsledek. V <a href=\"https:\/\/www.atletikaolomouc.cz\/wp-content\/uploads\/2022\/03\/Kukla_disk.pdf\">hodu diskem<\/a> se pak povedl v\u00fdkon dlouh\u00fd 25,18.<br \/>\nDu\u0161an h\u00e1zel diskem a vrhal koul\u00ed. <a href=\"https:\/\/www.atletikaolomouc.cz\/wp-content\/uploads\/2022\/03\/Scambura_disk.pdf\">Disk<\/a> Du\u0161anovi dol\u00e9tl do vzd\u00e1lenosti 23,95, co\u017e je na za\u010d\u00e1tek sez\u00f3ny velmi dobr\u00fd v\u00fdkon. <a href=\"https:\/\/www.atletikaolomouc.cz\/wp-content\/uploads\/2022\/03\/Scambura_koule.pdf\">Vrh koul\u00ed<\/a> se povedl o n\u011bco l\u00e9pe a v\u00fdsledek p\u0159es osm metr\u016f 8,02 Du\u0161anovi zajistil st\u0159\u00edbrnou medaili.<\/p>\n<p>V\u0161em t\u0159em atlet\u016fm k v\u00fdkon\u016fm gratulujeme a p\u0159ejeme do sez\u00f3ny formu.<\/p>\n<p>V\u00fdsledky najdete po rozkliknut\u00ed jednotliv\u00fdch odkaz\u016f.<\/p>\n","protected":false},"excerpt":{"rendered":"<p>World Para Athletics Grand Prix &#8211; Dubaj<\/p>\n","protected":false},"author":17,"featured_media":0,"comment_status":"closed","ping_status":"closed","sticky":false,"template":"","format":"standard","meta":{"ngg_post_thumbnail":0},"categories":[5,48,6],"tags":[],"_links":{"self":[{"href":"https:\/\/old.atletikaolomouc.cz\/index.php?rest_route=\/wp\/v2\/posts\/33321"}],"collection":[{"href":"https:\/\/old.atletikaolomouc.cz\/index.php?rest_route=\/wp\/v2\/posts"}],"about":[{"href":"https:\/\/old.atletikaolomouc.cz\/index.php?rest_route=\/wp\/v2\/types\/post"}],"author":[{"embeddable":true,"href":"https:\/\/old.atletikaolomouc.cz\/index.php?rest_route=\/wp\/v2\/users\/17"}],"replies":[{"embeddable":true,"href":"https:\/\/old.atletikaolomouc.cz\/index.php?rest_route=%2Fwp%2Fv2%2Fcomments&post=33321"}],"version-history":[{"count":2,"href":"https:\/\/old.atletikaolomouc.cz\/index.php?rest_route=\/wp\/v2\/posts\/33321\/revisions"}],"predecessor-version":[{"id":33331,"href":"https:\/\/old.atletikaolomouc.cz\/index.php?rest_route=\/wp\/v2\/posts\/33321\/revisions\/33331"}],"wp:attachment":[{"href":"https:\/\/old.atletikaolomouc.cz\/index.php?rest_route=%2Fwp%2Fv2%2Fmedia&parent=33321"}],"wp:term":[{"taxonomy":"category","embeddable":true,"href":"https:\/\/old.atletikaolomouc.cz\/index.php?rest_route=%2Fwp%2Fv2%2Fcategories&post=33321"},{"taxonomy":"post_tag","embeddable":true,"href":"https:\/\/old.atletikaolomouc.cz\/index.php?rest_route=%2Fwp%2Fv2%2Ftags&post=33321"}],"curies":[{"name":"wp","href":"https:\/\/api.w.org\/{rel}","templated":true}]}}